{"id":109148,"date":"2021-01-12T05:00:00","date_gmt":"2021-01-12T10:00:00","guid":{"rendered":"https:\/\/linitiative.ca\/International\/comment-vaincre-les-reticences-des-algeriens\/"},"modified":"2021-01-12T05:00:00","modified_gmt":"2021-01-12T10:00:00","slug":"comment-vaincre-les-reticences-des-algeriens","status":"publish","type":"post","link":"https:\/\/linitiative.ca\/International\/comment-vaincre-les-reticences-des-algeriens\/","title":{"rendered":"Comment vaincre les r\u00e9ticences des Alg\u00e9riens ?"},"content":{"rendered":"<div class=\"picture\"><img class=\"lazy\" data-original=\"\/data\/images\/article\/thumbs\/d-comment-vaincre-les-reticences-des-algeriens-a9dd9.jpg\"\/>\n<\/div>\n<p>Avant m\u00eame qu\u2019une date ne soit fix\u00e9e pour le lancement de la vaccination contre le Covid-19, le minist\u00e8re de la Sant\u00e9 compte lancer une campagne de sensibilisation. Il s\u2019agit de convaincre les personnes r\u00e9ticentes des bienfaits de la vaccination, mais surtout de contrecarrer le courant antivaccination. Quels arguments ? Quel langage tenir ? \u00c9l\u00e9ments de r\u00e9ponses avec le Dr Mohamed Yousfi, chef de service des maladies infectieuses \u00e0 l\u2019EPH de Boufarik.<br \/>Nawal Im\u00e8s &#8211; Alger (Le Soir) &#8211; Rarement un sujet n\u2019avait autant divis\u00e9 que la vaccination contre le Covid-19. Des th\u00e8ses et des antith\u00e8ses s\u2019entrechoquent depuis plusieurs mois, cr\u00e9ant davantage de confusion chez les personnes les plus h\u00e9sitantes. Deux courants s\u2019affrontent : ceux qui vantent les m\u00e9rites de la vaccination et ceux qui y voient un danger absolu. Entre les deux, de larges pans d\u2019h\u00e9sitants, ne sachant plus \u00e0 quel saint se vouer.<br \/>C\u2019est dans ce contexte que le minist\u00e8re de la Sant\u00e9 compte lancer une campagne d\u2019information, avant d\u2019entamer la phase de la vaccination. Quel langage tenir ? Le Dr Mohamed Yousfi estime primordial de rappeler que \u00ab ce sont les vaccins qui ont permis d\u2019\u00e9radiquer ou de contr\u00f4ler la majorit\u00e9 des maladies infectieuses.<br \/>Beaucoup de fl\u00e9aux ont disparu gr\u00e2ce \u00e0 cela. La plus grande d\u00e9couverte de l\u2019humanit\u00e9, c\u2019est la vaccination. Il faudrait que ce principe soit ancr\u00e9 dans l\u2019esprit des citoyens pour dire que c\u2019est le vaccin qui nous a permis d\u2019\u00eatre ce qu\u2019on est. L\u2019esp\u00e9rance de vie est \u00e0 78 ans, et c\u2019est aussi gr\u00e2ce \u00e0 l\u2019am\u00e9lioration sanitaire et la vaccination \u00bb.<br \/>Le chef de service des maladies infectieuses de l\u2019EPH de Boufarik ajoute que \u00ab le seul moyen de sortir de cette pand\u00e9mie, c\u2019est le vaccin. C\u2019est la seule solution radicale, sans aucun doute. Cela pour \u00f4ter tout fonds de commerce au lobby antivaccination qui existe m\u00eame parmi le personnel m\u00e9dical, \u00e0 travers le monde \u00bb. Il s\u2019agira, \u00e0 travers cette campagne, de tenter de regagner une confiance quelque peu perdue en le syst\u00e8me de vaccination national apr\u00e8s l\u2019\u00e9pisode de 2017.<br \/>La vaccination contre la rougeole qui avait \u00e9t\u00e9 \u00e0 l\u2019origine du d\u00e9c\u00e8s de nourrissons avait constitu\u00e9 un tournant d\u00e9cisif. Ce qui \u00e9tait inimaginable il y a quelques ann\u00e9es devenait une r\u00e9alit\u00e9 : de nombreux Alg\u00e9riens ont perdu confiance et se posaient d\u00e9sormais la question sur l\u2019opportunit\u00e9 de vacciner ou pas leurs enfants. Il y a quelques ann\u00e9es, la question ne se posait m\u00eame pas : les parents vaccinaient leurs enfants de mani\u00e8re automatique et sans se poser de question. Le courant oppos\u00e9 \u00e0 la vaccination s\u2019est empar\u00e9 de cet incident pour semer le doute dans les esprits. \u00c0 ce sujet, le Dr Yousfi rappelle que \u00ab la rupture de la confiance a commenc\u00e9 avant l\u2019\u00e9pisode malheureux de 2017, avec la floraison des r\u00e9seaux sociaux.<br \/>Le lobby international, relay\u00e9 par des m\u00e9decins, a commenc\u00e9 \u00e0 semer le doute. Malheureusement en 2017, le minist\u00e8re de la Sant\u00e9 ne s\u2019\u00e9tait pas adapt\u00e9 \u00e0 cette donne et il a lanc\u00e9 la campagne de rattrapage du ROR avec les conceptions classiques.<br \/>C\u2019est vrai qu\u2019avant, quand on lan\u00e7ait une campagne de vaccination, il y avait une grande adh\u00e9sion, mais avec le lobby antivaccin, on s\u2019est retrouv\u00e9 avec une catastrophe : la moiti\u00e9 des parents n\u2019avaient pas vaccin\u00e9 leurs enfants et on l\u2019a pay\u00e9 cash : au lieu des 200 cas annuels, on s\u2019\u00e9tait retrouv\u00e9 avec des milliers de cas et des d\u00e9c\u00e8s \u00bb.<br \/>Le Dr Yousfi insiste sur l\u2019importance de la sensibilisation qui doit se faire par des sp\u00e9cialistes et relay\u00e9e par les m\u00e9dias, pour justement dire qu\u2019\u00ab il ne faut pas \u00e9couter les chants des sir\u00e8nes. Tous les vaccins sont efficaces, les publications sont en train de sortir.<br \/>D\u2019autres vaccins arriveront. Les effets secondaires sont g\u00e9rables. Pas d\u2019effets graves. Donc, le bout du tunnel est l\u00e0, mais pour y arriver, les citoyens doivent adh\u00e9rer \u00e0 cette vaccination et ne pas c\u00e9der aux pol\u00e9miques fran\u00e7aises. Nous n\u2019avons pas \u00e0 suivre l\u2019opinion publique fran\u00e7aise \u00bb.<br \/>\u00c0 ceux qui s\u2019\u00e9tonnent que des laboratoires aient pu rapidement trouver un vaccin ou qui d\u00e9nigrent certains vaccins, le chef de service des maladies infectieuses r\u00e9pond que \u00ab les gens ont tendance \u00e0 minimiser tout ce qui vient de l\u2019Inde. On oublie que tous les laboratoires s\u2019approvisionnent en Inde et en Chine, en ce qui concerne la mati\u00e8re premi\u00e8re \u00bb.<br \/>Avant d\u2019ajouter que \u00ab si on a pu avoir un vaccin au bout d\u2019une ann\u00e9e, c\u2019est parce qu\u2019il y a eu beaucoup d\u2019\u00e9changes mais aussi beaucoup d\u2019argent qui a \u00e9t\u00e9 avanc\u00e9. Avant, lorsqu\u2019un laboratoire travaillait sur un vaccin, il le faisait souvent en solo avec ses propres fonds. C\u2019est pour cela que cela n\u00e9cessitait de nombreuses ann\u00e9es avant sa fabrication. L\u00e0, il y a eu 180 \u00e9quipes qui s\u2019y sont int\u00e9ress\u00e9es et beaucoup d\u2019argent a \u00e9t\u00e9 avanc\u00e9 aux laboratoires \u00bb.<br \/>N. I.<\/p>\n<p>Auteur:<br \/>\n<a href=\"https:\/\/www.lesoirdalgerie.com\/actualites\/comment-vaincre-les-reticences-des-algeriens-54532\">Cliquez ici pour lire l&rsquo;article depuis sa source.<\/a><\/p>\n","protected":false},"excerpt":{"rendered":"<p>Avant m\u00eame qu\u2019une date ne soit fix\u00e9e pour le lancement de la vaccination contre le Covid-19, le minist\u00e8re de la Sant\u00e9 compte lancer une campagne de sensibilisation. Il s\u2019agit de convaincre les personnes r\u00e9ticentes des bienfaits de la vaccination, mais surtout de contrecarrer le courant antivaccination. Quels arguments ? Quel langage tenir ? \u00c9l\u00e9ments de [&hellip;]<\/p>\n","protected":false},"author":1741,"featured_media":0,"comment_status":"closed","ping_status":"closed","sticky":false,"template":"","format":"standard","meta":{"fifu_image_url":"","fifu_image_alt":"","footnotes":""},"categories":[73,53],"tags":[],"class_list":["post-109148","post","type-post","status-publish","format-standard","hentry","category-actualite","category-algerie"],"_links":{"self":[{"href":"https:\/\/linitiative.ca\/International\/wp-json\/wp\/v2\/posts\/109148","targetHints":{"allow":["GET"]}}],"collection":[{"href":"https:\/\/linitiative.ca\/International\/wp-json\/wp\/v2\/posts"}],"about":[{"href":"https:\/\/linitiative.ca\/International\/wp-json\/wp\/v2\/types\/post"}],"author":[{"embeddable":true,"href":"https:\/\/linitiative.ca\/International\/wp-json\/wp\/v2\/users\/1741"}],"replies":[{"embeddable":true,"href":"https:\/\/linitiative.ca\/International\/wp-json\/wp\/v2\/comments?post=109148"}],"version-history":[{"count":0,"href":"https:\/\/linitiative.ca\/International\/wp-json\/wp\/v2\/posts\/109148\/revisions"}],"wp:attachment":[{"href":"https:\/\/linitiative.ca\/International\/wp-json\/wp\/v2\/media?parent=109148"}],"wp:term":[{"taxonomy":"category","embeddable":true,"href":"https:\/\/linitiative.ca\/International\/wp-json\/wp\/v2\/categories?post=109148"},{"taxonomy":"post_tag","embeddable":true,"href":"https:\/\/linitiative.ca\/International\/wp-json\/wp\/v2\/tags?post=109148"}],"curies":[{"name":"wp","href":"https:\/\/api.w.org\/{rel}","templated":true}]}}