{"id":109149,"date":"2021-01-12T05:00:00","date_gmt":"2021-01-12T10:00:00","guid":{"rendered":"https:\/\/linitiative.ca\/International\/le-forcing-des-islamistes\/"},"modified":"2021-01-12T05:00:00","modified_gmt":"2021-01-12T10:00:00","slug":"le-forcing-des-islamistes","status":"publish","type":"post","link":"https:\/\/linitiative.ca\/International\/le-forcing-des-islamistes\/","title":{"rendered":"Le forcing des islamistes"},"content":{"rendered":"<p>R\u00e9put\u00e9s pour ne rater aucune des perches que tend le pouvoir, les islamistes ne tiennent point \u00e0 manquer celle inh\u00e9rente au projet d\u2019amendement de la loi \u00e9lectorale, dont le processus vient d\u2019\u00eatre relanc\u00e9 par le chef de l\u2019\u00c9tat, apr\u00e8s une parenth\u00e8se de plusieurs semaines \u00e0 cause de sa maladie.<br \/>M. Kebci &#8211; Alger (Le Soir) &#8211; Les islamistes de tous bords se d\u00e9lestent progressivement de leurs discours abrupts au profit d\u2019un ton beaucoup plus conciliant, ayant le souci permanent de ne jamais rater aucun interstice que c\u00e9derait le pouvoir en place.<br \/>C\u2019est ainsi qu\u2019ils tentent d\u2019accompagner le processus institutionnel engag\u00e9 depuis une ann\u00e9e par le chef de l\u2019\u00c9tat, tout en s\u2019effor\u00e7ant de donner l\u2019impression de n\u2019avoir rien c\u00e9d\u00e9 sur l\u2019essentiel. Ils prennent, ainsi, et par doses hom\u00e9opathiques, leurs distances de leurs pairs de l\u2019opposition et du mouvement populaire, pour s\u2019accrocher \u00e0 la perche que vient de tendre le pouvoir \u00e0 travers le projet d\u2019amendement de la loi portant r\u00e9gime \u00e9lectoral. Car, pour le Mouvement de la soci\u00e9t\u00e9 pour la paix, le Front pour la justice et le d\u00e9veloppement, Nahda et autres appendices, il n\u2019est pas question de conc\u00e9der \u00abplus de sacrifices\u00bb au risque de rater les tout prochains rendez-vous \u00e9lectoraux, surtout que ceux-ci ont de fortes chances de se tenir pr\u00e9cocement, \u00e0 se fier au souhait du chef de l\u2019\u00c9tat de doter le pays d\u2019instances \u00e9lues, en rupture totale avec ce qui a pr\u00e9valu jusqu\u2019ici comme fraude, immixtion de l\u2019argent sale dans l\u2019op\u00e9ration \u00e9lectorale et autres tares. Dans ce cadre, ils multiplient les d\u00e9clarations en vue de signifier leur disponibilit\u00e9 \u00e0 s\u2019inscrire dans la d\u00e9marche du pouvoir, tout en prenant le soin de saupoudrer leurs discours \u00e0 l\u2019endroit de leurs alli\u00e9s d\u2019hier et du mouvement populaire. Leur souci, peser de tout leur poids dans le processus d\u2019amendement du projet de loi portant amendement de la loi \u00e9lectorale, dans la perspective d\u2019\u00e9lections l\u00e9gislatives et locales anticip\u00e9es.<br \/>\u00c0 cet effet, ils plaident pour un \u00abdialogue responsable et s\u00e9rieux concernant la nouvelle loi \u00e9lectorale&#8230;\u00bb. Samedi, le trio islamiste a mis \u00e0 profit la tenue d\u2019une conf\u00e9rence th\u00e9matique sous le th\u00e8me \u00abL\u2019Alg\u00e9rie face aux d\u00e9fis ext\u00e9rieurs\u00bb, pour solder ses comptes avec le Hirak qui, selon lui, a favoris\u00e9 \u00abl\u2019\u00e9mergence des tensions, des adversit\u00e9s, au d\u00e9triment de la concr\u00e9tisation de ses vrais objectifs\u00bb.<br \/>Abderezzak Makri est all\u00e9 encore plus loin, en d\u00e9non\u00e7ant une \u00abprimaut\u00e9 du populisme au d\u00e9triment d\u2019une v\u00e9ritable alternative politique m\u00fbre et op\u00e9rationnelle\u00bb. Un populisme qui a permis l\u2019\u00e9mergence \u00abd\u2019acteurs parachut\u00e9s sans ancrage dans la soci\u00e9t\u00e9, sans parcours militant, sur le terrain des luttes d\u00e9mocratiques\u00bb. Et d\u2019appeler, au bout de ses attaques, \u00e0 la mise en place de \u00abconditions politiques \u00e9conomiques, culturelles et sociales afin de construire des institutions cr\u00e9dibles, dont le moteur serait une comp\u00e9tition politique saine\u00bb. Ceci, \u00e0 travers le lancement d&rsquo;un \u00abdialogue responsable et s\u00e9rieux, concernant la nouvelle loi \u00e9lectorale devant offrir des garanties sur la transparence des \u00e9lections, fixer le calendrier \u00e9lectoral, \u00e9loigner l&rsquo;administration de la gestion des op\u00e9rations \u00e9lectorales\u00bb. Il sera \u00e9galement question de \u00abfaire de la transparence des \u00e9lections une condition de d\u00e9veloppement des partis et un moyen permettant l&rsquo;\u00e9mergence d&rsquo;une classe politique cr\u00e9dible\u00bb.<\/p>\n<p><strong>Le FFS ne veut pas rester en marge<br \/><\/strong>Pour sa part, le Front des forces socialistes tente de se replacer dans cette perspective, lui qui vient de tourner douloureusement la page d\u2019une grave crise existentielle. Son premier secr\u00e9taire national tente depuis quelques semaines de \u00abvendre\u00bb la convention politique nationale que le vieux front de l\u2019opposition propose, une mani\u00e8re subtile de ne pas demeurer en marge d\u2019une recomposition en cours en haut-lieu de la sc\u00e8ne politique nationale. \u00abUn nouveau contrat national que nous allons proposer \u00e0 l\u2019ensemble des acteurs politiques et sociaux, dans l\u2019objectif d\u2019asseoir une vision commune qui pourra garantir au pays d\u2019acc\u00e9der \u00e0 la libert\u00e9 et \u00e0 la d\u00e9mocratie\u00bb, et de \u00abpr\u00e9server l\u2019int\u00e9grit\u00e9 territoriale de notre pays et notre \u00c9tat national qui fait face \u00e0 de multiples dangers et \u00e0 des risques et des p\u00e9rils qui sont r\u00e9els\u00bb, affirmait, en effet, samedi, Youssef Aouchiche. Pour lui, cette initiative a pour objectif de \u00abr\u00e9unir toutes les forces politiques et sociales du pays sans exclusion, pour une solution de sortie de crise, qui soit \u00e0 la hauteur des ambitions des Alg\u00e9riens et pr\u00e9server l\u2019unit\u00e9 et la souverainet\u00e9 de notre \u00c9tat national\u00bb, estimant que la \u00abresponsabilit\u00e9 en tant que parti et en tant que classe politique, que militants et activistes dans la soci\u00e9t\u00e9, est celle d\u2019encadrer le Hirak populaire, et lui donner des prolongements, politique et social, indispensables pour traduire les objectifs pour lesquels s\u2019est soulev\u00e9 ce Hirak\u00bb.<br \/>M. K.<\/p>\n<p>Auteur:<br \/>\n<a href=\"https:\/\/www.lesoirdalgerie.com\/actualites\/le-forcing-des-islamistes-54531\">Cliquez ici pour lire l&rsquo;article depuis sa source.<\/a><\/p>\n","protected":false},"excerpt":{"rendered":"<p>R\u00e9put\u00e9s pour ne rater aucune des perches que tend le pouvoir, les islamistes ne tiennent point \u00e0 manquer celle inh\u00e9rente au projet d\u2019amendement de la loi \u00e9lectorale, dont le processus vient d\u2019\u00eatre relanc\u00e9 par le chef de l\u2019\u00c9tat, apr\u00e8s une parenth\u00e8se de plusieurs semaines \u00e0 cause de sa maladie.M. Kebci &#8211; Alger (Le Soir) &#8211; [&hellip;]<\/p>\n","protected":false},"author":1741,"featured_media":0,"comment_status":"closed","ping_status":"closed","sticky":false,"template":"","format":"standard","meta":{"fifu_image_url":"","fifu_image_alt":"","footnotes":""},"categories":[73,53],"tags":[],"class_list":["post-109149","post","type-post","status-publish","format-standard","hentry","category-actualite","category-algerie"],"_links":{"self":[{"href":"https:\/\/linitiative.ca\/International\/wp-json\/wp\/v2\/posts\/109149","targetHints":{"allow":["GET"]}}],"collection":[{"href":"https:\/\/linitiative.ca\/International\/wp-json\/wp\/v2\/posts"}],"about":[{"href":"https:\/\/linitiative.ca\/International\/wp-json\/wp\/v2\/types\/post"}],"author":[{"embeddable":true,"href":"https:\/\/linitiative.ca\/International\/wp-json\/wp\/v2\/users\/1741"}],"replies":[{"embeddable":true,"href":"https:\/\/linitiative.ca\/International\/wp-json\/wp\/v2\/comments?post=109149"}],"version-history":[{"count":0,"href":"https:\/\/linitiative.ca\/International\/wp-json\/wp\/v2\/posts\/109149\/revisions"}],"wp:attachment":[{"href":"https:\/\/linitiative.ca\/International\/wp-json\/wp\/v2\/media?parent=109149"}],"wp:term":[{"taxonomy":"category","embeddable":true,"href":"https:\/\/linitiative.ca\/International\/wp-json\/wp\/v2\/categories?post=109149"},{"taxonomy":"post_tag","embeddable":true,"href":"https:\/\/linitiative.ca\/International\/wp-json\/wp\/v2\/tags?post=109149"}],"curies":[{"name":"wp","href":"https:\/\/api.w.org\/{rel}","templated":true}]}}