{"id":109150,"date":"2021-01-12T05:00:00","date_gmt":"2021-01-12T10:00:00","guid":{"rendered":"https:\/\/linitiative.ca\/International\/le-sort-du-gouvernement-scelle\/"},"modified":"2021-01-12T05:00:00","modified_gmt":"2021-01-12T10:00:00","slug":"le-sort-du-gouvernement-scelle","status":"publish","type":"post","link":"https:\/\/linitiative.ca\/International\/le-sort-du-gouvernement-scelle\/","title":{"rendered":"Le sort du gouvernement scell\u00e9 ?"},"content":{"rendered":"<p>Le chef de l\u2019\u00c9tat donne l\u2019impression de porter le gouvernement, du moins certains de ses membres, comme un lourd fardeau, tant il est profond\u00e9ment insatisfait de leur action au bout de seulement une ann\u00e9e d\u2019exercice.<br \/>M. Kebci &#8211; Alger (Le Soir) &#8211; Preuve tangible de cette exasp\u00e9ration, Abdelmadjid Tebboune renouvelle son insatisfaction quant \u00e0 l\u2019action de certains membres de l\u2019ex\u00e9cutif, allant jusqu\u2019\u00e0 les montrer du doigt et, cette fois-ci, publiquement.<br \/>C\u2019\u00e9tait avant-hier dimanche au niveau du salon d\u2019honneur de l\u2019a\u00e9roport militaire de Boufarik, o\u00f9 il \u00e9tait en partance pour l\u2019Allemagne \u00e0 l\u2019effet de subir de nouveaux examens et une probable intervention chirurgicale au niveau de son pied droit. Dans une courte allocution devant le pr\u00e9sident du Conseil de la Nation par int\u00e9rim, Salah Goudjil, le pr\u00e9sident de l&rsquo;Assembl\u00e9e populaire nationale (APN), Slimane Chenine, le pr\u00e9sident du Conseil constitutionnel, Kamel Fenniche, le Premier ministre, Abdelaziz Djerad, le g\u00e9n\u00e9ral de corps d\u2019arm\u00e9e, chef d\u2019\u00e9tat-major de l&rsquo;Arm\u00e9e nationale populaire (ANP), Sa\u00efd Chanegriha, et le directeur du cabinet de la pr\u00e9sidence de la R\u00e9publique, Noureddine Baghdad-Da\u00efdj, qui le saluaient avant son d\u00e9part, Abdelmadjid Tebboune a assur\u00e9 que ce retour \u00ab\u00e9tait programm\u00e9 afin de poursuivre le protocole th\u00e9rapeutique, d\u00e9cid\u00e9 par les professeurs, et dont il ne reste pas beaucoup mais n\u00e9cessaire\u00bb, pr\u00e9cisant qu&rsquo;une \u00abpetite intervention chirurgicale au niveau du pied n&rsquo;est pas \u00e0 \u00e9carter\u00bb. Ceci avant d\u2019exprimer le souhait que la p\u00e9riode des soins soit \u00abtr\u00e8s courte\u00bb, assurant que \u00abm\u00eame en \u00e9tant physiquement loin\u00bb, il continuera \u00ab\u00e0 suivre au quotidien les affaires du pays avec tous les responsables\u00bb. Il se f\u00e9licitera de la \u00abmobilisation des responsables, des institutions de l\u2019\u00c9tat, notamment l\u2019Arm\u00e9e nationale populaire, digne h\u00e9riti\u00e8re de l&rsquo;arm\u00e9e de Lib\u00e9ration nationale pour ses efforts dans l&rsquo;assistance aux citoyens et la pr\u00e9servation de la s\u00e9r\u00e9nit\u00e9 au niveau national\u00bb.<br \/>Remerciant les \u00abinstitutions \u00e9lues\u00bb, le chef de l\u2019\u00c9tat s\u2019adressera en tout dernier lieu au Premier ministre, affirmant relever \u00abdes aspects positifs et n\u00e9gatifs\u00bb concernant l\u2019action du gouvernement qu\u2019il pilote depuis d\u00e9but janvier 2020.<br \/>Un reproche, le second et \u00abpublic\u00bb que Tebboune fait \u00e0 l\u2019ex\u00e9cutif apr\u00e8s celui exprim\u00e9, il est vrai, en \u00abintra-muros\u00bb, le 3 janvier \u00e9coul\u00e9 \u00e0 l\u2019occasion d\u2019un Conseil des ministres, le tout premier apr\u00e8s son retour de sa longue p\u00e9riode de soins et de convalescence en Allemagne. Ce jour-l\u00e0, comme rapport\u00e9 par un communiqu\u00e9 de la pr\u00e9sidence de la R\u00e9publique, le chef de l\u2019\u00c9tat avait exprim\u00e9 son irritation quant aux performances de certains membres du gouvernement. Une action qu\u2019il a estim\u00e9e \u00abmitig\u00e9e \u00bb, puisque \u00aboscillant entre le positif et le n\u00e9gatif\u00bb, non sans s\u2019en prendre, notamment au ministre de l\u2019Int\u00e9rieur et aux walis auxquels il a reproch\u00e9 une mauvaise gestion du dossier des zones d\u2019ombre. Ce qui a fait penser \u00e0 plus d\u2019un quant \u00e0 l\u2019imminence d\u2019un remaniement minist\u00e9riel, voire d\u2019un tout nouvel ex\u00e9cutif. Sauf que le chef de l\u2019\u00c9tat se contentera du renvoi d\u2019un seul ministre, celui des Transports, dont il a ordonn\u00e9 la fin de fonctions pour cause de \u00abl\u2019engagement d\u2019une op\u00e9ration d\u2019importation par la compagnie nationale Air Alg\u00e9rie, de fournitures li\u00e9es \u00e0 l\u2019activit\u00e9 de catering, et ce, sans tenir compte du contexte \u00e9conomique national et des orientations financi\u00e8res visant la gestion rationnelle des devises et la priorit\u00e9 \u00e0 accorder \u00e0 la production nationale\u00bb, comme l\u2019a pr\u00e9cis\u00e9 un communiqu\u00e9 des services du Premier minist\u00e8re. Pour les m\u00eames motifs, le P-dg d\u2019Air Alg\u00e9rie et le responsable du catering au sein de la compagnie ont \u00e9t\u00e9 \u00e9galement relev\u00e9s de leurs fonctions. Une des deux options qui serait de mise au retour dans les prochains jours du chef de l\u2019\u00c9tat de son second s\u00e9jour m\u00e9dical en Allemagne, affirmait-on, hier lundi, dans l\u2019entourage d\u2019un parti proche du chef de l\u2019\u00c9tat. Puisque, nous d\u00e9clarait un cadre de ce parti, sous le sceau de l\u2019anonymat, il \u00e9tait question d\u2019une rencontre entre le pr\u00e9sident de la R\u00e9publique et le pr\u00e9sident de ladite formation politique avant que ce rendez-vous ne soit report\u00e9, probablement au retour du chef de l\u2019\u00c9tat au pays. Et certainement, ajoute encore notre source, que la question du bilan d\u2019une ann\u00e9e du gouvernement et probablement l\u2019opportunit\u00e9 de lui donner du sang neuf en le renouvelant partiellement ou totalement, devraient \u00eatre d\u00e9battues lors de cette entrevue. Une autre source, proche, celle-ci, du FLN, nous affirmait, toujours hier lundi, que le chef de l\u2019\u00c9tat proc\u00e9derait, \u00e0 son retour d\u2019Allemagne, \u00e0 un \u00abl\u00e9ger lifting\u00bb du gouvernement. Un remaniement qui, ajoute-t-on de m\u00eame source, ne concernerait que les d\u00e9partements minist\u00e9riels montr\u00e9s du doigt par le chef de l\u2019\u00c9tat lui-m\u00eame, affirmant qu\u2019aucun contact n\u2019a \u00e9t\u00e9 \u00e9tabli avec le chef de l\u2019\u00c9tat \u00e0 son retour au pays, le 28 d\u00e9cembre dernier.<br \/>M. K.<\/p>\n<p>Auteur:<br \/>\n<a href=\"https:\/\/www.lesoirdalgerie.com\/actualites\/le-sort-du-gouvernement-scelle-54530\">Cliquez ici pour lire l&rsquo;article depuis sa source.<\/a><\/p>\n","protected":false},"excerpt":{"rendered":"<p>Le chef de l\u2019\u00c9tat donne l\u2019impression de porter le gouvernement, du moins certains de ses membres, comme un lourd fardeau, tant il est profond\u00e9ment insatisfait de leur action au bout de seulement une ann\u00e9e d\u2019exercice.M. Kebci &#8211; Alger (Le Soir) &#8211; Preuve tangible de cette exasp\u00e9ration, Abdelmadjid Tebboune renouvelle son insatisfaction quant \u00e0 l\u2019action de [&hellip;]<\/p>\n","protected":false},"author":1741,"featured_media":0,"comment_status":"closed","ping_status":"closed","sticky":false,"template":"","format":"standard","meta":{"fifu_image_url":"","fifu_image_alt":"","footnotes":""},"categories":[73,53],"tags":[],"class_list":["post-109150","post","type-post","status-publish","format-standard","hentry","category-actualite","category-algerie"],"_links":{"self":[{"href":"https:\/\/linitiative.ca\/International\/wp-json\/wp\/v2\/posts\/109150","targetHints":{"allow":["GET"]}}],"collection":[{"href":"https:\/\/linitiative.ca\/International\/wp-json\/wp\/v2\/posts"}],"about":[{"href":"https:\/\/linitiative.ca\/International\/wp-json\/wp\/v2\/types\/post"}],"author":[{"embeddable":true,"href":"https:\/\/linitiative.ca\/International\/wp-json\/wp\/v2\/users\/1741"}],"replies":[{"embeddable":true,"href":"https:\/\/linitiative.ca\/International\/wp-json\/wp\/v2\/comments?post=109150"}],"version-history":[{"count":0,"href":"https:\/\/linitiative.ca\/International\/wp-json\/wp\/v2\/posts\/109150\/revisions"}],"wp:attachment":[{"href":"https:\/\/linitiative.ca\/International\/wp-json\/wp\/v2\/media?parent=109150"}],"wp:term":[{"taxonomy":"category","embeddable":true,"href":"https:\/\/linitiative.ca\/International\/wp-json\/wp\/v2\/categories?post=109150"},{"taxonomy":"post_tag","embeddable":true,"href":"https:\/\/linitiative.ca\/International\/wp-json\/wp\/v2\/tags?post=109150"}],"curies":[{"name":"wp","href":"https:\/\/api.w.org\/{rel}","templated":true}]}}