{"id":109151,"date":"2021-01-12T05:00:00","date_gmt":"2021-01-12T10:00:00","guid":{"rendered":"https:\/\/linitiative.ca\/International\/la-tradition-respectee-malgre-la%e2%80%88crise-sanitaire\/"},"modified":"2021-01-12T05:00:00","modified_gmt":"2021-01-12T10:00:00","slug":"la-tradition-respectee-malgre-la%e2%80%88crise-sanitaire","status":"publish","type":"post","link":"https:\/\/linitiative.ca\/International\/la-tradition-respectee-malgre-la%e2%80%88crise-sanitaire\/","title":{"rendered":"La tradition respect\u00e9e malgr\u00e9 la\u2008crise sanitaire"},"content":{"rendered":"<div class=\"item-container\" readability=\"9.774011299435\"><a href=\"\/regions\/les-medeens-fideles-a-la-tradition-54526\"\/><\/p>\n<div class=\"picture\"><img decoding=\"async\" src=\"\/data\/images\/article\/thumbs\/ls-les-medeens-fideles-a-la-tradition-f2d38.jpg\"\/><\/div>\n<div class=\"description\" readability=\"14.661016949153\">\n<p><a href=\"\/regions\/les-medeens-fideles-a-la-tradition-54526\"\/><\/p>\n<p>F\u00eate de Yennayer 2971<\/p>\n<p><a href=\"\/regions\/les-medeens-fideles-a-la-tradition-54526\"\/><\/p>\n<p>Les M\u00e9d\u00e9ens fid\u00e8les \u00e0 la tradition<\/p>\n<p class=\"text\">Malgr\u00e9 la crise sanitaire, l&rsquo;engouement n&rsquo;est pas moindre. L&rsquo;arriv\u00e9e du Nouvel An berb\u00e8re est chaque ann\u00e9e un rendez-vous incontournable pour les m\u00e9d\u00e9ens, celui de faire revivre cette tradition ancestrale qui symbolise l&rsquo;identit\u00e9, la fertilit\u00e9, l&rsquo;abondance<\/p>\n<\/div>\n<\/div>\n<div class=\"item-container\" readability=\"10.270491803279\"><a href=\"\/regions\/vaste-programme-dactivites-culturelles-et-artistiques-54528\"\/><\/p>\n<div class=\"picture\"><img decoding=\"async\" src=\"\/data\/images\/article\/thumbs\/ls-vaste-programme-dactivites-culturelles-et-artistiques-2bfe3.jpg\"\/><\/div>\n<div class=\"description\" readability=\"15.650273224044\">\n<p><a href=\"\/regions\/vaste-programme-dactivites-culturelles-et-artistiques-54528\"\/><\/p>\n<p>LES MONTS DES KSOUR (Na\u00e2ma)<\/p>\n<p><a href=\"\/regions\/vaste-programme-dactivites-culturelles-et-artistiques-54528\"\/><\/p>\n<p>Vaste programme d&rsquo;activit\u00e9s culturelles et artistiques<\/p>\n<p class=\"text\">Un vaste programme d&rsquo;activit\u00e9s culturelles et artistiques a \u00e9t\u00e9 \u00e9labor\u00e9, conjointement avec la Wilaya de Na\u00e2ma, la Direction locale et la maison de la culture ainsi que les associations culturelles, \u00e0 l\u2019occasion de la c\u00e9l\u00e9bration du Nouvel An<\/p>\n<\/div>\n<\/div>\n<div class=\"item-container\" readability=\"9.816091954023\"><a href=\"\/regions\/lancement-de-la-campagne-nationale-daide-au-profit-des-zones-dombre-54506\"\/><\/p>\n<div class=\"picture\"><img decoding=\"async\" src=\"\/data\/images\/article\/thumbs\/ls-54506lancement-de-la-campagne-nationale-daide-au-profit-des-zones-dombre-bf302.jpg\"\/><\/div>\n<div class=\"description\" readability=\"14.724137931034\">\n<p><a href=\"\/regions\/lancement-de-la-campagne-nationale-daide-au-profit-des-zones-dombre-54506\"\/><\/p>\n<p>Les ministres de la solidarit\u00e9 nationale et du tourisme \u00e0 Jijel<\/p>\n<p><a href=\"\/regions\/lancement-de-la-campagne-nationale-daide-au-profit-des-zones-dombre-54506\"\/><\/p>\n<p>Lancement de la campagne nationale d\u2019aide au profit des zones d\u2019ombre<\/p>\n<p class=\"text\">La ministre de la Solidarit\u00e9 nationale de la Famille et de la Condition de la femme en compagnie du ministre du Tourisme, de l\u2019Artisanat et du Travail familial, a donn\u00e9 le coup d\u2019envoi de la campagne nationale de sensibilisation sur les programmes de soutien au<\/p>\n<\/div>\n<\/div>\n<div class=\"item-container\" readability=\"9.8019801980198\"><a href=\"\/regions\/lauteur-presume-du-meurtre-de-loctogenaire-et-son-epouse-arrete-54513\"\/><\/p>\n<div class=\"picture\"><img decoding=\"async\" src=\"\/data\/images\/article\/thumbs\/ls-54513lauteur-presume-du-meurtre-de-loctogenaire-et-son-epouse-arrete-8278e.jpg\"\/><\/div>\n<div class=\"description\" readability=\"14.70297029703\">\n<p><a href=\"\/regions\/lauteur-presume-du-meurtre-de-loctogenaire-et-son-epouse-arrete-54513\"\/><\/p>\n<p>BLIDA<\/p>\n<p><a href=\"\/regions\/lauteur-presume-du-meurtre-de-loctogenaire-et-son-epouse-arrete-54513\"\/><\/p>\n<p>L\u2019auteur pr\u00e9sum\u00e9 du meurtre de l\u2019octog\u00e9naire et son \u00e9pouse arr\u00eat\u00e9<\/p>\n<p class=\"text\">L\u2019auteur pr\u00e9sum\u00e9 de l\u2019atroce crime perp\u00e9tr\u00e9 sur un vieil homme de 85 ans et sur sa femme, d\u00e9couverts morts dans leur domicile \u00e0 Oued-Djer, \u00e0 l\u2019extr\u00eame Ouest de Blida, vient d\u2019\u00eatre arr\u00eat\u00e9. Il s\u2019agit d\u2019un mineur de 17 ans, voisin des deux victimes. L\u2019enqu\u00eate diligent\u00e9e<\/p>\n<\/div>\n<\/div>\n<div class=\"item-nopic-container description\" readability=\"12.692307692308\">\n<p><a href=\"\/regions\/la-tradition-respectee-malgre-la%E2%80%88crise-sanitaire-54529\"\/><\/p>\n<p>B\u00e9ja\u00efa<\/p>\n<p><a href=\"\/regions\/la-tradition-respectee-malgre-la%E2%80%88crise-sanitaire-54529\"\/><\/p>\n<p>La tradition respect\u00e9e malgr\u00e9 la\u2008crise sanitaire<\/p>\n<p class=\"text\">Comme c\u2019est la tradition depuis de tr\u00e8s longues ann\u00e9es, malgr\u00e9 la crise sanitaire, plusieurs localit\u00e9s de la wilaya de B\u00e9ja\u00efa sont une nouvelle fois au rendez-vous pour c\u00e9l\u00e9brer le Nouvel An amazigh 2971. Le coup d\u2019envoi des festivit\u00e9s<\/p>\n<\/div>\n<div class=\"item-nopic-container description\" readability=\"16.587878787879\">\n<p><a href=\"\/regions\/une-celebration-tres-timide-54527\"\/><\/p>\n<p>Bouira<\/p>\n<p><a href=\"\/regions\/une-celebration-tres-timide-54527\"\/><\/p>\n<p>Une c\u00e9l\u00e9bration tr\u00e8s timide<\/p>\n<p class=\"text\">L\u2019on se rappelle que l\u2019an pass\u00e9, le nouvel an amazigh, Yennayer 2970 qui co\u00efncide avec le 12 janvier, a \u00e9t\u00e9 c\u00e9l\u00e9br\u00e9 avec faste, partout \u00e0 travers le territoire national, et Bouira particuli\u00e8rement. En plus des festivit\u00e9s officielles, les associations<\/p>\n<\/div>\n<div class=\"item-nopic-container description\" readability=\"14.6875\">\n<p><a href=\"\/regions\/une-bande-specialisee-dans-la-revente-dhallucinogenes-neutralisee-54510\"\/><\/p>\n<p>Tipasa<\/p>\n<p><a href=\"\/regions\/une-bande-specialisee-dans-la-revente-dhallucinogenes-neutralisee-54510\"\/><\/p>\n<p>Une bande sp\u00e9cialis\u00e9e dans la revente d\u2019hallucinog\u00e8nes neutralis\u00e9e<\/p>\n<p class=\"text\">Dans un communiqu\u00e9 rendu public, la S\u00fbret\u00e9 de la wilaya de Tipasa a arr\u00eat\u00e9 deux groupes compos\u00e9s de 9 personnes, \u00e2g\u00e9es de 30 \u00e0 45 ans, sp\u00e9cialis\u00e9s dans la revente de drogue et d\u2019hallucinog\u00e8nes et saisi 3 kg de kif trait\u00e9, 3 v\u00e9hicules de tourisme et utilitaires<\/p>\n<\/div>\n<div class=\"item-nopic-container description\" readability=\"21.515151515152\">\n<p><a href=\"\/regions\/plantation-de-2000-arbres-sur-la-rn-109-54509\"\/><\/p>\n<p>Sidi-Bel-Abb\u00e8s (Marhoum)<\/p>\n<p><a href=\"\/regions\/plantation-de-2000-arbres-sur-la-rn-109-54509\"\/><\/p>\n<p>Plantation de 2000 arbres sur la RN 109<\/p>\n<p class=\"text\">Dans la journ\u00e9e de lundi, plusieurs \u00e9l\u00e9ments des corps de s\u00e9curit\u00e9 et de l\u2019administration (ANP, gendarmerie, for\u00eats, police, douanes, services agricoles, travaux publics, Casnos et H.C.D.S), ont particip\u00e9 \u00e0 une vaste op\u00e9ration de plantation de 2000 arbres de<\/p>\n<\/div>\n<div class=\"item-nopic-container description\" readability=\"13.724137931034\">\n<p><a href=\"\/regions\/3-dealers-arretes-et-plus-de-1-400-comprimes-psychotropes-et-un-kg-de-kif-saisis-54508\"\/><\/p>\n<p>EL-BAYADH<\/p>\n<p><a href=\"\/regions\/3-dealers-arretes-et-plus-de-1-400-comprimes-psychotropes-et-un-kg-de-kif-saisis-54508\"\/><\/p>\n<p>3 dealers arr\u00eat\u00e9s et plus de 1 400 comprim\u00e9s psychotropes et un kg de kif saisis<\/p>\n<p class=\"text\">Les \u00e9l\u00e9ments de la S\u00fbret\u00e9 de wilaya d\u2019El-Bayadh, charg\u00e9s de la lutte contre les stup\u00e9fiants, ont proc\u00e9d\u00e9 \u00e0 l\u2019arrestation de trois narcotrafiquants \u00e2g\u00e9s entre 28 et 33 ans, a-t-on appris. Le premier a \u00e9t\u00e9 arr\u00eat\u00e9 en flagrant d\u00e9lit en train d\u2019\u00e9couler une plaquette<\/p>\n<\/div>\n<div class=\"item-nopic-container description\" readability=\"13.684507042254\">\n<p><a href=\"\/regions\/operation-de-developpement-dans-les-zones-dombre-54507\"\/><\/p>\n<p>SKIKDA<\/p>\n<p><a href=\"\/regions\/operation-de-developpement-dans-les-zones-dombre-54507\"\/><\/p>\n<p>Op\u00e9ration de d\u00e9veloppement dans les zones d\u2019ombre<\/p>\n<p class=\"text\">Pas moins de 30 op\u00e9rations de d\u00e9veloppement ont \u00e9t\u00e9 r\u00e9alis\u00e9es courant 2020 dans des zones d\u2019ombre de la da\u00efra de Ramdane-Djamel, wilaya de Skikda, a indiqu\u00e9 dimanche la cheffe de da\u00efra, Mme Mama Houara. La da\u00efra compte au total 21 zones d\u2019ombre dont 17<\/p>\n<\/div>\n<p><span id=\"loader\" class=\"c5\"><img decoding=\"async\" src=\"\/themes\/frontend\/img\/doublering.svg\" class=\"c4\"\/><\/span><\/p>\n<p><span>Afficher plus d&rsquo;articles<\/span><\/p>\n<p><input type=\"hidden\" value=\"1\" name=\"page\" id=\"page\"\/><br \/>\nAuteur:<br \/>\n<a href=\"https:\/\/www.lesoirdalgerie.com\/regions\/la-tradition-respectee-malgre-la%E2%80%88crise-sanitaire-54529\">Cliquez ici pour lire l&rsquo;article depuis sa source.<\/a><\/p>\n","protected":false},"excerpt":{"rendered":"<p>F\u00eate de Yennayer 2971 Les M\u00e9d\u00e9ens fid\u00e8les \u00e0 la tradition Malgr\u00e9 la crise sanitaire, l&rsquo;engouement n&rsquo;est pas moindre. L&rsquo;arriv\u00e9e du Nouvel An berb\u00e8re est chaque ann\u00e9e un rendez-vous incontournable pour les m\u00e9d\u00e9ens, celui de faire revivre cette tradition ancestrale qui symbolise l&rsquo;identit\u00e9, la fertilit\u00e9, l&rsquo;abondance LES MONTS DES KSOUR (Na\u00e2ma) Vaste programme d&rsquo;activit\u00e9s culturelles et [&hellip;]<\/p>\n","protected":false},"author":1741,"featured_media":0,"comment_status":"closed","ping_status":"closed","sticky":false,"template":"","format":"standard","meta":{"fifu_image_url":"\/data\/images\/article\/thumbs\/ls-les-medeens-fideles-a-la-tradition-f2d38.jpg","fifu_image_alt":"La tradition respect\u00e9e malgr\u00e9 la\u2008crise sanitaire","footnotes":""},"categories":[73,53],"tags":[],"class_list":["post-109151","post","type-post","status-publish","format-standard","hentry","category-actualite","category-algerie"],"_links":{"self":[{"href":"https:\/\/linitiative.ca\/International\/wp-json\/wp\/v2\/posts\/109151","targetHints":{"allow":["GET"]}}],"collection":[{"href":"https:\/\/linitiative.ca\/International\/wp-json\/wp\/v2\/posts"}],"about":[{"href":"https:\/\/linitiative.ca\/International\/wp-json\/wp\/v2\/types\/post"}],"author":[{"embeddable":true,"href":"https:\/\/linitiative.ca\/International\/wp-json\/wp\/v2\/users\/1741"}],"replies":[{"embeddable":true,"href":"https:\/\/linitiative.ca\/International\/wp-json\/wp\/v2\/comments?post=109151"}],"version-history":[{"count":0,"href":"https:\/\/linitiative.ca\/International\/wp-json\/wp\/v2\/posts\/109151\/revisions"}],"wp:attachment":[{"href":"https:\/\/linitiative.ca\/International\/wp-json\/wp\/v2\/media?parent=109151"}],"wp:term":[{"taxonomy":"category","embeddable":true,"href":"https:\/\/linitiative.ca\/International\/wp-json\/wp\/v2\/categories?post=109151"},{"taxonomy":"post_tag","embeddable":true,"href":"https:\/\/linitiative.ca\/International\/wp-json\/wp\/v2\/tags?post=109151"}],"curies":[{"name":"wp","href":"https:\/\/api.w.org\/{rel}","templated":true}]}}