{"id":109154,"date":"2021-01-12T07:25:47","date_gmt":"2021-01-12T12:25:47","guid":{"rendered":"https:\/\/linitiative.ca\/International\/coronavirus-les-malades-du-covid-beneficient-dune-immunite-de-8-mois-au-minimum-etude\/"},"modified":"2021-01-12T07:25:47","modified_gmt":"2021-01-12T12:25:47","slug":"coronavirus-les-malades-du-covid-beneficient-dune-immunite-de-8-mois-au-minimum-etude","status":"publish","type":"post","link":"https:\/\/linitiative.ca\/International\/coronavirus-les-malades-du-covid-beneficient-dune-immunite-de-8-mois-au-minimum-etude\/","title":{"rendered":"Coronavirus :  les malades du Covid b\u00e9n\u00e9ficient d\u2019une immunit\u00e9 de 8 mois au minimum [Etude]"},"content":{"rendered":"<p><strong>Selon une r\u00e9cente \u00e9tude, les malades du Covid-19 jouissent d\u2019une immunit\u00e9 d\u2019au moins huit mois.<\/strong> <strong>Les d\u00e9tails.<\/strong><\/p>\n<div class=\"c10\"\/>\n<p>Publi\u00e9e le 22 d\u00e9cembre 2020 et men\u00e9e par des chercheurs de l\u2019universit\u00e9 de Monash, de l\u2019h\u00f4pital Alfred et de l\u2019institut Burnet, pr\u00e8s de Melbourne, cette \u00e9tude r\u00e9v\u00e8le que\u00a0l\u2019organisme des personnes ayant contract\u00e9 le virus parvient \u00e0 garder la m\u00e9moire d\u2019une contamination \u00e0 la Covid-19, plus de huit mois apr\u00e8s leur infection. Selon les auteurs, certains lymphocytes seraient capables de re-d\u00e9clencher une production d\u2019anticorps en cas de r\u00e9-exposition au virus. On apprend que les chercheurs australiens, pour parvenir \u00e0 cette conclusion, ont \u00e9tudi\u00e9 36\u00a0\u00e9chantillons pr\u00e9lev\u00e9s aupr\u00e8s de 25\u00a0patients atteints du Covid-19. \u00ab\u00a0Ces derniers ont \u00e9t\u00e9 class\u00e9s selon trois niveaux\u00a0: six \u00e9taient atteints d\u2019une forme grave de la maladie n\u00e9cessitant une assistance respiratoire, trois avaient une forme mod\u00e9r\u00e9e n\u00e9cessitant une hospitalisation, les seize autres avaient tous une forme b\u00e9nigne\u00a0\u00bb, expliquent-ils.<\/p>\n<p><strong>Lire aussi| <a href=\"https:\/\/www.challenge.ma\/coronavirus-pas-dimmunite-collective-en-2021-malgre-les-vaccins-selon-loms-171708\/\">Coronavirus : pas d\u2019immunit\u00e9 collective en 2021 malgr\u00e9 les vaccins, selon l\u2019OMS<\/a><\/strong><\/p>\n<p>\u00ab\u00a0Les \u00e9chantillons, pr\u00e9lev\u00e9s chez ces patients les 4<sup>\u00e8me<\/sup>\u00a0et 242<sup>\u00e8me<\/sup>\u00a0jours apr\u00e8s l\u2019apparition des sympt\u00f4mes, ont par la suite \u00e9t\u00e9 compar\u00e9s aux \u00e9chantillons de 36\u00a0patients sains, au sein desquels a \u00e9t\u00e9 ensuite ins\u00e9r\u00e9 le virus afin de s\u2019assurer avec certitude de la r\u00e9ponse (ou non) de l\u2019organisme \u00e0 une infection au virus. Dans chacun des \u00e9chantillons, des anticorps contre la Covid-19 ont bel et bien \u00e9t\u00e9 produits\u00a0\u00bb, poursuivent les auteurs de l\u2019\u00e9tude. Il faut noter que cette conclusion a \u00e9t\u00e9 aussi confirm\u00e9e par une autre \u00e9tude men\u00e9e par des chercheurs am\u00e9ricains de l\u2019Institut d\u2019immunologie de La Jolla (Californie). Cette nouvelle \u00e9tude, publi\u00e9e en d\u00e9cembre dernier \u00e9galement, \u00a0a analys\u00e9 la r\u00e9ponse immunitaire de 188\u00a0patients ayant contract\u00e9 la Covid-19, dont 43 \u00e9chantillons de personnes infect\u00e9es depuis plus de six mois.<\/p>\n<p><strong>Lire aussi| <a href=\"https:\/\/www.challenge.ma\/maroc-telecom-regroupe-toutes-ses-filiales-africaines-sous-une-nouvelle-marque-171725\/\">Maroc T\u00e9l\u00e9com regroupe toutes ses filiales africaines sous une nouvelle marque<\/a><\/strong><\/p>\n<p>\u00ab\u00a0Pour avoir une vision compl\u00e8te de la m\u00e9moire immunitaire, ils ont analys\u00e9 ses diff\u00e9rentes facettes : non seulement la pr\u00e9sence d\u2019anticorps, mais aussi des cellules qui les produisent et d\u2019autres cellules qui soutiennent la bataille contre le virus. Pour la grande majorit\u00e9 de la cohorte, soit 95 % des anciens malades,\u00a0les donn\u00e9es montrent qu\u2019au moins trois composants de la m\u00e9moire immunitaire sont pr\u00e9sents cinq \u00e0 huit mois apr\u00e8s apparition des sympt\u00f4mes\u00a0\u00bb, indique-t-on. \u00ab\u00a0Les anciens malades ont donc\u00a0\u00ab\u00a0de bonnes chances d\u2019avoir une immunit\u00e9 protectrice, au moins contre une forme grave de la maladie pendant huit mois et\u00a0probablement bien au-del\u00e0\u00a0\u00bb, fait remarquer Shane Crotty, co-auteur de l\u2019\u00e9tude.<\/p>\n<p>Auteur: challenge<br \/>\n<a href=\"https:\/\/www.challenge.ma\/coronavirus-les-malades-du-covid-beneficient-dune-immunite-de-8-mois-au-minimum-etude-171758\/\">Cliquez ici pour lire l&rsquo;article depuis sa source.<\/a><\/p>\n","protected":false},"excerpt":{"rendered":"<p>Selon une r\u00e9cente \u00e9tude, les malades du Covid-19 jouissent d\u2019une immunit\u00e9 d\u2019au moins huit mois. Les d\u00e9tails. Publi\u00e9e le 22 d\u00e9cembre 2020 et men\u00e9e par des chercheurs de l\u2019universit\u00e9 de Monash, de l\u2019h\u00f4pital Alfred et de l\u2019institut Burnet, pr\u00e8s de Melbourne, cette \u00e9tude r\u00e9v\u00e8le que\u00a0l\u2019organisme des personnes ayant contract\u00e9 le virus parvient \u00e0 garder la [&hellip;]<\/p>\n","protected":false},"author":1787,"featured_media":0,"comment_status":"closed","ping_status":"closed","sticky":false,"template":"","format":"standard","meta":{"fifu_image_url":"","fifu_image_alt":"","footnotes":""},"categories":[78,54],"tags":[],"class_list":["post-109154","post","type-post","status-publish","format-standard","hentry","category-economie","category-maroc"],"_links":{"self":[{"href":"https:\/\/linitiative.ca\/International\/wp-json\/wp\/v2\/posts\/109154","targetHints":{"allow":["GET"]}}],"collection":[{"href":"https:\/\/linitiative.ca\/International\/wp-json\/wp\/v2\/posts"}],"about":[{"href":"https:\/\/linitiative.ca\/International\/wp-json\/wp\/v2\/types\/post"}],"author":[{"embeddable":true,"href":"https:\/\/linitiative.ca\/International\/wp-json\/wp\/v2\/users\/1787"}],"replies":[{"embeddable":true,"href":"https:\/\/linitiative.ca\/International\/wp-json\/wp\/v2\/comments?post=109154"}],"version-history":[{"count":0,"href":"https:\/\/linitiative.ca\/International\/wp-json\/wp\/v2\/posts\/109154\/revisions"}],"wp:attachment":[{"href":"https:\/\/linitiative.ca\/International\/wp-json\/wp\/v2\/media?parent=109154"}],"wp:term":[{"taxonomy":"category","embeddable":true,"href":"https:\/\/linitiative.ca\/International\/wp-json\/wp\/v2\/categories?post=109154"},{"taxonomy":"post_tag","embeddable":true,"href":"https:\/\/linitiative.ca\/International\/wp-json\/wp\/v2\/tags?post=109154"}],"curies":[{"name":"wp","href":"https:\/\/api.w.org\/{rel}","templated":true}]}}