{"id":109155,"date":"2021-01-12T10:37:58","date_gmt":"2021-01-12T15:37:58","guid":{"rendered":"https:\/\/linitiative.ca\/International\/vrai-ou-fake-sur-la-covid-19-au-maroc-mardi-12-janvier\/"},"modified":"2021-01-12T10:37:58","modified_gmt":"2021-01-12T15:37:58","slug":"vrai-ou-fake-sur-la-covid-19-au-maroc-mardi-12-janvier","status":"publish","type":"post","link":"https:\/\/linitiative.ca\/International\/vrai-ou-fake-sur-la-covid-19-au-maroc-mardi-12-janvier\/","title":{"rendered":"Vrai ou Fake sur la Covid-19 au Maroc, mardi 12 janvier"},"content":{"rendered":"<p><strong>En plus de l\u2019\u00e9pid\u00e9mie du coronavirus, nous devons faire face \u00e0 une autre \u00e9pid\u00e9mie, celle des fake news relay\u00e9es sur les r\u00e9seaux sociaux.<\/strong><\/p>\n<div class=\"c10\"\/>\n<p>\u2013 Un total de 66 millions de doses de vaccin anti-coronavirus a \u00e9t\u00e9 command\u00e9, de quoi vacciner au moins 80% de la population au Maroc. <strong>VRAI<\/strong><\/p>\n<p>\u2013 La date de lancement de la campagne de vaccination au Maroc a \u00e9t\u00e9 fix\u00e9e au 25 janvier. <strong>FAKE<\/strong><\/p>\n<p>\u2013 Les malades du Covid-19 jouissent d\u2019une immunit\u00e9 d\u2019au moins huit mois. <strong>VRAI<\/strong><\/p>\n<p><strong>Lire aussi|\u00a0<\/strong><a href=\"https:\/\/www.challenge.ma\/coronavirus-les-malades-du-covid-beneficient-dune-immunite-de-8-mois-au-minimum-etude-171758\/\"><strong>Coronavirus : les malades du Covid b\u00e9n\u00e9ficient d\u2019une immunit\u00e9 de 8 mois au minimum [Etude]<\/strong><\/a><\/p>\n<p>\u2013 Des chercheurs marocains ont d\u00e9couvert des traces du coronavirus dans l\u2019eau du robinet, estimant \u00eatre un vecteur de transfert du virus au Royaume. <strong>FAKE<\/strong><\/p>\n<p>\u2013 Les campagnes de vaccination massives, face \u00e0 la progression galopante du Covid-19, ne suffiront pas \u00e0 garantir une immunit\u00e9 collective en 2021. <strong>VRAI<\/strong> \u00ab Nous n\u2019allons pas pas atteindre l\u2019immunit\u00e9 collective en 2021 \u00bb, a affirm\u00e9 la responsable scientifique de l\u2019OMS, Soumya Swaminathan lors d\u2019un briefing \u00e0 Gen\u00e8ve.<\/p>\n<p>\u2013 Une op\u00e9ration de d\u00e9pistage de l\u2019infection au SARS-CoV-2 sera men\u00e9e parmi 30.000 coll\u00e9giens et lyc\u00e9ens dans six r\u00e9gions au Maroc, afin d\u2019estimer le niveau de circulation du virus chez la population de moins de 18 ans et de caract\u00e9riser g\u00e9n\u00e9tiquement les variants circulants. <strong>VRAI<\/strong><\/p>\n<p><strong>Lire aussi|\u00a0<a href=\"https:\/\/www.challenge.ma\/coronavirus-pas-dimmunite-collective-en-2021-malgre-les-vaccins-selon-loms-171708\/\">Coronavirus : pas d\u2019immunit\u00e9 collective en 2021 malgr\u00e9 les vaccins, selon l\u2019OMS<\/a><\/strong><\/p>\n<p>Auteur: Hajar DARI<br \/>\n<a href=\"https:\/\/www.challenge.ma\/vrai-ou-fake-sur-la-covid-19-au-maroc-mardi-12-janvier-171767\/\">Cliquez ici pour lire l&rsquo;article depuis sa source.<\/a><\/p>\n","protected":false},"excerpt":{"rendered":"<p>En plus de l\u2019\u00e9pid\u00e9mie du coronavirus, nous devons faire face \u00e0 une autre \u00e9pid\u00e9mie, celle des fake news relay\u00e9es sur les r\u00e9seaux sociaux. \u2013 Un total de 66 millions de doses de vaccin anti-coronavirus a \u00e9t\u00e9 command\u00e9, de quoi vacciner au moins 80% de la population au Maroc. VRAI \u2013 La date de lancement de [&hellip;]<\/p>\n","protected":false},"author":1787,"featured_media":0,"comment_status":"closed","ping_status":"closed","sticky":false,"template":"","format":"standard","meta":{"fifu_image_url":"","fifu_image_alt":"","footnotes":""},"categories":[78,54],"tags":[],"class_list":["post-109155","post","type-post","status-publish","format-standard","hentry","category-economie","category-maroc"],"_links":{"self":[{"href":"https:\/\/linitiative.ca\/International\/wp-json\/wp\/v2\/posts\/109155","targetHints":{"allow":["GET"]}}],"collection":[{"href":"https:\/\/linitiative.ca\/International\/wp-json\/wp\/v2\/posts"}],"about":[{"href":"https:\/\/linitiative.ca\/International\/wp-json\/wp\/v2\/types\/post"}],"author":[{"embeddable":true,"href":"https:\/\/linitiative.ca\/International\/wp-json\/wp\/v2\/users\/1787"}],"replies":[{"embeddable":true,"href":"https:\/\/linitiative.ca\/International\/wp-json\/wp\/v2\/comments?post=109155"}],"version-history":[{"count":0,"href":"https:\/\/linitiative.ca\/International\/wp-json\/wp\/v2\/posts\/109155\/revisions"}],"wp:attachment":[{"href":"https:\/\/linitiative.ca\/International\/wp-json\/wp\/v2\/media?parent=109155"}],"wp:term":[{"taxonomy":"category","embeddable":true,"href":"https:\/\/linitiative.ca\/International\/wp-json\/wp\/v2\/categories?post=109155"},{"taxonomy":"post_tag","embeddable":true,"href":"https:\/\/linitiative.ca\/International\/wp-json\/wp\/v2\/tags?post=109155"}],"curies":[{"name":"wp","href":"https:\/\/api.w.org\/{rel}","templated":true}]}}