{"id":109156,"date":"2021-01-12T13:02:07","date_gmt":"2021-01-12T18:02:07","guid":{"rendered":"https:\/\/linitiative.ca\/International\/strategie-renault-compte-desormais-faire-sa-renaulution\/"},"modified":"2021-01-12T13:02:07","modified_gmt":"2021-01-12T18:02:07","slug":"strategie-renault-compte-desormais-faire-sa-renaulution","status":"publish","type":"post","link":"https:\/\/linitiative.ca\/International\/strategie-renault-compte-desormais-faire-sa-renaulution\/","title":{"rendered":"Strat\u00e9gie : Renault compte d\u00e9sormais faire sa \u00abRenaulution\u00bb"},"content":{"rendered":"<p><strong>La firme au losange vient de publier ses chiffres de ventes mondiales et annonce une baisse de 21,3%<\/strong> <strong>sur un march\u00e9 en repli de 14,2%, compte tenu de l\u2019impact de la pand\u00e9mie de la covid-19. Pour autant, l\u2019ann\u00e9e en cours devrait \u00eatre d\u00e9cisive pour le constructeur fran\u00e7ais qui nourrit de solides ambitions de d\u00e9veloppement \u00e0 travers son nouveau plan strat\u00e9gique baptis\u00e9 \u00abRenaulution\u00bb. Ce dernier sera d\u00e9voil\u00e9 ce jeudi 14 janvier.<\/strong><\/p>\n<div class=\"c10\"\/>\n<p>Le staff dirigeant du constructeur fran\u00e7ais qui consid\u00e8re que cette baisse est principalement due \u00e0 sa forte exposition dans les pays ayant subi un confinement strict et \u00e0 la suspension de ses activit\u00e9s commerciales au 2<sup>\u00e8me<\/sup> trimestre. Ce m\u00eame staff qui pointe du doigt un ralentissement de ses ventes au 4<sup>\u00e8me<\/sup> trimestre, notamment en France.<\/p>\n<p>Dans le d\u00e9tail, les ventes de Renault en Europe se sont \u00e9lev\u00e9es \u00e0 1\u00a0443 917 unit\u00e9s, en baisse de 25,8% sur un march\u00e9 en recul de 23,6%. Sur le seul territoire fran\u00e7ais, les ventes ont baiss\u00e9 de 23,3%. Ailleurs, elles se sont repli\u00e9es de 13,3% en Chine, de 23,3% dans la zone Afrique, Moyen-Orient, Inde, Pacifique et de 38,6% sur le continent am\u00e9ricain.<\/p>\n<p><strong>Lire aussi | <a href=\"https:\/\/www.challenge.ma\/coronavirus-les-malades-du-covid-beneficient-dune-immunite-de-8-mois-au-minimum-etude-171758\/\">Coronavirus : les malades du Covid b\u00e9n\u00e9ficient d\u2019une immunit\u00e9 de 8 mois au minimum [Etude]<\/a><\/strong><\/p>\n<p>Fort heureusement, quelques bonnes nouvelles sont venues \u00e9mailler le bilan commercial global du constructeur fran\u00e7ais. En effet, il demeure sur la plus haute marche du podium s\u2019agissant du segment du v\u00e9hicule \u00e9lectrique en Europe, avec 115 888 v\u00e9hicules \u00e9coul\u00e9s, en hausse de 101,4% par rapport \u00e0 2019. Par ailleurs, la Zo\u00e9 demeure la voiture \u00e9lectrique la plus vendue avec 100 657 unit\u00e9s (+114%). De m\u00eame que sur le segment des utilitaires \u00e9lectriques, le Kangoo Z.E. est le v\u00e9hicule le plus pris\u00e9 de la client\u00e8le.\u00a0<\/p>\n<p>\u00abNous privil\u00e9gions d\u00e9sormais la profitabilit\u00e9 aux volumes de ventes, avec une marge unitaire nette par v\u00e9hicule plus \u00e9lev\u00e9e, et ce, sur chacun de nos march\u00e9s\u00bb, s\u2019est exprim\u00e9 Luca de Meo dans le cadre de ce bilan chiffr\u00e9. Le Directeur g\u00e9n\u00e9ral de Renault qui va d\u2019ailleurs d\u00e9voiler ce jeudi 14 janvier sa nouvelle feuille de route baptis\u00e9e \u00abRenaulution\u00bb.<\/p>\n<p>Il entend prendre de nouvelles r\u00e9solutions strat\u00e9giques histoire d\u2019affronter la r\u00e9volution qui agite d\u00e9sormais le secteur automobile sans son ensemble. Faut-il souligner que les v\u00e9hicules \u00e0 mobilit\u00e9 propre constituent une donne incontournable dans l\u2019\u00e9chiquier automobile mondial. Rappelons que le groupe automobile fran\u00e7ais est d\u00e9sormais structur\u00e9 autour de quatre marques, \u00e0 savoir Renault, Dacia, Alpine et la nouvelle marque de mobilit\u00e9 \u00abMobilize\u00bb.<\/p>\n<p><strong>Lire aussi | <a href=\"https:\/\/www.challenge.ma\/industrie-les-japonais-yazaki-et-sumitomo-vont-creer-8300-emplois-au-maroc-171756\/\">Industrie : les japonais Yazaki et Sumitomo vont cr\u00e9er 8300 emplois au Maroc<\/a><\/strong><\/p>\n<p>Justement, Renault a annonc\u00e9 le lundi 11 janvier courant\u00a0la nomination de\u00a0Laurent\u00a0Rossi au poste de Directeur\u00a0g\u00e9n\u00e9ral\u00a0de la marque Alpine. Il aura en charge les activit\u00e9s Alpine Cars, Sport, F1 et comp\u00e9tition. Il est rattach\u00e9 \u00e0\u00a0Luca De\u00a0Meo, au m\u00eame titre que Denis Le Vot, Directeur g\u00e9n\u00e9ral des marques Dacia et Lada. Clotilde Delbos, Directrice g\u00e9n\u00e9rale adjointe et directrice financi\u00e8re du groupe, a \u00e9galement en charge la marque consacr\u00e9e aux nouvelles mobilit\u00e9s.<\/p>\n<p>Auteur: David J\u00e9r\u00e9mie<br \/>\n<a href=\"https:\/\/www.challenge.ma\/strategie-renault-compte-desormais-faire-sa-renaulution-171806\/\">Cliquez ici pour lire l&rsquo;article depuis sa source.<\/a><\/p>\n","protected":false},"excerpt":{"rendered":"<p>La firme au losange vient de publier ses chiffres de ventes mondiales et annonce une baisse de 21,3% sur un march\u00e9 en repli de 14,2%, compte tenu de l\u2019impact de la pand\u00e9mie de la covid-19. Pour autant, l\u2019ann\u00e9e en cours devrait \u00eatre d\u00e9cisive pour le constructeur fran\u00e7ais qui nourrit de solides ambitions de d\u00e9veloppement \u00e0 [&hellip;]<\/p>\n","protected":false},"author":1787,"featured_media":0,"comment_status":"closed","ping_status":"closed","sticky":false,"template":"","format":"standard","meta":{"fifu_image_url":"","fifu_image_alt":"","footnotes":""},"categories":[78,54],"tags":[],"class_list":["post-109156","post","type-post","status-publish","format-standard","hentry","category-economie","category-maroc"],"_links":{"self":[{"href":"https:\/\/linitiative.ca\/International\/wp-json\/wp\/v2\/posts\/109156","targetHints":{"allow":["GET"]}}],"collection":[{"href":"https:\/\/linitiative.ca\/International\/wp-json\/wp\/v2\/posts"}],"about":[{"href":"https:\/\/linitiative.ca\/International\/wp-json\/wp\/v2\/types\/post"}],"author":[{"embeddable":true,"href":"https:\/\/linitiative.ca\/International\/wp-json\/wp\/v2\/users\/1787"}],"replies":[{"embeddable":true,"href":"https:\/\/linitiative.ca\/International\/wp-json\/wp\/v2\/comments?post=109156"}],"version-history":[{"count":0,"href":"https:\/\/linitiative.ca\/International\/wp-json\/wp\/v2\/posts\/109156\/revisions"}],"wp:attachment":[{"href":"https:\/\/linitiative.ca\/International\/wp-json\/wp\/v2\/media?parent=109156"}],"wp:term":[{"taxonomy":"category","embeddable":true,"href":"https:\/\/linitiative.ca\/International\/wp-json\/wp\/v2\/categories?post=109156"},{"taxonomy":"post_tag","embeddable":true,"href":"https:\/\/linitiative.ca\/International\/wp-json\/wp\/v2\/tags?post=109156"}],"curies":[{"name":"wp","href":"https:\/\/api.w.org\/{rel}","templated":true}]}}