{"id":109157,"date":"2021-01-12T13:47:24","date_gmt":"2021-01-12T18:47:24","guid":{"rendered":"https:\/\/linitiative.ca\/International\/coronavirus-les-mesures-de-precaution-prolongees-dune-semaine\/"},"modified":"2021-01-12T13:47:24","modified_gmt":"2021-01-12T18:47:24","slug":"coronavirus-les-mesures-de-precaution-prolongees-dune-semaine","status":"publish","type":"post","link":"https:\/\/linitiative.ca\/International\/coronavirus-les-mesures-de-precaution-prolongees-dune-semaine\/","title":{"rendered":"Coronavirus : les mesures de pr\u00e9caution prolong\u00e9es d\u2019une semaine"},"content":{"rendered":"<p><strong>Le gouvernement a d\u00e9cid\u00e9 de prolonger d\u2019une semaine, \u00e0 compter du 13 janvier \u00e0 21h, les mesures de pr\u00e9caution adopt\u00e9es le 23 d\u00e9cembre dernier pour lutter contre le coronavirus.<\/strong><\/p>\n<div class=\"c10\"\/>\n<p>L\u2019ex\u00e9cutif pr\u00e9cise que cette d\u00e9cision intervient suite \u00e0 l\u2019\u00e9volution de la situation \u00e9pid\u00e9miologique au niveau mondial et l\u2019apparition de nouvelles variantes du virus dans des pays voisins, et sur la base des recommandations de la commission scientifique et technique concernant la n\u00e9cessit\u00e9 de renforcer les proc\u00e9dures de l\u2019\u00e9tat d\u2019urgence sanitaire et de maintenir les mesures et proc\u00e9dures n\u00e9cessaires pour lutter contre le coronavirus.<\/p>\n<p><strong>Lire aussi | <a href=\"https:\/\/www.challenge.ma\/strategie-renault-compte-desormais-faire-sa-renaulution-171806\/\" target=\"_blank\" rel=\"noreferrer noopener\">Strat\u00e9gie : Renault compte d\u00e9sormais faire sa \u00abRenaulution\u00bb<\/a><\/strong><\/p>\n<p>Le gouvernement rappelle que ces mesures de pr\u00e9caution concernent :<\/p>\n<p>\u2013 La fermeture des restaurants, caf\u00e9s, commerces et grandes surfaces \u00e0 20h00 ;Couvre-feu nocturne de 21h00 \u00e0 6h00 \u00e0 l\u2019\u00e9chelle nationale, sauf cas exceptionnels ;<\/p>\n<p>\u2013 L\u2019interdiction des f\u00eates et des rassemblements publics ou priv\u00e9s.<\/p>\n<p>Toutes les mesures de pr\u00e9caution annonc\u00e9es pr\u00e9c\u00e9demment seront maintenues, conclut la m\u00eame source.<\/p>\n<p>MAP<\/p>\n<p>Auteur: challenge<br \/>\n<a href=\"https:\/\/www.challenge.ma\/coronavirus-les-mesures-de-precaution-prolongees-dune-semaine-171812\/\">Cliquez ici pour lire l&rsquo;article depuis sa source.<\/a><\/p>\n","protected":false},"excerpt":{"rendered":"<p>Le gouvernement a d\u00e9cid\u00e9 de prolonger d\u2019une semaine, \u00e0 compter du 13 janvier \u00e0 21h, les mesures de pr\u00e9caution adopt\u00e9es le 23 d\u00e9cembre dernier pour lutter contre le coronavirus. L\u2019ex\u00e9cutif pr\u00e9cise que cette d\u00e9cision intervient suite \u00e0 l\u2019\u00e9volution de la situation \u00e9pid\u00e9miologique au niveau mondial et l\u2019apparition de nouvelles variantes du virus dans des pays [&hellip;]<\/p>\n","protected":false},"author":1787,"featured_media":0,"comment_status":"closed","ping_status":"closed","sticky":false,"template":"","format":"standard","meta":{"fifu_image_url":"","fifu_image_alt":"","footnotes":""},"categories":[78,54],"tags":[],"class_list":["post-109157","post","type-post","status-publish","format-standard","hentry","category-economie","category-maroc"],"_links":{"self":[{"href":"https:\/\/linitiative.ca\/International\/wp-json\/wp\/v2\/posts\/109157","targetHints":{"allow":["GET"]}}],"collection":[{"href":"https:\/\/linitiative.ca\/International\/wp-json\/wp\/v2\/posts"}],"about":[{"href":"https:\/\/linitiative.ca\/International\/wp-json\/wp\/v2\/types\/post"}],"author":[{"embeddable":true,"href":"https:\/\/linitiative.ca\/International\/wp-json\/wp\/v2\/users\/1787"}],"replies":[{"embeddable":true,"href":"https:\/\/linitiative.ca\/International\/wp-json\/wp\/v2\/comments?post=109157"}],"version-history":[{"count":0,"href":"https:\/\/linitiative.ca\/International\/wp-json\/wp\/v2\/posts\/109157\/revisions"}],"wp:attachment":[{"href":"https:\/\/linitiative.ca\/International\/wp-json\/wp\/v2\/media?parent=109157"}],"wp:term":[{"taxonomy":"category","embeddable":true,"href":"https:\/\/linitiative.ca\/International\/wp-json\/wp\/v2\/categories?post=109157"},{"taxonomy":"post_tag","embeddable":true,"href":"https:\/\/linitiative.ca\/International\/wp-json\/wp\/v2\/tags?post=109157"}],"curies":[{"name":"wp","href":"https:\/\/api.w.org\/{rel}","templated":true}]}}