{"id":109158,"date":"2021-01-12T15:00:23","date_gmt":"2021-01-12T20:00:23","guid":{"rendered":"https:\/\/linitiative.ca\/International\/tunisie-nissaf-ben-alaya-la-situation-sanitaire-est-alarmante\/"},"modified":"2021-01-12T15:00:23","modified_gmt":"2021-01-12T20:00:23","slug":"tunisie-nissaf-ben-alaya-la-situation-sanitaire-est-alarmante","status":"publish","type":"post","link":"https:\/\/linitiative.ca\/International\/tunisie-nissaf-ben-alaya-la-situation-sanitaire-est-alarmante\/","title":{"rendered":"Tunisie-Nissaf Ben Alaya: \u201cLa situation sanitaire est alarmante\u201d"},"content":{"rendered":"<div class=\"post-cont-in left relative\">\n<div id=\"post-info-wrap\" class=\"left relative post-info-out\">\n<div class=\"post-info-img left relative\"><img loading=\"lazy\" decoding=\"async\" alt=\"\" src=\"https:\/\/secure.gravatar.com\/avatar\/ea481d7287ad38ca1787f44b5bb1b70e?s=50&amp;d=mm&amp;r=g\" srcset=\"https:\/\/secure.gravatar.com\/avatar\/ea481d7287ad38ca1787f44b5bb1b70e?s=100&amp;d=mm&amp;r=g 2x\" class=\"avatar avatar-50 photo\" height=\"50\" width=\"50\"\/><\/div>\n<div class=\"post-info-in\">\n<div class=\"post-info-right left relative post-info-name left relative\"><span><span class=\"post-info-text\">Par<\/span> <span class=\"author-name vcard fn author\"><a href=\"https:\/\/www.tunisienumerique.com\/author\/rania-ben-slimane\/\" title=\"Articles par rania ben slimane\" rel=\"author\">rania ben slimane<\/a><\/span><\/span> <span class=\"post-date updated\"><time class=\"post-date updated\" datetime=\"2021-01-12\">\u00a0| Il y a 1 heure<\/time><\/span><\/div>\n<div class=\"left relative\"><button id=\"listenButton1\" class=\"responsivevoice-button\" type=\"button\" value=\"Play\" title=\"&#xC9;coutez l'article\"><span>\ud83d\udd0a \u00c9coutez l&rsquo;article<\/span><\/button> <\/div>\n<\/div>\n<\/div>\n<p>Apr\u00e8s la conf\u00e9rence de presse du minist\u00e8re de la Sant\u00e9, tenue ce soir au Palais de la Pr\u00e9sidence du gouvernement \u00e0 la Kasbah, la Porte-parole officielle du minist\u00e8re de la Sant\u00e9, Nissaf Ben Alaya a annonc\u00e9 \u00e0 notre correspondante Tunisienum\u00e9rique le 12 janvier 2021, que la situation \u00e9pid\u00e9miologique en Tunisie est \u201c<em>tr\u00e8s grave, voire chaotique<\/em>\u201c.<\/p>\n<div class=\"code-block code-block-1 c5\"><ins class=\"adsbygoogle c4\" data-ad-layout=\"in-article\" data-ad-format=\"fluid\" data-ad-client=\"ca-pub-2102118777505746\" data-ad-slot=\"7301775417\"\/> <\/div>\n<p>Elle a expliqu\u00e9 que cela est d\u00fb \u00e0 la haute propagation du Coronavirus, soulignant une augmentation du nombre de d\u00e9c\u00e8s, dont la moyenne d\u2019\u00e2ge est de 70 ans et pr\u00e9cisant que les \u00e9tablissements de sant\u00e9 ont atteint la limite de leur capacit\u00e9.<\/p>\n<p>Dans ce m\u00eame contexte, elle a d\u00e9clar\u00e9 la n\u00e9cessit\u00e9 de la prise de mesures pour limiter la propagation de l\u2019\u00e9pid\u00e9mie, \u00e0 savoir le confinement g\u00e9n\u00e9ral de 4 jours, puis la suspension des cours dans tous les \u00e9tablissements \u00e9ducatifs, la poursuite du couvre-feu, l\u2019interdiction de tous les \u00e9v\u00e8nements, la fermeture des march\u00e9s hebdomadaires, la lev\u00e9e des chaises dans tous les caf\u00e9s et les restaurants (assurant uniquement le service \u00e0 emporter), le travail par groupe ainsi que le t\u00e9l\u00e9travail (dans certains cas).<\/p>\n<p>En outre, elle a indiqu\u00e9 l\u2019\u00e9valuation continue de ces mesures pour d\u00e9terminer l\u2019\u00e9volution de la situation \u00e9pid\u00e9miologique.<\/p>\n<p>\u00ab\u00a0<em>Si la situation sanitaire ne s\u2019am\u00e9liore pas, nous serons oblig\u00e9s de poursuivre l\u2019application de ces mesures.<\/em>\u00a0\u00bb a-t-elle expliqu\u00e9.<\/p>\n<p>Selon Nissaf Ben Alaya , le minist\u00e8re va assurer l\u2019acquisition de lits de r\u00e9animation suppl\u00e9mentaires dans les plus brefs d\u00e9lais.<\/p>\n<p>\u00ab Toutefois, si la situation \u00e9pid\u00e9miologique s\u2019aggrave davantage, le minist\u00e8re ne serait plus en mesure d\u2019assurer les lits n\u00e9cessaires, c\u2019est pour cette raison que nous avons pris ces mesures qui seront \u00e9valu\u00e9es la semaine prochaine \u00bb a-t-elle pr\u00e9cis\u00e9.<\/p>\n<p>Elle a \u00e9galement soulign\u00e9 l\u2019application des mesures ad\u00e9quates (mise en quarantaine, test-PCR et prise en charge m\u00e9dicale) quant aux voyageurs en provenance de foyers de la nouvelle souche virale, ajoutant l\u2019interdiction de voyage vers les destinations \u00e0 haut risque de contamination.<\/p>\n<div class=\"swp_social_panel swp_horizontal_panel swp_flat_fresh swp_default_full_color swp_individual_full_color swp_other_full_color scale-100 scale-\" data-min-width=\"1100\" data-float-color=\"#ffffff\" data-float=\"bottom\" data-float-mobile=\"bottom\" data-transition=\"slide\">\n<div class=\"nc_tweetContainer swp_share_button total_shares total_sharesalt\"><span class=\"swp_count\">12 <span class=\"swp_label\">Partages<\/span><\/span><\/div>\n<\/div>\n<p><strong>Que se passe-t-il en Tunisie?<\/strong><br \/>Nous expliquons sur notre <a href=\"https:\/\/www.youtube.com\/channel\/UCRzypVq0B_yBad5eGrwBx0Q?sub_confirmation=1\" target=\"_blank\" rel=\"noopener\">cha\u00eene YouTube<\/a> . <a href=\"https:\/\/www.youtube.com\/channel\/UCRzypVq0B_yBad5eGrwBx0Q?sub_confirmation=1\" target=\"_blank\" rel=\"noopener\">Abonnez-vous!<\/a><\/p>\n<div class=\"mvp-org-wrap mvp-org-logo\" itemprop=\"publisher\"><img decoding=\"async\" src=\"https:\/\/www.tunisienumerique.com\/wp-content\/uploads\/2017\/02\/logo_tunisie_numerique.png\"\/><\/div>\n<div class=\"mvp-related-posts left relative\">\n<h4 class=\"post-header\"><span class=\"post-header\">Lire aussi<\/span><\/h4>\n<\/div>\n<div id=\"article-ad\"><ins class=\"adsbygoogle c6\" data-ad-client=\"ca-pub-2102118777505746\" data-ad-slot=\"6513972734\" data-ad-format=\"auto\" data-full-width-responsive=\"true\"\/> <\/div>\n<\/div>\n<div id=\"post-sidebar-wrap\"><ins class=\"adsbygoogle c6\" data-ad-client=\"ca-pub-2102118777505746\" data-ad-slot=\"6168283410\" data-ad-format=\"auto\" data-full-width-responsive=\"true\"\/> <\/div>\n<p>Auteur: rania ben slimane<br \/>\n<a href=\"https:\/\/www.tunisienumerique.com\/tunisie-nissaf-ben-alaya-la-situation-sanitaire-est-alarmante\/\">Cliquez ici pour lire l&rsquo;article depuis sa source.<\/a><\/p>\n","protected":false},"excerpt":{"rendered":"<p>Par rania ben slimane \u00a0| Il y a 1 heure \ud83d\udd0a \u00c9coutez l&rsquo;article Apr\u00e8s la conf\u00e9rence de presse du minist\u00e8re de la Sant\u00e9, tenue ce soir au Palais de la Pr\u00e9sidence du gouvernement \u00e0 la Kasbah, la Porte-parole officielle du minist\u00e8re de la Sant\u00e9, Nissaf Ben Alaya a annonc\u00e9 \u00e0 notre correspondante Tunisienum\u00e9rique le 12 [&hellip;]<\/p>\n","protected":false},"author":1789,"featured_media":0,"comment_status":"closed","ping_status":"closed","sticky":false,"template":"","format":"standard","meta":{"fifu_image_url":"https:\/\/secure.gravatar.com\/avatar\/ea481d7287ad38ca1787f44b5bb1b70e?s=50&d=mm&r=g","fifu_image_alt":"Tunisie-Nissaf Ben Alaya: \u201cLa situation sanitaire est alarmante\u201d","footnotes":""},"categories":[73,55],"tags":[],"class_list":["post-109158","post","type-post","status-publish","format-standard","hentry","category-actualite","category-tunisie"],"_links":{"self":[{"href":"https:\/\/linitiative.ca\/International\/wp-json\/wp\/v2\/posts\/109158","targetHints":{"allow":["GET"]}}],"collection":[{"href":"https:\/\/linitiative.ca\/International\/wp-json\/wp\/v2\/posts"}],"about":[{"href":"https:\/\/linitiative.ca\/International\/wp-json\/wp\/v2\/types\/post"}],"author":[{"embeddable":true,"href":"https:\/\/linitiative.ca\/International\/wp-json\/wp\/v2\/users\/1789"}],"replies":[{"embeddable":true,"href":"https:\/\/linitiative.ca\/International\/wp-json\/wp\/v2\/comments?post=109158"}],"version-history":[{"count":0,"href":"https:\/\/linitiative.ca\/International\/wp-json\/wp\/v2\/posts\/109158\/revisions"}],"wp:attachment":[{"href":"https:\/\/linitiative.ca\/International\/wp-json\/wp\/v2\/media?parent=109158"}],"wp:term":[{"taxonomy":"category","embeddable":true,"href":"https:\/\/linitiative.ca\/International\/wp-json\/wp\/v2\/categories?post=109158"},{"taxonomy":"post_tag","embeddable":true,"href":"https:\/\/linitiative.ca\/International\/wp-json\/wp\/v2\/tags?post=109158"}],"curies":[{"name":"wp","href":"https:\/\/api.w.org\/{rel}","templated":true}]}}