{"id":109159,"date":"2021-01-12T15:20:40","date_gmt":"2021-01-12T20:20:40","guid":{"rendered":"https:\/\/linitiative.ca\/International\/tunisie-un-confinement-qui-tombe-a-pic\/"},"modified":"2021-01-12T15:20:40","modified_gmt":"2021-01-12T20:20:40","slug":"tunisie-un-confinement-qui-tombe-a-pic","status":"publish","type":"post","link":"https:\/\/linitiative.ca\/International\/tunisie-un-confinement-qui-tombe-a-pic\/","title":{"rendered":"Tunisie \u2013 Un confinement qui tombe \u00e0 pic\u00a0!"},"content":{"rendered":"<div class=\"post-cont-in left relative\">\n<div id=\"post-info-wrap\" class=\"left relative post-info-out\">\n<div class=\"post-info-img left relative\"><img loading=\"lazy\" decoding=\"async\" alt=\"\" src=\"https:\/\/secure.gravatar.com\/avatar\/047123be9d5e8513774383916ee72db2?s=50&amp;d=mm&amp;r=g\" srcset=\"https:\/\/secure.gravatar.com\/avatar\/047123be9d5e8513774383916ee72db2?s=100&amp;d=mm&amp;r=g 2x\" class=\"avatar avatar-50 photo\" height=\"50\" width=\"50\"\/><\/div>\n<div class=\"post-info-in\">\n<div class=\"post-info-right left relative post-info-name left relative\"><span><span class=\"post-info-text\">Par<\/span> <span class=\"author-name vcard fn author\"><a href=\"https:\/\/www.tunisienumerique.com\/author\/lm\/\" title=\"Articles par LM\" rel=\"author\">LM<\/a><\/span><\/span> <span class=\"post-date updated\"><time class=\"post-date updated\" datetime=\"2021-01-12\">\u00a0| Il y a 1 heure<\/time><\/span><\/div>\n<div class=\"left relative\"><button id=\"listenButton1\" class=\"responsivevoice-button\" type=\"button\" value=\"Play\" title=\"&#xC9;coutez l'article\"><span>\ud83d\udd0a \u00c9coutez l&rsquo;article<\/span><\/button> <\/div>\n<\/div>\n<\/div>\n<p>Le confinement g\u00e9n\u00e9ral a \u00e9t\u00e9 d\u00e9cr\u00e9t\u00e9 par le gouvernement, sur la base de l\u2019avis de la commission scientifique de lutte contre la Covid. Le confinement n\u2019arrange certes pas l\u2019image ni la popularit\u00e9 du gouvernement, ni celles de la commission scientifique. Paradoxalement, cette d\u00e9cision tombe \u00e0 pic, pour l\u2019int\u00e9r\u00eat des partis politiques de tous horizons.<\/p>\n<div class=\"code-block code-block-1 c4\"><ins class=\"adsbygoogle c3\" data-ad-layout=\"in-article\" data-ad-format=\"fluid\" data-ad-client=\"ca-pub-2102118777505746\" data-ad-slot=\"7301775417\"\/> <\/div>\n<p>Le confinement d\u00e9cr\u00e9t\u00e9 commen\u00e7ant le 14 janvier, va, en effet, permettre de zapper l\u2019\u00e9ch\u00e9ance que tout le monde appr\u00e9hendait, cette ann\u00e9e, celle de la comm\u00e9moration du dixi\u00e8me anniversaire de la r\u00e9volution.<\/p>\n<p>Le confinement de quatre jours, va permettre de noyer cette comm\u00e9moration dans la hantise des tunisiens de la maladie et les emp\u00eacher d\u2019entreprendre on ne sait quelle manifestation.<\/p>\n<p>Dix ans apr\u00e8s la \u00ab\u00a0r\u00e9volution\u00a0\u00bb, il est, en effet, devenu trop risqu\u00e9 de la f\u00eater. Car, avec la d\u00e9ception et le m\u00e9contentement de tous les citoyens, surtout dans les zones int\u00e9rieures, on ne sait jamais comme cela pourrait d\u00e9g\u00e9n\u00e9rer.<\/p>\n<p>Donc, oui, le confinement est le bien venu. On serait, m\u00eame, tent\u00e9 de se dire qu\u2019il aurait \u00e9t\u00e9 retard\u00e9 au 14 janvier expr\u00e8s, que \u00e7\u00e0 ne serait pas \u00e9tonnant.<\/p>\n<div class=\"swp_social_panel swp_horizontal_panel swp_flat_fresh swp_default_full_color swp_individual_full_color swp_other_full_color scale-100 scale-\" data-min-width=\"1100\" data-float-color=\"#ffffff\" data-float=\"bottom\" data-float-mobile=\"bottom\" data-transition=\"slide\">\n<div class=\"nc_tweetContainer swp_share_button total_shares total_sharesalt\"><span class=\"swp_count\">11 <span class=\"swp_label\">Partages<\/span><\/span><\/div>\n<\/div>\n<p><strong>Que se passe-t-il en Tunisie?<\/strong><br \/>Nous expliquons sur notre <a href=\"https:\/\/www.youtube.com\/channel\/UCRzypVq0B_yBad5eGrwBx0Q?sub_confirmation=1\" target=\"_blank\" rel=\"noopener\">cha\u00eene YouTube<\/a> . <a href=\"https:\/\/www.youtube.com\/channel\/UCRzypVq0B_yBad5eGrwBx0Q?sub_confirmation=1\" target=\"_blank\" rel=\"noopener\">Abonnez-vous!<\/a><\/p>\n<div class=\"mvp-org-wrap mvp-org-logo\" itemprop=\"publisher\"><img decoding=\"async\" src=\"https:\/\/www.tunisienumerique.com\/wp-content\/uploads\/2017\/02\/logo_tunisie_numerique.png\"\/><\/div>\n<div class=\"mvp-related-posts left relative\">\n<h4 class=\"post-header\"><span class=\"post-header\">Lire aussi<\/span><\/h4>\n<\/div>\n<div id=\"article-ad\"><ins class=\"adsbygoogle c5\" data-ad-client=\"ca-pub-2102118777505746\" data-ad-slot=\"6513972734\" data-ad-format=\"auto\" data-full-width-responsive=\"true\"\/> <\/div>\n<\/div>\n<div id=\"post-sidebar-wrap\"><ins class=\"adsbygoogle c5\" data-ad-client=\"ca-pub-2102118777505746\" data-ad-slot=\"6168283410\" data-ad-format=\"auto\" data-full-width-responsive=\"true\"\/> <\/div>\n<p>Auteur: LM<br \/>\n<a href=\"https:\/\/www.tunisienumerique.com\/tunisie-un-confinement-qui-tombe-a-pic\/\">Cliquez ici pour lire l&rsquo;article depuis sa source.<\/a><\/p>\n","protected":false},"excerpt":{"rendered":"<p>Par LM \u00a0| Il y a 1 heure \ud83d\udd0a \u00c9coutez l&rsquo;article Le confinement g\u00e9n\u00e9ral a \u00e9t\u00e9 d\u00e9cr\u00e9t\u00e9 par le gouvernement, sur la base de l\u2019avis de la commission scientifique de lutte contre la Covid. Le confinement n\u2019arrange certes pas l\u2019image ni la popularit\u00e9 du gouvernement, ni celles de la commission scientifique. Paradoxalement, cette d\u00e9cision tombe [&hellip;]<\/p>\n","protected":false},"author":1789,"featured_media":0,"comment_status":"closed","ping_status":"closed","sticky":false,"template":"","format":"standard","meta":{"fifu_image_url":"https:\/\/secure.gravatar.com\/avatar\/047123be9d5e8513774383916ee72db2?s=50&d=mm&r=g","fifu_image_alt":"Tunisie \u2013 Un confinement qui tombe \u00e0 pic\u00a0!","footnotes":""},"categories":[73,55],"tags":[],"class_list":["post-109159","post","type-post","status-publish","format-standard","hentry","category-actualite","category-tunisie"],"_links":{"self":[{"href":"https:\/\/linitiative.ca\/International\/wp-json\/wp\/v2\/posts\/109159","targetHints":{"allow":["GET"]}}],"collection":[{"href":"https:\/\/linitiative.ca\/International\/wp-json\/wp\/v2\/posts"}],"about":[{"href":"https:\/\/linitiative.ca\/International\/wp-json\/wp\/v2\/types\/post"}],"author":[{"embeddable":true,"href":"https:\/\/linitiative.ca\/International\/wp-json\/wp\/v2\/users\/1789"}],"replies":[{"embeddable":true,"href":"https:\/\/linitiative.ca\/International\/wp-json\/wp\/v2\/comments?post=109159"}],"version-history":[{"count":0,"href":"https:\/\/linitiative.ca\/International\/wp-json\/wp\/v2\/posts\/109159\/revisions"}],"wp:attachment":[{"href":"https:\/\/linitiative.ca\/International\/wp-json\/wp\/v2\/media?parent=109159"}],"wp:term":[{"taxonomy":"category","embeddable":true,"href":"https:\/\/linitiative.ca\/International\/wp-json\/wp\/v2\/categories?post=109159"},{"taxonomy":"post_tag","embeddable":true,"href":"https:\/\/linitiative.ca\/International\/wp-json\/wp\/v2\/tags?post=109159"}],"curies":[{"name":"wp","href":"https:\/\/api.w.org\/{rel}","templated":true}]}}