{"id":109161,"date":"2021-01-12T16:27:41","date_gmt":"2021-01-12T21:27:41","guid":{"rendered":"https:\/\/linitiative.ca\/International\/tunisie-un-point-de-presse-du-ministre-de-la-sante-a-oublier-et-qui-devrait-accelerer-son-depart\/"},"modified":"2021-01-12T16:27:41","modified_gmt":"2021-01-12T21:27:41","slug":"tunisie-un-point-de-presse-du-ministre-de-la-sante-a-oublier-et-qui-devrait-accelerer-son-depart","status":"publish","type":"post","link":"https:\/\/linitiative.ca\/International\/tunisie-un-point-de-presse-du-ministre-de-la-sante-a-oublier-et-qui-devrait-accelerer-son-depart\/","title":{"rendered":"Tunisie \u2013 Un point de presse du ministre de la sant\u00e9 \u00e0 oublier et qui devrait acc\u00e9l\u00e9rer son d\u00e9part"},"content":{"rendered":"<div class=\"post-cont-in left relative\">\n<div id=\"post-info-wrap\" class=\"left relative post-info-out\">\n<div class=\"post-info-img left relative\"><img loading=\"lazy\" decoding=\"async\" alt=\"\" src=\"https:\/\/secure.gravatar.com\/avatar\/96253f4a657b482a18e837c1252096c2?s=50&amp;d=mm&amp;r=g\" srcset=\"https:\/\/secure.gravatar.com\/avatar\/96253f4a657b482a18e837c1252096c2?s=100&amp;d=mm&amp;r=g 2x\" class=\"avatar avatar-50 photo\" height=\"50\" width=\"50\"\/><\/div>\n<div class=\"post-info-in\">\n<div class=\"post-info-right left relative post-info-name left relative\"><span><span class=\"post-info-text\">Par<\/span> <span class=\"author-name vcard fn author\"><a href=\"https:\/\/www.tunisienumerique.com\/author\/saber\/\" title=\"Articles par Saber .\" rel=\"author\">Saber .<\/a><\/span><\/span> <span class=\"post-date updated\"><time class=\"post-date updated\" datetime=\"2021-01-12\">\u00a0| Il y a 21 minutes<\/time><\/span><\/div>\n<div class=\"left relative\"><button id=\"listenButton1\" class=\"responsivevoice-button\" type=\"button\" value=\"Play\" title=\"&#xC9;coutez l'article\"><span>\ud83d\udd0a \u00c9coutez l&rsquo;article<\/span><\/button> <\/div>\n<\/div>\n<\/div>\n<p>Le pays \u00e9tait en effervescence, depuis, d\u00e9j\u00e0, quelques jours. Les gens \u00e9taient effar\u00e9s par l\u2019\u00e9volution catastrophique que connaissait l\u2019\u00e9pid\u00e9mie, et d\u00e9sesp\u00e9r\u00e9s de l\u2019arriv\u00e9e des doses de vaccin, seule possibilit\u00e9 pour stopper cette vague meurtri\u00e8re. L\u2019annonce de la r\u00e9union de la commission anti covid avait \u00e9t\u00e9 faite deux jours auparavant. Ce qui fait que tout le monde attendait les d\u00e9cisions \u00e0 annoncer avec impatience, et esp\u00e9rait, entre autres, la d\u00e9cision d\u2019un confinement g\u00e9n\u00e9ral. En effet, et devant la gravit\u00e9 de la situation, les tunisiens ont oubli\u00e9 les affres du confinement et voulaient un deuxi\u00e8me \u00e9pisode, pas trop long, pour pouvoir conjurer le sort. Les tunisiens esp\u00e9raient, aussi, et surtout, entendre une bonne nouvelle par rapport au vaccin. Surtout que les pays voisins ont commenc\u00e9 \u00e0 vacciner, cela prouve que c\u2019est possible, et pas trop difficile.<\/p>\n<div class=\"code-block code-block-1 c4\"><ins class=\"adsbygoogle c3\" data-ad-layout=\"in-article\" data-ad-format=\"fluid\" data-ad-client=\"ca-pub-2102118777505746\" data-ad-slot=\"7301775417\"\/> <\/div>\n<p>Mais quelle n\u2019a \u00e9t\u00e9 leur d\u00e9ception apr\u00e8s la prise de parole du ministre de la sant\u00e9, qui n\u2019a rien dit de nouveau, \u00e0 part la d\u00e9cision du confinement g\u00e9n\u00e9ral, l\u2019interdiction d\u2019utiliser les tables et chaises dans les caf\u00e9s, le renforcement du couvre feu\u2026 Tout ce qui pouvait \u00eatre d\u00e9cid\u00e9 pour rendre la vie du tunisien impossible.<\/p>\n<p>Aucune explication de la situation, \u00e0 part quelques chiffres \u00e9nonc\u00e9s de fa\u00e7on \u00e9vasive avec une voix monocorde ankylos\u00e9e. Aucun mea-culpa, ni le moindre aveu d\u2019une insuffisance quelconque des services du minist\u00e8re. Le ministre a, tout simplement, jet\u00e9 la responsabilit\u00e9 de la situation sur ce satan\u00e9 citoyen qui a refus\u00e9 de se plier aux consignes que son d\u00e9partement avait d\u00e9cid\u00e9.<\/p>\n<p>M\u00eame en ce qui concerne son \u00e9chec indiscutable par rapport \u00e0 l\u2019obtention des doses de vaccin, il a contourn\u00e9 la question en assurant que son minist\u00e8re a commenc\u00e9 \u00e0 y travailler. Il a pr\u00e9cis\u00e9 qu\u2019ils ont d\u00e9cid\u00e9 de mettre en place une plateforme (emprunt\u00e9e, en r\u00e9alit\u00e9, \u00e0 l\u2019ISIE) d\u2019enregistrement des candidats au vaccin en ligne, et qu\u2019ils sont en train d\u2019attendre les informations des autorit\u00e9s r\u00e9gionales afin de d\u00e9terminer les futurs centres de vaccination. \u00a0Oui\u00a0! Il a os\u00e9 dire qu\u2019avec ces broutilles il a commenc\u00e9 \u00e0 appliquer sa strat\u00e9gie de vaccination, alors que nos voisins en sont \u00e0 l\u2019\u00e9tape de la vaccination effective. Il a, en somme, \u00e9t\u00e9 fid\u00e8le au dicton bien de chez nous qui dit qu\u2019on pr\u00e9pare, parfois, les tapis avant de construire la mosqu\u00e9e. Et notre brillantissime ministre est en train de parler de plateformes, de centres de vaccination, alors qu\u2019il ne sait pas quand et aupr\u00e8s de qui il va pouvoir acheter les doses n\u00e9cessaires aux tunisiens.<\/p>\n<p>Par la suite, le ministre trop confiant en sa facult\u00e9 de communication et sa ma\u00eetrise du sujet, a cat\u00e9goriquement, refus\u00e9 de continuer \u00e0 r\u00e9pondre aux questions des coll\u00e8gues, ni m\u00eame de les \u00e9couter. Il n\u2019a pas appris de ses homologues des autres pays, et de leur art de conduire les conf\u00e9rences de presse.<\/p>\n<p>En r\u00e9sum\u00e9, une d\u00e9claration de presse \u00e0 oublier, tellement elle \u00e9tait d\u00e9primante. Quoique porteuse d\u2019un espoir, tout de m\u00eame\u00a0: celui du fait qu\u2019avec une sortie pareille il ne sera, en principe, plus question qu\u2019il continue \u00e0 la t\u00eate du minist\u00e8re\u00a0!<\/p>\n<div class=\"swp_social_panel swp_horizontal_panel swp_flat_fresh swp_default_full_color swp_individual_full_color swp_other_full_color scale-100 scale-\" data-min-width=\"1100\" data-float-color=\"#ffffff\" data-float=\"bottom\" data-float-mobile=\"bottom\" data-transition=\"slide\">\n<div class=\"nc_tweetContainer swp_share_button total_shares total_sharesalt\"><span class=\"swp_count\">6 <span class=\"swp_label\">Partages<\/span><\/span><\/div>\n<\/div>\n<p><strong>Que se passe-t-il en Tunisie?<\/strong><br \/>Nous expliquons sur notre <a href=\"https:\/\/www.youtube.com\/channel\/UCRzypVq0B_yBad5eGrwBx0Q?sub_confirmation=1\" target=\"_blank\" rel=\"noopener\">cha\u00eene YouTube<\/a> . <a href=\"https:\/\/www.youtube.com\/channel\/UCRzypVq0B_yBad5eGrwBx0Q?sub_confirmation=1\" target=\"_blank\" rel=\"noopener\">Abonnez-vous!<\/a><\/p>\n<div class=\"mvp-org-wrap mvp-org-logo\" itemprop=\"publisher\"><img decoding=\"async\" src=\"https:\/\/www.tunisienumerique.com\/wp-content\/uploads\/2017\/02\/logo_tunisie_numerique.png\"\/><\/div>\n<div class=\"mvp-related-posts left relative\">\n<h4 class=\"post-header\"><span class=\"post-header\">Lire aussi<\/span><\/h4>\n<\/div>\n<div id=\"article-ad\"><ins class=\"adsbygoogle c5\" data-ad-client=\"ca-pub-2102118777505746\" data-ad-slot=\"6513972734\" data-ad-format=\"auto\" data-full-width-responsive=\"true\"\/> <\/div>\n<\/div>\n<div id=\"post-sidebar-wrap\"><ins class=\"adsbygoogle c5\" data-ad-client=\"ca-pub-2102118777505746\" data-ad-slot=\"6168283410\" data-ad-format=\"auto\" data-full-width-responsive=\"true\"\/> <\/div>\n<p>Auteur: Saber .<br \/>\n<a href=\"https:\/\/www.tunisienumerique.com\/tunisie-un-point-de-presse-du-ministre-de-la-sante-a-oublier-et-qui-devrait-accelerer-son-depart\/\">Cliquez ici pour lire l&rsquo;article depuis sa source.<\/a><\/p>\n","protected":false},"excerpt":{"rendered":"<p>Par Saber . \u00a0| Il y a 21 minutes \ud83d\udd0a \u00c9coutez l&rsquo;article Le pays \u00e9tait en effervescence, depuis, d\u00e9j\u00e0, quelques jours. Les gens \u00e9taient effar\u00e9s par l\u2019\u00e9volution catastrophique que connaissait l\u2019\u00e9pid\u00e9mie, et d\u00e9sesp\u00e9r\u00e9s de l\u2019arriv\u00e9e des doses de vaccin, seule possibilit\u00e9 pour stopper cette vague meurtri\u00e8re. L\u2019annonce de la r\u00e9union de la commission anti covid [&hellip;]<\/p>\n","protected":false},"author":1789,"featured_media":0,"comment_status":"closed","ping_status":"closed","sticky":false,"template":"","format":"standard","meta":{"fifu_image_url":"https:\/\/secure.gravatar.com\/avatar\/96253f4a657b482a18e837c1252096c2?s=50&d=mm&r=g","fifu_image_alt":"Tunisie \u2013 Un point de presse du ministre de la sant\u00e9 \u00e0 oublier et qui devrait acc\u00e9l\u00e9rer son d\u00e9part","footnotes":""},"categories":[73,55],"tags":[],"class_list":["post-109161","post","type-post","status-publish","format-standard","hentry","category-actualite","category-tunisie"],"_links":{"self":[{"href":"https:\/\/linitiative.ca\/International\/wp-json\/wp\/v2\/posts\/109161","targetHints":{"allow":["GET"]}}],"collection":[{"href":"https:\/\/linitiative.ca\/International\/wp-json\/wp\/v2\/posts"}],"about":[{"href":"https:\/\/linitiative.ca\/International\/wp-json\/wp\/v2\/types\/post"}],"author":[{"embeddable":true,"href":"https:\/\/linitiative.ca\/International\/wp-json\/wp\/v2\/users\/1789"}],"replies":[{"embeddable":true,"href":"https:\/\/linitiative.ca\/International\/wp-json\/wp\/v2\/comments?post=109161"}],"version-history":[{"count":0,"href":"https:\/\/linitiative.ca\/International\/wp-json\/wp\/v2\/posts\/109161\/revisions"}],"wp:attachment":[{"href":"https:\/\/linitiative.ca\/International\/wp-json\/wp\/v2\/media?parent=109161"}],"wp:term":[{"taxonomy":"category","embeddable":true,"href":"https:\/\/linitiative.ca\/International\/wp-json\/wp\/v2\/categories?post=109161"},{"taxonomy":"post_tag","embeddable":true,"href":"https:\/\/linitiative.ca\/International\/wp-json\/wp\/v2\/tags?post=109161"}],"curies":[{"name":"wp","href":"https:\/\/api.w.org\/{rel}","templated":true}]}}