{"id":109162,"date":"2021-01-12T17:11:02","date_gmt":"2021-01-12T22:11:02","guid":{"rendered":"https:\/\/linitiative.ca\/International\/tunisie-les-deux-faux-pas-fatidiques-de-nissaf-ben-alaya-dans-la-derniere-ligne-droite-de-la-course-au-poste-de-ministre\/"},"modified":"2021-01-12T17:11:02","modified_gmt":"2021-01-12T22:11:02","slug":"tunisie-les-deux-faux-pas-fatidiques-de-nissaf-ben-alaya-dans-la-derniere-ligne-droite-de-la-course-au-poste-de-ministre","status":"publish","type":"post","link":"https:\/\/linitiative.ca\/International\/tunisie-les-deux-faux-pas-fatidiques-de-nissaf-ben-alaya-dans-la-derniere-ligne-droite-de-la-course-au-poste-de-ministre\/","title":{"rendered":"Tunisie \u2013 Les deux faux pas fatidiques de Nissaf Ben Alaya dans la derni\u00e8re ligne droite de la course au poste de ministre"},"content":{"rendered":"<div class=\"post-cont-in left relative\">\n<div id=\"post-info-wrap\" class=\"left relative post-info-out\">\n<div class=\"post-info-img left relative\"><img loading=\"lazy\" decoding=\"async\" alt=\"\" src=\"https:\/\/secure.gravatar.com\/avatar\/96253f4a657b482a18e837c1252096c2?s=50&amp;d=mm&amp;r=g\" srcset=\"https:\/\/secure.gravatar.com\/avatar\/96253f4a657b482a18e837c1252096c2?s=100&amp;d=mm&amp;r=g 2x\" class=\"avatar avatar-50 photo\" height=\"50\" width=\"50\"\/><\/div>\n<div class=\"post-info-in\">\n<div class=\"post-info-right left relative post-info-name left relative\"><span><span class=\"post-info-text\">Par<\/span> <span class=\"author-name vcard fn author\"><a href=\"https:\/\/www.tunisienumerique.com\/author\/saber\/\" title=\"Articles par Saber .\" rel=\"author\">Saber .<\/a><\/span><\/span> <span class=\"post-date updated\"><time class=\"post-date updated\" datetime=\"2021-01-12\">\u00a0| Il y a 9 minutes<\/time><\/span><\/div>\n<div class=\"left relative\"><button id=\"listenButton1\" class=\"responsivevoice-button\" type=\"button\" value=\"Play\" title=\"&#xC9;coutez l'article\"><span>\ud83d\udd0a \u00c9coutez l&rsquo;article<\/span><\/button> <\/div>\n<\/div>\n<\/div>\n<p>Le Dr Nissaf en Alaya que le hasard, et aussi, la ma\u00eetrise de sa patronne d\u2019alors, a propuls\u00e9 au devant de la sc\u00e8ne, au moment du d\u00e9marrage de l\u2019\u00e9pid\u00e9mie du covid, a appris, avec le temps \u00e0 avoir tendance \u00e0 abuser de sa confiance en soi.<\/p>\n<div class=\"code-block code-block-1 c4\"><ins class=\"adsbygoogle c3\" data-ad-layout=\"in-article\" data-ad-format=\"fluid\" data-ad-client=\"ca-pub-2102118777505746\" data-ad-slot=\"7301775417\"\/> <\/div>\n<p>Pourtant, la suite des \u00e9v\u00e8nements a fini par d\u00e9montrer les limites de ses capacit\u00e9s, et que la vraie comp\u00e9tence qui avait assur\u00e9 \u00e0 cette \u00e9poque l\u00e0, ce n\u2019\u00e9tait pas elle ! Elle avait, en effet, la possibilit\u00e9 de continuer sur sa lanc\u00e9e, et poursuivre \u00ab son \u00bb succ\u00e8s, mais le fait qu\u2019elle ait \u00e9t\u00e9 priv\u00e9e d\u2019une direction efficiente, l\u2019a fait rater le coche, et amener le pays \u00e0 la situation actuelle. Et, d\u2019ailleurs elle le revendique fi\u00e8rement.<\/p>\n<p>Malgr\u00e9 cela, on a bien voulu lui faire confiance, et on a pens\u00e9 \u00e0 elle pour prendre le relais de l\u2019actuel ministre de la sant\u00e9, lors du prochain remaniement. Ce qui n\u2019a pas manqu\u00e9 de lui donner un peu plus confiance en elle. Le peu qui aura \u00e9t\u00e9 de trop.<\/p>\n<p>Car c\u2019est \u00e0 ce moment pr\u00e9cis qu\u2019\u00e9chaud\u00e9e par tant d\u2019\u00e9loges et par les feux de la rampe, Nissaf Ben Alaya a tr\u00e9buch\u00e9, par deux fois, alors qu\u2019elle courait en t\u00eate sur la derni\u00e8re ligne droite de la course \u00e0 Bab Sa\u00e2doun.<\/p>\n<p>Elle a commis une monumentale erreur en cautionnant la d\u00e9cision du confinement g\u00e9n\u00e9ral de quatre jours et en la justifiant en en expliquant les b\u00e9n\u00e9fices, alors que 24 heures plus t\u00f4t elle jurait ses grands dieux que cette mesure \u00e9tait absurde et ne servait \u00e0 rien, sinon \u00e0 renforcer l\u2019extension de l\u2019\u00e9pid\u00e9mie dans les foyers o\u00f9 les gens allaient devoir rester confin\u00e9s m\u00e9lang\u00e9s entre porteurs du virus et personnes indemnes. Une erreur qui laisse entrevoir que la personne n\u2019h\u00e9site pas \u00e0 balayer ses convictions scientifiques pour plaire \u00e0 ses sup\u00e9rieurs, comme elle l\u2019avait, d\u2019ailleurs, si bien d\u00e9montr\u00e9 lors en cautionnant l\u2019ouverture des fronti\u00e8res lors de la premi\u00e8re vague de l\u2019\u00e9pid\u00e9mie.<\/p>\n<p>Mais c\u2019est sa deuxi\u00e8me erreur qui lui sera, tr\u00e8s probablement, fatale, et qui est celle d\u2019avoir provoqu\u00e9 la haine du syndicat des enseignants en se moquant d\u2019eux et en assurant qu\u2019ils refusent d\u2019assurer les cours dans les \u00e9tablissements scolaires, mais qu\u2019il en est autrement, quand il s\u2019agit d\u2019assurer des cours particuliers. Ce qui a mis les syndicalistes, Lassa\u00e2d Ya\u00e2koubi \u00e0 leur t\u00eate, hors d\u2019eux, et les a pouss\u00e9s \u00e0 lui demander de s\u2019excuser imm\u00e9diatement des enseignants.<\/p>\n<p>Et l\u00e0, on voit mal comment un chef du gouvernement pourrait \u00eatre tent\u00e9 de s\u2019affubler d\u2019un boulet pareil, dans la mesure o\u00f9 il va finir de lui g\u00e2cher ses relations avec la toute puissante UGTT\u00a0!<\/p>\n<div class=\"swp_social_panel swp_horizontal_panel swp_flat_fresh swp_default_full_color swp_individual_full_color swp_other_full_color scale-100 scale-\" data-min-width=\"1100\" data-float-color=\"#ffffff\" data-float=\"bottom\" data-float-mobile=\"bottom\" data-transition=\"slide\">\n<div class=\"nc_tweetContainer swp_share_button total_shares total_sharesalt\"><span class=\"swp_count\">0 <span class=\"swp_label\">Partages<\/span><\/span><\/div>\n<\/div>\n<p><strong>Que se passe-t-il en Tunisie?<\/strong><br \/>Nous expliquons sur notre <a href=\"https:\/\/www.youtube.com\/channel\/UCRzypVq0B_yBad5eGrwBx0Q?sub_confirmation=1\" target=\"_blank\" rel=\"noopener\">cha\u00eene YouTube<\/a> . <a href=\"https:\/\/www.youtube.com\/channel\/UCRzypVq0B_yBad5eGrwBx0Q?sub_confirmation=1\" target=\"_blank\" rel=\"noopener\">Abonnez-vous!<\/a><\/p>\n<div class=\"mvp-org-wrap mvp-org-logo\" itemprop=\"publisher\"><img decoding=\"async\" src=\"https:\/\/www.tunisienumerique.com\/wp-content\/uploads\/2017\/02\/logo_tunisie_numerique.png\"\/><\/div>\n<div class=\"mvp-related-posts left relative\">\n<h4 class=\"post-header\"><span class=\"post-header\">Lire aussi<\/span><\/h4>\n<\/div>\n<div id=\"article-ad\"><ins class=\"adsbygoogle c5\" data-ad-client=\"ca-pub-2102118777505746\" data-ad-slot=\"6513972734\" data-ad-format=\"auto\" data-full-width-responsive=\"true\"\/> <\/div>\n<\/div>\n<div id=\"post-sidebar-wrap\"><ins class=\"adsbygoogle c5\" data-ad-client=\"ca-pub-2102118777505746\" data-ad-slot=\"6168283410\" data-ad-format=\"auto\" data-full-width-responsive=\"true\"\/> <\/div>\n<p>Auteur: Saber .<br \/>\n<a href=\"https:\/\/www.tunisienumerique.com\/tunisie-les-deux-faux-pas-fatidiques-de-nissaf-ben-alaya-dans-la-derniere-ligne-droite-de-la-course-au-poste-de-ministre\/\">Cliquez ici pour lire l&rsquo;article depuis sa source.<\/a><\/p>\n","protected":false},"excerpt":{"rendered":"<p>Par Saber . \u00a0| Il y a 9 minutes \ud83d\udd0a \u00c9coutez l&rsquo;article Le Dr Nissaf en Alaya que le hasard, et aussi, la ma\u00eetrise de sa patronne d\u2019alors, a propuls\u00e9 au devant de la sc\u00e8ne, au moment du d\u00e9marrage de l\u2019\u00e9pid\u00e9mie du covid, a appris, avec le temps \u00e0 avoir tendance \u00e0 abuser de sa [&hellip;]<\/p>\n","protected":false},"author":1789,"featured_media":0,"comment_status":"closed","ping_status":"closed","sticky":false,"template":"","format":"standard","meta":{"fifu_image_url":"https:\/\/secure.gravatar.com\/avatar\/96253f4a657b482a18e837c1252096c2?s=50&d=mm&r=g","fifu_image_alt":"Tunisie \u2013 Les deux faux pas fatidiques de Nissaf Ben Alaya dans la derni\u00e8re ligne droite de la course au poste de ministre","footnotes":""},"categories":[73,55],"tags":[],"class_list":["post-109162","post","type-post","status-publish","format-standard","hentry","category-actualite","category-tunisie"],"_links":{"self":[{"href":"https:\/\/linitiative.ca\/International\/wp-json\/wp\/v2\/posts\/109162","targetHints":{"allow":["GET"]}}],"collection":[{"href":"https:\/\/linitiative.ca\/International\/wp-json\/wp\/v2\/posts"}],"about":[{"href":"https:\/\/linitiative.ca\/International\/wp-json\/wp\/v2\/types\/post"}],"author":[{"embeddable":true,"href":"https:\/\/linitiative.ca\/International\/wp-json\/wp\/v2\/users\/1789"}],"replies":[{"embeddable":true,"href":"https:\/\/linitiative.ca\/International\/wp-json\/wp\/v2\/comments?post=109162"}],"version-history":[{"count":0,"href":"https:\/\/linitiative.ca\/International\/wp-json\/wp\/v2\/posts\/109162\/revisions"}],"wp:attachment":[{"href":"https:\/\/linitiative.ca\/International\/wp-json\/wp\/v2\/media?parent=109162"}],"wp:term":[{"taxonomy":"category","embeddable":true,"href":"https:\/\/linitiative.ca\/International\/wp-json\/wp\/v2\/categories?post=109162"},{"taxonomy":"post_tag","embeddable":true,"href":"https:\/\/linitiative.ca\/International\/wp-json\/wp\/v2\/tags?post=109162"}],"curies":[{"name":"wp","href":"https:\/\/api.w.org\/{rel}","templated":true}]}}