{"id":109164,"date":"2021-01-12T17:09:15","date_gmt":"2021-01-12T22:09:15","guid":{"rendered":"https:\/\/linitiative.ca\/International\/commune-de-bobo-dioulasso-les-agents-a-lecole-de-leurs-droits-et-devoirs\/"},"modified":"2021-01-12T17:09:15","modified_gmt":"2021-01-12T22:09:15","slug":"commune-de-bobo-dioulasso-les-agents-a-lecole-de-leurs-droits-et-devoirs","status":"publish","type":"post","link":"https:\/\/linitiative.ca\/International\/commune-de-bobo-dioulasso-les-agents-a-lecole-de-leurs-droits-et-devoirs\/","title":{"rendered":"Commune de Bobo-Dioulasso : Les agents \u00e0 l\u2019\u00e9cole de leurs droits  et devoirs"},"content":{"rendered":"<div class=\"td-post-featured-image\" readability=\"32\"><a href=\"https:\/\/www.sidwaya.info\/wp-content\/uploads\/2021\/01\/commune1.jpg\" data-caption=\"Environ 200 agents communaux prennent part &#xE0; la formation.\"><img loading=\"lazy\" decoding=\"async\" width=\"696\" height=\"315\" class=\"entry-thumb td-modal-image\" src=\"https:\/\/www.sidwaya.info\/wp-content\/uploads\/2021\/01\/commune1-696x315.jpg\" srcset=\"https:\/\/www.sidwaya.info\/wp-content\/uploads\/2021\/01\/commune1-696x315.jpg 696w, https:\/\/www.sidwaya.info\/wp-content\/uploads\/2021\/01\/commune1-300x136.jpg 300w, https:\/\/www.sidwaya.info\/wp-content\/uploads\/2021\/01\/commune1-768x347.jpg 768w, https:\/\/www.sidwaya.info\/wp-content\/uploads\/2021\/01\/commune1-150x68.jpg 150w, https:\/\/www.sidwaya.info\/wp-content\/uploads\/2021\/01\/commune1.jpg 787w\" sizes=\"auto, (max-width: 696px) 100vw, 696px\" alt=\"\" title=\"commune1\"\/><\/a>Environ 200 agents communaux prennent part \u00e0 la formation.<\/div>\n<p><strong>La commune de Bobo-Dioulasso a initi\u00e9 une session de formation allant du lundi 11 au 14 janvier 2021 \u00e0 l\u2019h\u00f4tel de ville au profit de ses agents sur leurs droits et devoirs. Le maire de la commune, Bourahima Fab\u00e9r\u00e9 Sanou, a pr\u00e9sid\u00e9 la c\u00e9r\u00e9monie d\u2019ouverture.<\/strong><\/p>\n<p>Les agents communaux de Bobo-Dioulasso sont \u00e0 \u00ab l\u2019\u00e9cole \u00bb pour conna\u00eetre leurs droits et devoirs. La commune a initi\u00e9 \u00e0 cet effet, une session de formation allant du 11 au 14 janvier 2021 \u00e0 l\u2019h\u00f4tel de ville. Ils sont environ deux-cents (200) agents communaux r\u00e9partis en deux groupes pour une participation de 48 heures pour chaque groupe \u00e0 ladite formation. Selon le maire de la commune de Bobo-Dioulasso, Bourahima Fab\u00e9r\u00e9 Sanou, la formation ne s\u2019inscrit pas dans le cadre des formations sp\u00e9cifiques sectorielles. Mais elle est plut\u00f4t une formation g\u00e9n\u00e9rale qui concerne les droits et devoirs de l\u2019agent communal, a poursuivi Bourahima Fab\u00e9r\u00e9 Sanou.<\/p>\n<p>De par le pass\u00e9, a soulign\u00e9 le bourgmestre, Bobo-Dioulasso souffrait de son administration pour des raisons diverses. D\u2019o\u00f9 la n\u00e9cessit\u00e9, d\u2019apr\u00e8s lui, d\u2019apporter des r\u00e9formes. Poursuivant, il a soutenu que toute transformation doit passer par la formation des ressources humaines. C\u2019est pourquoi, a-t-il laiss\u00e9 entendre, \u00ab tous les agents \u00e0 tous les niveaux des services communaux de Bobo-Dioulasso b\u00e9n\u00e9ficieront de cette formation \u00bb. Avant d\u2019affirmer que la commune a d\u00e9j\u00e0 organis\u00e9 des formations continues et des formations professionnelles qui ont permis \u00e0 des agents d\u2019aller dans des \u00e9coles professionnelles. La formation continue consiste \u00e0 faire en sorte que tous les agents aient le minimum de connaissances sur le droit de la Fonction publique, foi de M. Sanou.<\/p>\n<p class=\"c1\"><strong>Boudayinga J-M THIENON<\/strong><\/p>\n<hr\/>\n<p><strong>Bourahima Fab\u00e9r\u00e9 Sanou : \u00ab Tant que je resterai le maire, le cimeti\u00e8re de Ouezzinville demeurera un cimeti\u00e8re \u00bb.<\/strong><\/p>\n<p><strong>En marge du lancement de la formation des agents communaux, le maire s\u2019est prononc\u00e9 sur la pol\u00e9mique li\u00e9e \u00e0 la r\u00e9habilitation du cimeti\u00e8re de Ouezzinville.<\/strong><\/p>\n<p>\u00ab Un comit\u00e9 de r\u00e9habilitation issu de la soci\u00e9t\u00e9 civile, a demand\u00e9 \u00e0 appuyer la commune \u00e0<\/p>\n<p><img decoding=\"async\" loading=\"lazy\" class=\"size-medium wp-image-31420\" src=\"https:\/\/www.sidwaya.info\/wp-content\/uploads\/2021\/01\/commune-300x255.jpg\" alt=\"\" width=\"300\" height=\"255\" srcset=\"https:\/\/www.sidwaya.info\/wp-content\/uploads\/2021\/01\/commune-300x255.jpg 300w, https:\/\/www.sidwaya.info\/wp-content\/uploads\/2021\/01\/commune-768x654.jpg 768w, https:\/\/www.sidwaya.info\/wp-content\/uploads\/2021\/01\/commune-150x128.jpg 150w, https:\/\/www.sidwaya.info\/wp-content\/uploads\/2021\/01\/commune-696x592.jpg 696w, https:\/\/www.sidwaya.info\/wp-content\/uploads\/2021\/01\/commune-493x420.jpg 493w, https:\/\/www.sidwaya.info\/wp-content\/uploads\/2021\/01\/commune.jpg 780w\" sizes=\"auto, (max-width: 300px) 100vw, 300px\"\/>Le maire de la commune de Bobo-Dioulasso, Bourahima Fab\u00e9r\u00e9 Sanou : \u00ab Tous les agents \u00e0 tous les niveaux des services communaux de Bobo-Dioulasso b\u00e9n\u00e9ficieront de cette formation \u00bb.<\/p>\n<p>avoir un cimeti\u00e8re digne de ce nom. La demande a \u00e9t\u00e9 valid\u00e9e et le comit\u00e9 a r\u00e9habilit\u00e9 le cimeti\u00e8re de Banak\u00e9l\u00e9daga avec succ\u00e8s. Et apr\u00e8s ce premier cimeti\u00e8re r\u00e9habilit\u00e9, le comit\u00e9 a demand\u00e9 au conseil municipal l\u2019autorisation d\u2019\u00e9tendre son action \u00e0 d\u2019autres vieux cimeti\u00e8res de la ville. Le conseil municipal a donn\u00e9 quitus au comit\u00e9 pour r\u00e9habiliter tout ce qu\u2019il y a comme vieux cimeti\u00e8res. C\u2019est ainsi que le comit\u00e9 a commenc\u00e9 les travaux de r\u00e9habilitation de l\u2019ancien cimeti\u00e8re de Ouezzinville. A notre grande surprise, les riverains disent qu\u2019ils ne voulaient plus de cimeti\u00e8re \u00e0 cet endroit, mais plut\u00f4t une \u00e9cole ou un centre de sant\u00e9.<\/p>\n<p>Ce cimeti\u00e8re est rest\u00e9 pendant des ann\u00e9es \u00e0 ciel ouvert avec tous les dangers possibles. Il n\u2019y a donc pas d\u2019inconv\u00e9nients \u00e0 ce qu\u2019il soit r\u00e9habilit\u00e9 et cl\u00f4tur\u00e9 avec beaucoup plus de s\u00e9curit\u00e9 d\u2019autant plus qu\u2019il profitera \u00e0 la population. (\u2026) Pour quelle raison va-t-on vendre un cimeti\u00e8re \u00e0 un comit\u00e9 qui n\u2019est pas du priv\u00e9 ? Ce n\u2019est pas non plus pour en faire des parcelles. Avec la prolif\u00e9ration des soci\u00e9t\u00e9s immobili\u00e8res qui s\u2019accaparent des terres autour de la ville de Bobo-Dioulasso, si rien n\u2019est fait, il serait difficile de trouver de l\u2019espace pour faire des inhumations dans les ann\u00e9es \u00e0 venir. (\u2026) Tant que je resterai le maire, cet endroit demeurera un cimeti\u00e8re car pr\u00e9vu par l\u2019am\u00e9nagement du territoire. Pour d\u00e9classer le cimeti\u00e8re, il y a une proc\u00e9dure pour aboutir \u00e0 cela. Lorsqu\u2019on me dit qu\u2019il est en plein centre-ville, sachez que le premier cimeti\u00e8re, est au centre-ville \u00bb<\/p>\n<p class=\"c1\"><strong>Propos recueillis par B J-M T<\/strong><\/p>\n<div class=\"td-a-rec td-a-rec-id-content_bottom tdi_33_f2e td_block_template_1\"><img loading=\"lazy\" decoding=\"async\" class=\"aligncenter size-full wp-image-27454\" src=\"https:\/\/www.sidwaya.info\/wp-content\/uploads\/2020\/10\/PUB-Bandeau-paiement-mobile-siteweb.jpg\" alt=\"\" width=\"728\" height=\"90\"\/><\/div>\n<p>Auteur: JK. Sidwaya<br \/>\n<a href=\"https:\/\/www.sidwaya.info\/blog\/2021\/01\/12\/commune-de-bobo-dioulasso-les-agents-a-lecole-de-leurs-droits-et-devoirs\/\">Cliquez ici pour lire l&rsquo;article depuis sa source.<\/a><\/p>\n","protected":false},"excerpt":{"rendered":"<p>Environ 200 agents communaux prennent part \u00e0 la formation. La commune de Bobo-Dioulasso a initi\u00e9 une session de formation allant du lundi 11 au 14 janvier 2021 \u00e0 l\u2019h\u00f4tel de ville au profit de ses agents sur leurs droits et devoirs. Le maire de la commune, Bourahima Fab\u00e9r\u00e9 Sanou, a pr\u00e9sid\u00e9 la c\u00e9r\u00e9monie d\u2019ouverture. Les [&hellip;]<\/p>\n","protected":false},"author":1816,"featured_media":0,"comment_status":"closed","ping_status":"closed","sticky":false,"template":"","format":"standard","meta":{"fifu_image_url":"https:\/\/www.sidwaya.info\/wp-content\/uploads\/2021\/01\/commune1-696x315.jpg","fifu_image_alt":"Commune de Bobo-Dioulasso : Les agents \u00e0 l\u2019\u00e9cole de leurs droits  et devoirs","footnotes":""},"categories":[73,81],"tags":[],"class_list":["post-109164","post","type-post","status-publish","format-standard","hentry","category-actualite","category-burkina-faso"],"_links":{"self":[{"href":"https:\/\/linitiative.ca\/International\/wp-json\/wp\/v2\/posts\/109164","targetHints":{"allow":["GET"]}}],"collection":[{"href":"https:\/\/linitiative.ca\/International\/wp-json\/wp\/v2\/posts"}],"about":[{"href":"https:\/\/linitiative.ca\/International\/wp-json\/wp\/v2\/types\/post"}],"author":[{"embeddable":true,"href":"https:\/\/linitiative.ca\/International\/wp-json\/wp\/v2\/users\/1816"}],"replies":[{"embeddable":true,"href":"https:\/\/linitiative.ca\/International\/wp-json\/wp\/v2\/comments?post=109164"}],"version-history":[{"count":0,"href":"https:\/\/linitiative.ca\/International\/wp-json\/wp\/v2\/posts\/109164\/revisions"}],"wp:attachment":[{"href":"https:\/\/linitiative.ca\/International\/wp-json\/wp\/v2\/media?parent=109164"}],"wp:term":[{"taxonomy":"category","embeddable":true,"href":"https:\/\/linitiative.ca\/International\/wp-json\/wp\/v2\/categories?post=109164"},{"taxonomy":"post_tag","embeddable":true,"href":"https:\/\/linitiative.ca\/International\/wp-json\/wp\/v2\/tags?post=109164"}],"curies":[{"name":"wp","href":"https:\/\/api.w.org\/{rel}","templated":true}]}}