{"id":109165,"date":"2021-01-12T17:13:18","date_gmt":"2021-01-12T22:13:18","guid":{"rendered":"https:\/\/linitiative.ca\/International\/valorisation-des-produits-locaux-une-unite-de-transformation-pour-les-femmes-de-nouna\/"},"modified":"2021-01-12T17:13:18","modified_gmt":"2021-01-12T22:13:18","slug":"valorisation-des-produits-locaux-une-unite-de-transformation-pour-les-femmes-de-nouna","status":"publish","type":"post","link":"https:\/\/linitiative.ca\/International\/valorisation-des-produits-locaux-une-unite-de-transformation-pour-les-femmes-de-nouna\/","title":{"rendered":"Valorisation des produits locaux : Une unit\u00e9 de transformation pour les femmes de Nouna"},"content":{"rendered":"<div class=\"td-post-featured-image\" readability=\"32\"><a href=\"https:\/\/www.sidwaya.info\/wp-content\/uploads\/2021\/01\/qaz.jpg\" data-caption=\"Les officiels &#xE0; la r&#xE9;ception de l&#x2019;unit&#xE9;.\"><img loading=\"lazy\" decoding=\"async\" width=\"696\" height=\"444\" class=\"entry-thumb td-modal-image\" src=\"https:\/\/www.sidwaya.info\/wp-content\/uploads\/2021\/01\/qaz-696x444.jpg\" srcset=\"https:\/\/www.sidwaya.info\/wp-content\/uploads\/2021\/01\/qaz-696x444.jpg 696w, https:\/\/www.sidwaya.info\/wp-content\/uploads\/2021\/01\/qaz-300x192.jpg 300w, https:\/\/www.sidwaya.info\/wp-content\/uploads\/2021\/01\/qaz-768x490.jpg 768w, https:\/\/www.sidwaya.info\/wp-content\/uploads\/2021\/01\/qaz-150x96.jpg 150w, https:\/\/www.sidwaya.info\/wp-content\/uploads\/2021\/01\/qaz-658x420.jpg 658w, https:\/\/www.sidwaya.info\/wp-content\/uploads\/2021\/01\/qaz.jpg 780w\" sizes=\"auto, (max-width: 696px) 100vw, 696px\" alt=\"\" title=\"qaz\"\/><\/a>Les officiels \u00e0 la r\u00e9ception de l\u2019unit\u00e9.<\/div>\n<p><strong>La coop\u00e9rative fraternit\u00e9 des femmes de Nouna, a r\u00e9ceptionn\u00e9 le jeudi 7 janvier 2021 \u00e0 Nouna une unit\u00e9 de transformation de produits locaux.<\/strong><\/p>\n<p>L\u2019Organisation catholique pour le d\u00e9veloppement et la solidarit\u00e9 (OCADES) et ses partenaires, ont r\u00e9alis\u00e9 une unit\u00e9 de transformation de produits locaux au profit de la coop\u00e9rative \u00ab Fraternit\u00e9 des femmes de Nouna \u00bb dans a province de la Kossi. La r\u00e9ception provisoire de l\u2019infrastructure est intervenue le jeudi 7 janvier 2021. D\u2019une valeur de plus de treize millions (13 000 000) FCFA, elle est situ\u00e9e au secteur 6 de la ville de Nouna et est b\u00e2tie sur une superficie d\u2019environ 400 m2. L\u2019unit\u00e9 de transformation est un cadre de rencontres, de formations mais de conduite des activit\u00e9s de transformation et de commercialisation des produits locaux.<\/p>\n<p>La pr\u00e9sidente de la coop\u00e9rative, Marie Florence Fankany\/To\u00e9 a, au nom des membres de l\u2019association, pris l\u2019engagement de travailler avec professionnalisme afin de toujours m\u00e9riter la confiance des diff\u00e9rents partenaires. Pour elle, l\u2019unit\u00e9 de transformation de la coop\u00e9rative \u00ab est un chemin de d\u00e9veloppement certain \u00bb si les membres le souhaitent. Le secr\u00e9taire ex\u00e9cutif de l\u2019OCADES, l\u2019abb\u00e9 S\u00e9bastien Sanou, a invit\u00e9 les femmes \u00e0 se mobiliser pour la bonne marche de la coop\u00e9rative. Car, selon lui, la r\u00e9ussite de cette entreprise demande la mobilisation de toutes les femmes pour en faire une affaire de groupe. Les actions de l\u2019OCADES-Caritas dans les provinces des Banwa et de la Kossi, comme l\u2019a soulign\u00e9 l\u2019abb\u00e9 Jean de Kenty Zoumbara, vicaire de la paroisse de Nouna, sont \u00e9normes.<\/p>\n<p>Les diff\u00e9rents intervenants ont tour \u00e0 tour f\u00e9licit\u00e9 les membres de la coop\u00e9rative pour l\u2019obtention de ce joyau. Ils ont par ailleurs traduit les remerciements \u00e0 l\u2019OCADES et son partenaire chr\u00e9tien pour le Sahel, pour la r\u00e9alisation de l\u2019\u0153uvre si ch\u00e8re aux femmes de la coop\u00e9rative. Le coordinateur du Programme de d\u00e9veloppement int\u00e9gr\u00e9 (PDI), l\u2019abb\u00e9 Abel Le Juste Traor\u00e9, a \u00e9mis la n\u00e9cessit\u00e9 d\u2019un accompagnement des services techniques habilit\u00e9s et exp\u00e9riment\u00e9s pour la survie de la coop\u00e9rative.<\/p>\n<p class=\"c1\"><strong>Adama CISSE<\/strong><br \/>(AIB\/Kossi)<\/p>\n<div class=\"td-a-rec td-a-rec-id-content_bottom tdi_33_f1f td_block_template_1\"><img loading=\"lazy\" decoding=\"async\" class=\"aligncenter size-full wp-image-27454\" src=\"https:\/\/www.sidwaya.info\/wp-content\/uploads\/2020\/10\/PUB-Bandeau-paiement-mobile-siteweb.jpg\" alt=\"\" width=\"728\" height=\"90\"\/><\/div>\n<p>Auteur: JK. Sidwaya<br \/>\n<a href=\"https:\/\/www.sidwaya.info\/blog\/2021\/01\/12\/valorisation-des-produits-locaux-une-unite-de-transformation-pour-les-femmes-de-nouna\/\">Cliquez ici pour lire l&rsquo;article depuis sa source.<\/a><\/p>\n","protected":false},"excerpt":{"rendered":"<p>Les officiels \u00e0 la r\u00e9ception de l\u2019unit\u00e9. La coop\u00e9rative fraternit\u00e9 des femmes de Nouna, a r\u00e9ceptionn\u00e9 le jeudi 7 janvier 2021 \u00e0 Nouna une unit\u00e9 de transformation de produits locaux. L\u2019Organisation catholique pour le d\u00e9veloppement et la solidarit\u00e9 (OCADES) et ses partenaires, ont r\u00e9alis\u00e9 une unit\u00e9 de transformation de produits locaux au profit de la [&hellip;]<\/p>\n","protected":false},"author":1816,"featured_media":0,"comment_status":"closed","ping_status":"closed","sticky":false,"template":"","format":"standard","meta":{"fifu_image_url":"https:\/\/www.sidwaya.info\/wp-content\/uploads\/2021\/01\/qaz-696x444.jpg","fifu_image_alt":"Valorisation des produits locaux : Une unit\u00e9 de transformation pour les femmes de Nouna","footnotes":""},"categories":[73,81],"tags":[],"class_list":["post-109165","post","type-post","status-publish","format-standard","hentry","category-actualite","category-burkina-faso"],"_links":{"self":[{"href":"https:\/\/linitiative.ca\/International\/wp-json\/wp\/v2\/posts\/109165","targetHints":{"allow":["GET"]}}],"collection":[{"href":"https:\/\/linitiative.ca\/International\/wp-json\/wp\/v2\/posts"}],"about":[{"href":"https:\/\/linitiative.ca\/International\/wp-json\/wp\/v2\/types\/post"}],"author":[{"embeddable":true,"href":"https:\/\/linitiative.ca\/International\/wp-json\/wp\/v2\/users\/1816"}],"replies":[{"embeddable":true,"href":"https:\/\/linitiative.ca\/International\/wp-json\/wp\/v2\/comments?post=109165"}],"version-history":[{"count":0,"href":"https:\/\/linitiative.ca\/International\/wp-json\/wp\/v2\/posts\/109165\/revisions"}],"wp:attachment":[{"href":"https:\/\/linitiative.ca\/International\/wp-json\/wp\/v2\/media?parent=109165"}],"wp:term":[{"taxonomy":"category","embeddable":true,"href":"https:\/\/linitiative.ca\/International\/wp-json\/wp\/v2\/categories?post=109165"},{"taxonomy":"post_tag","embeddable":true,"href":"https:\/\/linitiative.ca\/International\/wp-json\/wp\/v2\/tags?post=109165"}],"curies":[{"name":"wp","href":"https:\/\/api.w.org\/{rel}","templated":true}]}}