{"id":109168,"date":"2021-01-12T17:41:55","date_gmt":"2021-01-12T22:41:55","guid":{"rendered":"https:\/\/linitiative.ca\/International\/orodara-debrayage-pour-une-kermesse\/"},"modified":"2021-01-12T17:41:55","modified_gmt":"2021-01-12T22:41:55","slug":"orodara-debrayage-pour-une-kermesse","status":"publish","type":"post","link":"https:\/\/linitiative.ca\/International\/orodara-debrayage-pour-une-kermesse\/","title":{"rendered":"Orodara : D\u00e9brayage pour une kermesse"},"content":{"rendered":"<div class=\"td-post-featured-image\"><a href=\"https:\/\/www.sidwaya.info\/wp-content\/uploads\/2019\/07\/on-m.jpg\" data-caption=\"\"><img loading=\"lazy\" decoding=\"async\" width=\"696\" height=\"464\" class=\"entry-thumb td-modal-image\" src=\"https:\/\/www.sidwaya.info\/wp-content\/uploads\/2019\/07\/on-m-696x464.jpg\" srcset=\"https:\/\/www.sidwaya.info\/wp-content\/uploads\/2019\/07\/on-m-696x464.jpg 696w, https:\/\/www.sidwaya.info\/wp-content\/uploads\/2019\/07\/on-m-300x200.jpg 300w, https:\/\/www.sidwaya.info\/wp-content\/uploads\/2019\/07\/on-m-768x512.jpg 768w, https:\/\/www.sidwaya.info\/wp-content\/uploads\/2019\/07\/on-m-630x420.jpg 630w, https:\/\/www.sidwaya.info\/wp-content\/uploads\/2019\/07\/on-m.jpg 787w\" sizes=\"auto, (max-width: 696px) 100vw, 696px\" alt=\"\" title=\"on murmure\"\/><\/a><\/div>\n<p>Kantigui a \u00e9t\u00e9 surpris de constater que les \u00e9l\u00e8ves du lyc\u00e9e provincial Diongolo Traor\u00e9 de Orodara ont d\u00e9cr\u00e9t\u00e9 un mot d\u2019ordre d\u2019arr\u00eat des cours de 72 heures \u00e0 compter d\u2019hier 12 janvier 2021. Selon les informations que Kantigui a recueillies \u00e0 la direction de l\u2019administration, les raisons \u00e9voqu\u00e9es par les \u00e9l\u00e8ves sont relatives \u00e0 la lettre du minist\u00e8re de tutelle sur le respect des mesures-barri\u00e8res contre la maladie \u00e0 coronavirus qui sursoit \u00e0 l\u2019organisation de certaines activit\u00e9s culturelles dans les \u00e9tablissements. Une d\u00e9cision qui est venue perturber le programme que les \u00e9l\u00e8ves du lyc\u00e9e avaient arr\u00eat\u00e9 pour le samedi 9 janvier 2021, notamment une kermesse et un bal.<\/p>\n<p>Par cons\u00e9quent, ce programme n\u2019a pas re\u00e7u l\u2019autorisation de la direction \u00e0 la suite de la lettre du minist\u00e8re. \u00ab C\u2019est la goutte d\u2019eau qui a donc fait d\u00e9border le vase \u00bb, a lanc\u00e9 la source de Kantigui, qui a relev\u00e9 que pour l\u2019heure, seuls les \u00e9l\u00e8ves des classes de Terminales ne prennent pas part \u00e0 ce mouvement d\u2019humeur. En cette p\u00e9riode o\u00f9 la COVID-19 gagne du terrain, Kantigui invite ces \u00e9l\u00e8ves et l\u2019ensemble des populations \u00e0 redoubler de vigilance en respectant les mesures \u00e9dict\u00e9es par les autorit\u00e9s sanitaires afin d\u2019\u00e9viter une contamination de masse.<\/p>\n<hr\/>\n<p><strong>Le CMA de Bittou sans thermom\u00e8tre ni tensiom\u00e8tre<\/strong><\/p>\n<p>De passage dans la ville frontali\u00e8re de Bittou dans la r\u00e9gion du Centre-Est, Kantigui a \u00e9t\u00e9 accueilli par des plaintes de patients du Centre m\u00e9dical avec antenne chirurgicale (CMA) de la localit\u00e9. Selon une de ses sources, les patients paient 2 000F CFA pour la \u00ab consultation m\u00e9decin \u00bb sans h\u00e9sitation mais constatent que le centre de sant\u00e9 ne dispose pas du minimum de mat\u00e9riel. \u00ab Ils n\u2019ont pas de tensiom\u00e8tre ni de thermom\u00e8tre. Pis, certains m\u00e9decins refusent de toucher les malades et de les traiter\u00bb, a d\u00e9plor\u00e9 un deuxi\u00e8me interlocuteur. Kantigui appelle les autorit\u00e9s en charge de la sant\u00e9 \u00e0 \u00e9quiper cons\u00e9quemment le CMA de Bittou pour rendre aux populations, des services de qualit\u00e9.<\/p>\n<hr\/>\n<p><strong>Les hommages du ministre Bonanet \u00e0 B\u00e9n\u00e9wend\u00e9 Sankara<\/strong><\/p>\n<p>Successeur de Dieudonn\u00e9 Maurice Bonanet au minist\u00e8re en charge de l\u2019Urbanisme et de l\u2019Habitat, Me B\u00e9n\u00e9wend\u00e9 Stanislas Sankara a eu droit \u00e0 de vibrants hommages de son pr\u00e9d\u00e9cesseur. Selon les informations parvenues \u00e0 Kantigui, le ministre Bonanet, tout en f\u00e9licitant la nouvelle \u00e9quipe gouvernementale et le Pr\u00e9sident du Faso, Roch Marc Christian Kabor\u00e9, a f\u00e9licit\u00e9 \u00ab son fr\u00e8re \u00bb, Me B\u00e9n\u00e9wend\u00e9 Stanislas Sankara.<\/p>\n<p>\u00ab Connaissant son tr\u00e8s fort engagement et ses qualit\u00e9s, je suis convaincu qu\u2019il saura poursuivre avec succ\u00e8s les missions et relever les grands d\u00e9fis. J\u2019invite l\u2019ensemble des cadres et agents du minist\u00e8re de l\u2019Urbanisme et de l\u2019Habitat \u00e0 lui apporter le soutien n\u00e9cessaire \u00e0 l\u2019atteinte des objectifs assign\u00e9s au d\u00e9partement \u00bb, a soutenu Maurice Bonanet. Kantigui salue cet esprit qui anime le ministre sortant et souhaite bon vent \u00e0 Me Sankara.<\/p>\n<hr\/>\n<p><strong>La police de D\u00e9dougou accus\u00e9e de torture<\/strong><\/p>\n<p>Dans une d\u00e9claration dont Kantigui a obtenu copie, la section du Mouhoun du Mouvement burkinab\u00e8 des droits de l\u2019homme et des peuples (MBDHP) d\u00e9nonce \u00ab vigoureusement \u00bb les traitements \u00ab inhumains et d\u00e9gradants \u00bb exerc\u00e9s par la Police sur un citoyen, en la personne de Moussa Bonkoungou. Selon le MBDHP, c\u2019est le 3 d\u00e9cembre 2020 que M. Bonkoungou a \u00e9t\u00e9 \u00ab appr\u00e9hend\u00e9 et tortur\u00e9 \u00bb par des \u00e9l\u00e9ments de la Police nationale, \u00e0 la suite de la manifestation de la veille, organis\u00e9e par les exploitants agricoles de Souri, dans la commune de D\u00e9dougou, \u00ab pour dire non aux promesses non tenues par les autorit\u00e9s dans le cadre de la r\u00e9alisation du projet Cit\u00e9-relais de Souri \u00bb.<\/p>\n<p>Moussa Bonkoungou, a pu lire Kantigui, a \u00e9t\u00e9 arr\u00eat\u00e9 par des policiers en civil et copieusement molest\u00e9, menott\u00e9 et jet\u00e9 plus de 4 heures dans un buisson. \u00ab Pour l\u2019emp\u00eacher de les identifier, ses bourreaux ont pulv\u00e9ris\u00e9 dans ses yeux, du gaz et quand il a voulu crier au secours, ils lui ont rempli la bouche avec la m\u00eame substance que d\u2019aucuns assimilent aux liquides des grenades lacrymog\u00e8nes. C\u2019est dans un \u00e9tat agit\u00e9 et inconscient que Bonkoungou Moussa a \u00e9t\u00e9 admis au Centre hospitalier r\u00e9gional (CHR) de D\u00e9dougou.<\/p>\n<p>Devant la gravit\u00e9 de son cas, il sera \u00e9vacu\u00e9 en urgence au Centre hospitalo-universitaire (CHU) Souro Sanou de Bobo-Dioulasso \u00bb, a pu lire Kantigui. La note rappelle que depuis mars 2020, les exploitants agricoles de Souri et les autorit\u00e9s sont \u00e0 couteaux tir\u00e9s. Les premiers accusent le maire et le minist\u00e8re en charge de l\u2019urbanisme de ne pas respecter la promesse de d\u00e9part d\u2019octroyer deux parcelles et 300 000 F CFA par hectare \u00e0 chaque exploitant agricole impact\u00e9 par le projet de construction de la cit\u00e9. Kantigui invite les diff\u00e9rentes parties \u00e0 trouver un terrain d\u2019entente et les autorit\u00e9s judiciaires \u00e0 faire la lumi\u00e8re sur cette accusation de torture.<\/p>\n<hr\/>\n<p><strong>Premi\u00e8re chirurgie \u00e0 c\u0153ur ouvert au Burkina<\/strong><\/p>\n<p>Kantigui n\u2019en croit pas \u00e0 ses oreilles. Le Burkina Faso vient de r\u00e9aliser, le lundi 11 janvier 2021, sa premi\u00e8re chirurgie \u00e0 c\u0153ur ouvert sur une patiente de 15 ans, souffrant d\u2019une \u00ab communication intraauriculaire \u00bb. L\u2019intervention s\u2019est d\u00e9roul\u00e9e au Centre hospitalo-universitaire (CHU) de Tengandogo. Kantigui qui f\u00e9licite le corps m\u00e9dical qui a conduit avec succ\u00e8s cette op\u00e9ration, se souvient qu\u2019en 2019, nos vaillants \u00ab soldats de la sant\u00e9 \u00bb de ce m\u00eame h\u00f4pital, avaient r\u00e9ussi la prouesse de la premi\u00e8re intervention chirurgicale \u00e0 c\u0153ur ferm\u00e9.<\/p>\n<p>Le seul b\u00e9mol, a pu noter Kantigui, contrairement \u00e0 2019, l\u2019acc\u00e8s \u00e0 la salle de l\u2019intervention chirurgicale a \u00e9t\u00e9 refus\u00e9 aux m\u00e9dias nationaux, au d\u00e9triment d\u2019une t\u00e9l\u00e9vision \u00e9trang\u00e8re qui a film\u00e9 toute l\u2019op\u00e9ration avant de partager les images avec les autres. \u00ab Quels que soient les accords et les contrats qui lient les deux parties, cela ne devrait pas se faire au d\u00e9savantage de la presse nationale.<\/p>\n<p>C\u2019est avant tout un acte patriotique et historique qu\u2019on attendait tous. C\u2019est une question de fiert\u00e9, de nationalisme!\u00bb, s\u2019est offusqu\u00e9 un journaliste burkinab\u00e8 \u00e0 qui l\u2019acc\u00e8s a \u00e9t\u00e9 refus\u00e9. Pour Kantigui, cet exploit de nos agents de sant\u00e9 aurait eu un meilleur \u00e9cho si la presse nationale avait eu acc\u00e8s directement \u00e0 l\u2019information. Il invite donc la nouvelle \u00e9quipe directoriale du CHU \u00e0 revoir sa copie.<\/p>\n<hr\/>\n<p><strong>SOFITEX : quatre autres personnes dans le collimateur de la gendarmerie<\/strong><\/p>\n<p>Il y a deux semaines, Kantigui se faisait l\u2019\u00e9cho de l\u2019arrestation de trois responsables de la Soci\u00e9t\u00e9 burkinab\u00e8 des fibres textiles (SOFITEX) \u00e0 savoir le directeur des finances et de la comptabilit\u00e9, celui des ressources humaines et le chef du service de paie, soup\u00e7onn\u00e9s de malversations financi\u00e8res sur la somme de 90 millions F CFA.<\/p>\n<p>Par la suite, un communiqu\u00e9 du Procureur du Faso avait confirm\u00e9 les faits, annon\u00e7ant du coup l\u2019ouverture d\u2019une enqu\u00eate, par la section de recherches de la deuxi\u00e8me r\u00e9gion de gendarmerie, pour \u00ab faux en \u00e9criture priv\u00e9e \u00bb, \u00ab usage de faux en \u00e9criture priv\u00e9e \u00bb et \u00ab d\u00e9tournement de biens publics \u00bb. Selon les derni\u00e8res nouvelles parvenues \u00e0 Kantigui, les enqu\u00eates de la gendarmerie se poursuivent et quatre autres personnes seraient dans le collimateur des pandores. A ce qui est rapport\u00e9 \u00e0 Kantigui, de nombreux agents de la bo\u00eete, cadres comme subordonn\u00e9s, ont le sommeil trouble ces derniers jours.<\/p>\n<hr\/>\n<p><strong>Fada priv\u00e9e d\u2019eau courante<\/strong><\/p>\n<p>De passage \u00e0 Fada N\u2019Gourma, Kantigui a constat\u00e9 que la cit\u00e9 de Yendabli est confront\u00e9e, depuis plusieurs jours, \u00e0 une p\u00e9nurie d\u2019eau. Les robinets seraient ass\u00e9ch\u00e9s dans la quasi-totalit\u00e9 des quartiers de la ville. Cons\u00e9quence, a remarqu\u00e9 Kantigui, de jour comme de nuit, des bidons et des barriques sont align\u00e9s aux abords des fontaines publiques. Et il faut s\u2019armer de patience pour esp\u00e9rer avoir le liquide pr\u00e9cieux, indispensable \u00e0 la vie. Une situation intenable et irritante pour les m\u00e9nages qui attendent, impatiemment, que l\u2019or bleu coule, \u00e0 nouveau, dans les robinets. Selon les informations parvenues \u00e0 Kantigui, des habitants envisageraient battre le pav\u00e9 pour exprimer leur ras-le-bol face \u00e0 ce calvaire \u00ab d\u00e9shydratant \u00bb.<\/p>\n<p>Les interlocuteurs de Kantigui ont soulign\u00e9 que la p\u00e9nurie d\u2019eau est devenue monnaie courante dans la capitale de la r\u00e9gion de l\u2019Est. \u00ab M\u00eame en temps normal, pour trouver de l\u2019eau dans les robinets, \u00e0 Fada N\u2019Gourma, il faut se r\u00e9veiller \u00e0 des heures tardives \u00bb, a pr\u00e9cis\u00e9 un habitant de la ville. Pour certains, avec ces coupures intempestives d\u2019eau, il est impossible de respecter les conditions minimales d\u2019hygi\u00e8ne en cette p\u00e9riode o\u00f9 Fada N\u2019Gourma conna\u00eet, \u00e9galement, une recrudescence de la COVID-19.<\/p>\n<p class=\"c1\"><strong>Kantigui<\/strong><br \/>kantigui2000@gmail.com<br \/>(+226) 25 31 22 89<\/p>\n<div class=\"td-a-rec td-a-rec-id-content_bottom tdi_33_0e9 td_block_template_1\"><img loading=\"lazy\" decoding=\"async\" class=\"aligncenter size-full wp-image-27454\" src=\"https:\/\/www.sidwaya.info\/wp-content\/uploads\/2020\/10\/PUB-Bandeau-paiement-mobile-siteweb.jpg\" alt=\"\" width=\"728\" height=\"90\"\/><\/div>\n<p>Auteur: JK. Sidwaya<br \/>\n<a href=\"https:\/\/www.sidwaya.info\/blog\/2021\/01\/12\/orodara-debrayage-pour-une-kermesse\/\">Cliquez ici pour lire l&rsquo;article depuis sa source.<\/a><\/p>\n","protected":false},"excerpt":{"rendered":"<p>Kantigui a \u00e9t\u00e9 surpris de constater que les \u00e9l\u00e8ves du lyc\u00e9e provincial Diongolo Traor\u00e9 de Orodara ont d\u00e9cr\u00e9t\u00e9 un mot d\u2019ordre d\u2019arr\u00eat des cours de 72 heures \u00e0 compter d\u2019hier 12 janvier 2021. Selon les informations que Kantigui a recueillies \u00e0 la direction de l\u2019administration, les raisons \u00e9voqu\u00e9es par les \u00e9l\u00e8ves sont relatives \u00e0 la [&hellip;]<\/p>\n","protected":false},"author":1816,"featured_media":0,"comment_status":"closed","ping_status":"closed","sticky":false,"template":"","format":"standard","meta":{"fifu_image_url":"https:\/\/www.sidwaya.info\/wp-content\/uploads\/2019\/07\/on-m-696x464.jpg","fifu_image_alt":"Orodara : D\u00e9brayage pour une kermesse","footnotes":""},"categories":[73,81],"tags":[],"class_list":["post-109168","post","type-post","status-publish","format-standard","hentry","category-actualite","category-burkina-faso"],"_links":{"self":[{"href":"https:\/\/linitiative.ca\/International\/wp-json\/wp\/v2\/posts\/109168","targetHints":{"allow":["GET"]}}],"collection":[{"href":"https:\/\/linitiative.ca\/International\/wp-json\/wp\/v2\/posts"}],"about":[{"href":"https:\/\/linitiative.ca\/International\/wp-json\/wp\/v2\/types\/post"}],"author":[{"embeddable":true,"href":"https:\/\/linitiative.ca\/International\/wp-json\/wp\/v2\/users\/1816"}],"replies":[{"embeddable":true,"href":"https:\/\/linitiative.ca\/International\/wp-json\/wp\/v2\/comments?post=109168"}],"version-history":[{"count":0,"href":"https:\/\/linitiative.ca\/International\/wp-json\/wp\/v2\/posts\/109168\/revisions"}],"wp:attachment":[{"href":"https:\/\/linitiative.ca\/International\/wp-json\/wp\/v2\/media?parent=109168"}],"wp:term":[{"taxonomy":"category","embeddable":true,"href":"https:\/\/linitiative.ca\/International\/wp-json\/wp\/v2\/categories?post=109168"},{"taxonomy":"post_tag","embeddable":true,"href":"https:\/\/linitiative.ca\/International\/wp-json\/wp\/v2\/tags?post=109168"}],"curies":[{"name":"wp","href":"https:\/\/api.w.org\/{rel}","templated":true}]}}