{"id":109169,"date":"2021-01-12T13:18:02","date_gmt":"2021-01-12T18:18:02","guid":{"rendered":"https:\/\/linitiative.ca\/International\/reflexions-pour-ameliorer-le-reseau-telephonique-dans-les-frontieres-ivoiriennes\/"},"modified":"2021-01-12T13:18:02","modified_gmt":"2021-01-12T18:18:02","slug":"reflexions-pour-ameliorer-le-reseau-telephonique-dans-les-frontieres-ivoiriennes","status":"publish","type":"post","link":"https:\/\/linitiative.ca\/International\/reflexions-pour-ameliorer-le-reseau-telephonique-dans-les-frontieres-ivoiriennes\/","title":{"rendered":"R\u00e9flexions pour am\u00e9liorer le r\u00e9seau t\u00e9l\u00e9phonique dans les fronti\u00e8res ivoiriennes"},"content":{"rendered":"<div readability=\"32\">\n<p>Publi\u00e9 le 12.01.2021 \u00e0 19h18 par APA News<\/p>\n<\/div>\n<div readability=\"92\">\n<p>La Commission nationale des fronti\u00e8res de la C\u00f4te d\u2019Ivoire (CNFCI) de concert avec plusieurs structures nationales, notamment l\u2019Agence ivoirienne de gestion des fr\u00e9quences (AIGF), l\u2019Autorit\u00e9 de r\u00e9gulation des t\u00e9l\u00e9communications en C\u00f4te d\u2019Ivoire ( ARTCI) et l\u2019Union nationale des entreprises de t\u00e9l\u00e9communications (UNETEL) ont entam\u00e9 mardi \u00e0 Abidjan, des r\u00e9flexions pour am\u00e9liorer les d\u00e9faillances du r\u00e9seau t\u00e9l\u00e9phonique dans les zones frontali\u00e8res ivoiriennes.<\/p>\n<p>Cette r\u00e9union de travail qui a vu la participation du minist\u00e8re ivoirien de la d\u00e9fense et celui de l\u2019int\u00e9rieur, a \u00e9t\u00e9 sanctionn\u00e9e par la mise en place d\u2019un comit\u00e9 strat\u00e9gique restreint d\u2019experts devant r\u00e9fl\u00e9chir d\u2019ici \u00e0 deux semaines afin d\u2019\u00e9laborer un plan strat\u00e9gique avec des mesures \u00e0 court, moyen et long terme aux probl\u00e8mes d\u2019utilisation des fr\u00e9quences t\u00e9l\u00e9phoniques aux fronti\u00e8res terrestres ivoiriennes qui ont une population de plus d\u2019un demi-million d\u2019habitants.<\/p>\n<p>\u00a0\u00abNous avons d\u00e9cid\u00e9 de nous retrouver dans deux semaines, mais nous avons mis en place un comit\u00e9 strat\u00e9gique restreint qui va approfondir les axes strat\u00e9giques. Et ce comit\u00e9 va nous sortir un plan strat\u00e9gique avec des mesures \u00e0 court, moyen et long terme que nous allons porter devant la haute hi\u00e9rarchie\u00bb, a dit \u00e0 la presse \u00e0 l\u2019issue de cette r\u00e9union, Diakalidia Konat\u00e9, le secr\u00e9taire ex\u00e9cutif de la CNFCI.<\/p>\n<p>Egrenant au-del\u00e0 de la d\u00e9faillance du r\u00e9seau t\u00e9l\u00e9phonique, les probl\u00e8mes des fronti\u00e8res ivoiriennes, M. Konat\u00e9 a d\u00e9nonc\u00e9 une \u00a0\u00ab une annexion progressive\u00bb de certaines localit\u00e9s frontali\u00e8res ivoiriennes par des pays voisins. Dans un expos\u00e9 fait au cours de cette r\u00e9union proprement dite, le secr\u00e9taire ex\u00e9cutif de la CNFCI a relev\u00e9 \u00a0plusieurs autres difficult\u00e9s des populations frontali\u00e8res ivoiriennes.<\/p>\n<p>\u00a0\u00ab Les populations vivant aux fronti\u00e8res ressentent un sentiment d\u2019abandon car elles ont des difficult\u00e9s pour communiquer avec le reste du pays. Il y a une fragilsation du lien d\u2019appartenance \u00e0 la patrie\u2026 Cela a un impact ind\u00e9niable sur l\u2019\u00e9conomie dans les fronti\u00e8res \u00a0\u00bb, a-t-il d\u00e9plor\u00e9 notant \u00e9galement des probl\u00e8mes s\u00e9curitaires dont la menace terroriste.<\/p>\n<p>\u00a0Dans une autre pr\u00e9sentation, Gertrude Kouassi, la directrice ex\u00e9cutive de l\u2019UNATEL (patronat des entreprises de t\u00e9l\u00e9communications) a justifi\u00e9 la d\u00e9faillance des r\u00e9seaux t\u00e9l\u00e9phoniques des zones frontali\u00e8res par plusieurs difficult\u00e9s des op\u00e9rateurs de t\u00e9l\u00e9phonie mobile dont la menace s\u00e9curitaire pr\u00e9occupante dans ces zones.<\/p>\n<p>\u00a0Une situation qui n\u2019incite pas les op\u00e9rateurs de T\u00e9l\u00e9com \u00e0 y investir \u00e9norm\u00e9ment. Toutefois, pour encourager les membres de son organisation \u00e0 investir davantage dans les zones frontali\u00e8res, elle a plaid\u00e9 entre autres, pour le renforcement de la s\u00e9curit\u00e9 aux fronti\u00e8res et l\u2019am\u00e9lioration des infrastructures routi\u00e8res dans ces localit\u00e9s.<\/p>\n<p>\u00a0Cr\u00e9\u00e9e en juillet 2017, la Commission nationale des fronti\u00e8res de C\u00f4te d\u2019Ivoire ( CNFCI) est une structure \u00e9tatique en charge de la gestion des fronti\u00e8res terrestres, maritimes et a\u00e9riennes de la C\u00f4te d\u2019Ivoire. Cette institution a pour mission d\u2019assister le gouvernement dans la conception, la d\u00e9finition et la mise en \u0153uvre des politiques et strat\u00e9gies nationales des fronti\u00e8res.<\/p>\n<\/div>\n<p>Auteur: APA News<br \/>\n<a href=\"https:\/\/www.journalducameroun.com\/reflexions-pour-ameliorer-le-reseau-telephonique-dans-les-frontieres-ivoiriennes\/\">Cliquez ici pour lire l&rsquo;article depuis sa source.<\/a><\/p>\n","protected":false},"excerpt":{"rendered":"<p>Publi\u00e9 le 12.01.2021 \u00e0 19h18 par APA News La Commission nationale des fronti\u00e8res de la C\u00f4te d\u2019Ivoire (CNFCI) de concert avec plusieurs structures nationales, notamment l\u2019Agence ivoirienne de gestion des fr\u00e9quences (AIGF), l\u2019Autorit\u00e9 de r\u00e9gulation des t\u00e9l\u00e9communications en C\u00f4te d\u2019Ivoire ( ARTCI) et l\u2019Union nationale des entreprises de t\u00e9l\u00e9communications (UNETEL) ont entam\u00e9 mardi \u00e0 Abidjan, [&hellip;]<\/p>\n","protected":false},"author":1965,"featured_media":0,"comment_status":"closed","ping_status":"closed","sticky":false,"template":"","format":"standard","meta":{"fifu_image_url":"","fifu_image_alt":"","footnotes":""},"categories":[73,82],"tags":[],"class_list":["post-109169","post","type-post","status-publish","format-standard","hentry","category-actualite","category-cameroun"],"_links":{"self":[{"href":"https:\/\/linitiative.ca\/International\/wp-json\/wp\/v2\/posts\/109169","targetHints":{"allow":["GET"]}}],"collection":[{"href":"https:\/\/linitiative.ca\/International\/wp-json\/wp\/v2\/posts"}],"about":[{"href":"https:\/\/linitiative.ca\/International\/wp-json\/wp\/v2\/types\/post"}],"author":[{"embeddable":true,"href":"https:\/\/linitiative.ca\/International\/wp-json\/wp\/v2\/users\/1965"}],"replies":[{"embeddable":true,"href":"https:\/\/linitiative.ca\/International\/wp-json\/wp\/v2\/comments?post=109169"}],"version-history":[{"count":0,"href":"https:\/\/linitiative.ca\/International\/wp-json\/wp\/v2\/posts\/109169\/revisions"}],"wp:attachment":[{"href":"https:\/\/linitiative.ca\/International\/wp-json\/wp\/v2\/media?parent=109169"}],"wp:term":[{"taxonomy":"category","embeddable":true,"href":"https:\/\/linitiative.ca\/International\/wp-json\/wp\/v2\/categories?post=109169"},{"taxonomy":"post_tag","embeddable":true,"href":"https:\/\/linitiative.ca\/International\/wp-json\/wp\/v2\/tags?post=109169"}],"curies":[{"name":"wp","href":"https:\/\/api.w.org\/{rel}","templated":true}]}}