{"id":109171,"date":"2021-01-12T15:18:02","date_gmt":"2021-01-12T20:18:02","guid":{"rendered":"https:\/\/linitiative.ca\/International\/cote-divoire-suspension-de-la-hausse-du-prix-de-lhuile-de-table-raffinee-ministre\/"},"modified":"2021-01-12T15:18:02","modified_gmt":"2021-01-12T20:18:02","slug":"cote-divoire-suspension-de-la-hausse-du-prix-de-lhuile-de-table-raffinee-ministre","status":"publish","type":"post","link":"https:\/\/linitiative.ca\/International\/cote-divoire-suspension-de-la-hausse-du-prix-de-lhuile-de-table-raffinee-ministre\/","title":{"rendered":"C\u00f4te d\u2019Ivoire: suspension de la hausse du prix de l\u2019huile de table raffin\u00e9e (Ministre)"},"content":{"rendered":"<div readability=\"32\">\n<p>Publi\u00e9 le 12.01.2021 \u00e0 21h18 par APA News<\/p>\n<\/div>\n<div readability=\"68\">\n<p>Le ministre ivoirien du Commerce et de l\u2019industrie, Souleymane Diarrassouba a annonc\u00e9 mardi \u00e0 Abidjan, la suspension de la hausse du prix de l\u2019huile de table raffin\u00e9e, une augmentation annonc\u00e9e d\u00e9but janvier qui avait fait couler beaucoup d\u2019encre et de salive dans le pays.<\/p>\n<p>\u00ab A l\u2019issue de ces discussions, nous sommes convenus ce jour de suspendre la hausse de l\u2019huile de table raffin\u00e9 intervenue en ce mois de janvier 2021 et de geler les prix de la farine de bl\u00e9\u00bb, a indiqu\u00e9 M. Diarrassouba au terme d\u2019une rencontre avec les industriels de ces deux fili\u00e8res.<\/p>\n<p>\u00a0De fa\u00e7on concr\u00e8te, a-t-il expliqu\u00e9, toutes les augmentations qui ont \u00e9t\u00e9 annonc\u00e9es \u00e0 compter du 1er janvier 2021 concernant l\u2019huile de table raffin\u00e9e sont suspendues. Quant au sac de la farine boulang\u00e8re de 50 kg, il demeure au prix maximum de 19000 FCFA, a-t-il ajout\u00e9.<\/p>\n<p>Poursuivant, M. Diarrassouba a annonc\u00e9 la mise en place \u00a0\u00ab d\u00e8s demain \u00a0\u00bb de comit\u00e9s techniques compos\u00e9s de toutes les parties pour r\u00e9fl\u00e9chir sur des solutions durables envisag\u00e9es pour chaque fili\u00e8re afin d\u2019att\u00e9nuer la hausse des cours mondiaux de l\u2019huile de palme et de la farine boulang\u00e8re tout en permettant aux industriels de p\u00e9renniser leurs diff\u00e9rentes affaires.<\/p>\n<p>\u00a0\u00ab Je voudrais appeler les consommateurs et les populations vivant en C\u00f4te d\u2019Ivoire au calme et \u00e0 la s\u00e9r\u00e9nit\u00e9 pour que le gouvernement \u00a0travaille \u00e0 prot\u00e9ger leurs int\u00e9r\u00eats\u00bb, a exhort\u00e9 le ministre.<\/p>\n<p>La hausse du cours mondial de l\u2019huile de palme a entra\u00een\u00e9 en ce d\u00e9but d\u2019ann\u00e9e 2021, dans certains pays dont la C\u00f4te d\u2019Ivoire, une augmentation des prix de l\u2019huile de table raffin\u00e9e. Cette hausse avait soulev\u00e9 le courroux des consommateurs ivoiriens.<\/p>\n<\/div>\n<p>Auteur: APA News<br \/>\n<a href=\"https:\/\/www.journalducameroun.com\/cote-divoire-suspension-de-la-hausse-du-prix-de-lhuile-de-table-raffinee-ministre\/\">Cliquez ici pour lire l&rsquo;article depuis sa source.<\/a><\/p>\n","protected":false},"excerpt":{"rendered":"<p>Publi\u00e9 le 12.01.2021 \u00e0 21h18 par APA News Le ministre ivoirien du Commerce et de l\u2019industrie, Souleymane Diarrassouba a annonc\u00e9 mardi \u00e0 Abidjan, la suspension de la hausse du prix de l\u2019huile de table raffin\u00e9e, une augmentation annonc\u00e9e d\u00e9but janvier qui avait fait couler beaucoup d\u2019encre et de salive dans le pays. \u00ab A l\u2019issue [&hellip;]<\/p>\n","protected":false},"author":1965,"featured_media":0,"comment_status":"closed","ping_status":"closed","sticky":false,"template":"","format":"standard","meta":{"fifu_image_url":"","fifu_image_alt":"","footnotes":""},"categories":[73,82],"tags":[],"class_list":["post-109171","post","type-post","status-publish","format-standard","hentry","category-actualite","category-cameroun"],"_links":{"self":[{"href":"https:\/\/linitiative.ca\/International\/wp-json\/wp\/v2\/posts\/109171","targetHints":{"allow":["GET"]}}],"collection":[{"href":"https:\/\/linitiative.ca\/International\/wp-json\/wp\/v2\/posts"}],"about":[{"href":"https:\/\/linitiative.ca\/International\/wp-json\/wp\/v2\/types\/post"}],"author":[{"embeddable":true,"href":"https:\/\/linitiative.ca\/International\/wp-json\/wp\/v2\/users\/1965"}],"replies":[{"embeddable":true,"href":"https:\/\/linitiative.ca\/International\/wp-json\/wp\/v2\/comments?post=109171"}],"version-history":[{"count":0,"href":"https:\/\/linitiative.ca\/International\/wp-json\/wp\/v2\/posts\/109171\/revisions"}],"wp:attachment":[{"href":"https:\/\/linitiative.ca\/International\/wp-json\/wp\/v2\/media?parent=109171"}],"wp:term":[{"taxonomy":"category","embeddable":true,"href":"https:\/\/linitiative.ca\/International\/wp-json\/wp\/v2\/categories?post=109171"},{"taxonomy":"post_tag","embeddable":true,"href":"https:\/\/linitiative.ca\/International\/wp-json\/wp\/v2\/tags?post=109171"}],"curies":[{"name":"wp","href":"https:\/\/api.w.org\/{rel}","templated":true}]}}