{"id":109172,"date":"2021-01-12T18:04:20","date_gmt":"2021-01-12T23:04:20","guid":{"rendered":"https:\/\/linitiative.ca\/International\/les-filiales-africaines-de-maroc-telcom-reunies-autour-dune-identite-commune\/"},"modified":"2021-01-12T18:04:20","modified_gmt":"2021-01-12T23:04:20","slug":"les-filiales-africaines-de-maroc-telcom-reunies-autour-dune-identite-commune","status":"publish","type":"post","link":"https:\/\/linitiative.ca\/International\/les-filiales-africaines-de-maroc-telcom-reunies-autour-dune-identite-commune\/","title":{"rendered":"Les filiales africaines de Maroc Telcom r\u00e9unies autour d\u2019une identit\u00e9 commune"},"content":{"rendered":"<div readability=\"32\">\n<p>Publi\u00e9 le 13.01.2021 \u00e0 00h18 par APA News<\/p>\n<\/div>\n<div readability=\"67\">\n<p>Les filiales africaines de l\u2019op\u00e9rateur marocain du secteur des t\u00e9l\u00e9coms, Maroc Telecom, ont \u00e9t\u00e9 r\u00e9unies autour d\u2019une nouvelle marque baptis\u00e9e \u00ab Moov Africa \u00bb.En effet les 10 filiales africaines du Groupe sont situ\u00e9es au B\u00e9nin, Burkina Faso, C\u00f4te d\u2019Ivoire, Gabon, Mali, Mauritanie, Niger, R\u00e9publique Centrafricaine, Tchad et au Togo. Dans ces march\u00e9s comptant plus de 70 millions de clients Mobile, Fixe et Internet, l\u2019op\u00e9rateur y ouvre une nouvelle page de son histoire.<\/p>\n<p>\u00ab Cette nouvelle identit\u00e9 illustre la vision du Groupe Maroc Telecom : \u2018l\u2019Afrique en mouvement\u2019, qui r\u00e9side dans le principe de partage du savoir-faire du groupe et sa capacit\u00e9 d\u2019innovation au profit des pays dans lesquels il op\u00e8re \u00bb, indique le Groupe, ajoutant que la nouvelle marque \u00ab Moov Africa \u00bb adopte la signature \u00ab un monde nouveau vous appelle \u00bb de l\u2019op\u00e9rateur global.<\/p>\n<p>Pour affirmer cette nouvelle identit\u00e9 de marque et la faire conna\u00eetre du plus grand nombre, Maroc Telecom fait appel \u00e0 la l\u00e9gende fran\u00e7aise Teddy Riner qui a pr\u00eat\u00e9 sa voix et son image au Groupe. Le judoka, en qu\u00eate d\u2019une 4e m\u00e9daille olympique est l\u2019ambassadeur du Groupe depuis 2017.<\/p>\n<p>La nouvelle identit\u00e9 de marque Moov Africa du Groupe Maroc Telecom marque ainsi une \u00e9tape suppl\u00e9mentaire dans le d\u00e9veloppement \u00e0 l\u2019international du Groupe Maroc Telecom sur des march\u00e9s \u00e0 fort potentiel, et renforce davantage son positionnement strat\u00e9gique en tant qu\u2019acteur majeur des t\u00e9l\u00e9coms en Afrique.<\/p>\n<\/div>\n<p>Auteur: APA News<br \/>\n<a href=\"https:\/\/www.journalducameroun.com\/les-filiales-africaines-de-maroc-telcom-reunies-autour-dune-identite-commune\/\">Cliquez ici pour lire l&rsquo;article depuis sa source.<\/a><\/p>\n","protected":false},"excerpt":{"rendered":"<p>Publi\u00e9 le 13.01.2021 \u00e0 00h18 par APA News Les filiales africaines de l\u2019op\u00e9rateur marocain du secteur des t\u00e9l\u00e9coms, Maroc Telecom, ont \u00e9t\u00e9 r\u00e9unies autour d\u2019une nouvelle marque baptis\u00e9e \u00ab Moov Africa \u00bb.En effet les 10 filiales africaines du Groupe sont situ\u00e9es au B\u00e9nin, Burkina Faso, C\u00f4te d\u2019Ivoire, Gabon, Mali, Mauritanie, Niger, R\u00e9publique Centrafricaine, Tchad et [&hellip;]<\/p>\n","protected":false},"author":1965,"featured_media":0,"comment_status":"closed","ping_status":"closed","sticky":false,"template":"","format":"standard","meta":{"fifu_image_url":"","fifu_image_alt":"","footnotes":""},"categories":[73,82],"tags":[],"class_list":["post-109172","post","type-post","status-publish","format-standard","hentry","category-actualite","category-cameroun"],"_links":{"self":[{"href":"https:\/\/linitiative.ca\/International\/wp-json\/wp\/v2\/posts\/109172","targetHints":{"allow":["GET"]}}],"collection":[{"href":"https:\/\/linitiative.ca\/International\/wp-json\/wp\/v2\/posts"}],"about":[{"href":"https:\/\/linitiative.ca\/International\/wp-json\/wp\/v2\/types\/post"}],"author":[{"embeddable":true,"href":"https:\/\/linitiative.ca\/International\/wp-json\/wp\/v2\/users\/1965"}],"replies":[{"embeddable":true,"href":"https:\/\/linitiative.ca\/International\/wp-json\/wp\/v2\/comments?post=109172"}],"version-history":[{"count":0,"href":"https:\/\/linitiative.ca\/International\/wp-json\/wp\/v2\/posts\/109172\/revisions"}],"wp:attachment":[{"href":"https:\/\/linitiative.ca\/International\/wp-json\/wp\/v2\/media?parent=109172"}],"wp:term":[{"taxonomy":"category","embeddable":true,"href":"https:\/\/linitiative.ca\/International\/wp-json\/wp\/v2\/categories?post=109172"},{"taxonomy":"post_tag","embeddable":true,"href":"https:\/\/linitiative.ca\/International\/wp-json\/wp\/v2\/tags?post=109172"}],"curies":[{"name":"wp","href":"https:\/\/api.w.org\/{rel}","templated":true}]}}