{"id":109174,"date":"2021-01-12T10:58:00","date_gmt":"2021-01-12T15:58:00","guid":{"rendered":"https:\/\/linitiative.ca\/International\/serge-nguessan-et-solomane-kone-dirigeront-la-region-afrique-centrale\/"},"modified":"2021-01-12T10:58:00","modified_gmt":"2021-01-12T15:58:00","slug":"serge-nguessan-et-solomane-kone-dirigeront-la-region-afrique-centrale","status":"publish","type":"post","link":"https:\/\/linitiative.ca\/International\/serge-nguessan-et-solomane-kone-dirigeront-la-region-afrique-centrale\/","title":{"rendered":"Serge N\u2019Guessan et Solomane Kone dirigeront la r\u00e9gion Afrique Centrale"},"content":{"rendered":"<p>La Banque africaine de d\u00e9veloppement (BAD) vient de refaire une toilette au sein de ses repr\u00e9sentions r\u00e9gionales. Les r\u00e9gions Afrique de l\u2019Est, Centrale et Australe viennent de se voir attribuer de nouveaux Directeurs r\u00e9gionaux, tant dis que celles d\u2019Afrique du Nord, de l\u2019Ouest ainsi que les trois premi\u00e8res \u00e9voqu\u00e9es re\u00e7oivent de nouveaux Directeurs r\u00e9gionaux adjoints. Pour le cas de l\u2019Afrique Centrale le poste de Directeur g\u00e9n\u00e9ral revient\u00a0\u00a0Serge N\u2019Guessan, second\u00e9 de Solomane Kone.<\/p>\n<p>Serge N\u2019Guessan de nationalit\u00e9 canadienne, dispose \u00e0 son actif de plus de trente ans d\u2019exp\u00e9rience dans le d\u00e9veloppement international et la gestion de portefeuille. Il est titulaire d\u2019un doctorat en am\u00e9nagement du territoire et en urbanisme de l\u2019universit\u00e9 de Montr\u00e9al (Canada), d\u2019un master en architecture de l\u2019universit\u00e9 du Colorado (Denver, \u00c9tats-Unis), ainsi que d\u2019un dipl\u00f4me d\u2019ing\u00e9nieur de g\u00e9nie civil de l\u2019\u00c9cole nationale sup\u00e9rieure des travaux publics de Yamoussoukro (C\u00f4te d\u2019Ivoire). Avant de rejoindre la Banque, il a dirig\u00e9 la division des projets internationaux d\u2019OMIRA Inc, une soci\u00e9t\u00e9 canadienne (1996-2000). Entre 1992 et 1996, il a \u00e9t\u00e9 chef de projet de Dirigo Land &amp; Livestock, une soci\u00e9t\u00e9 am\u00e9ricaine bas\u00e9e \u00e0 Denver, au Colorado.<\/p>\n<p><strong>Lire aussi<\/strong> : <a href=\"https:\/\/ecomatin.net\/bvmac-10-institutions-financieres-camerounaises-entrent-en-bouse\/\">Bvmac : 10 institutions financi\u00e8res camerounaises entrent en bourse<\/a><\/p>\n<p>Au sein de l\u2019institution financi\u00e8re, qu\u2019il a rejoint en 2000 en tant qu\u2019architecte principal et sp\u00e9cialiste charg\u00e9 de la mise en \u0153uvre au sein du d\u00e9partement du D\u00e9veloppement humain, il a occup\u00e9 entra autres fonctions celles de sp\u00e9cialiste principal de la passation des march\u00e9s avant d\u2019\u00eatre promu charg\u00e9 en chef de la gouvernance en 2008, au d\u00e9partement de la Gouvernance et de la Gestion financi\u00e8re. Il a aussi occup\u00e9 des postes de repr\u00e9sentation, notamment avant sa nomination, ou il \u00e9tait directeur g\u00e9n\u00e9ral adjoint de la Banque pour l\u2019Afrique de l\u2019Ouest depuis septembre 2018, repr\u00e9sentant r\u00e9sident au bureau de la Banque au Togo depuis octobre 2011.<\/p>\n<p>Son adjoint qui n\u2019est nul autre que Solomane Kone, le chef du bureau-pays du groupe de la BAD au Cameroun. Fonction qu\u2019il cumule ave celle de Directeur g\u00e9n\u00e9ral par int\u00e9rim de la r\u00e9gion Afrique centrale. De nationalit\u00e9 ivoirienne, il est titulaire d\u2019un doctorat obtenu en janvier 1990 et d\u2019un master en planification et \u00e9conomie du d\u00e9veloppement obtenu en 1993 de l\u2019universit\u00e9 Cornell aux \u00c9tats-Unis, ce dernier a contribu\u00e9 \u00e0 d\u00e9velopper l\u2019activit\u00e9 de la Banque et \u00e0 superviser la performance du portefeuille du Cameroun, le plus important d\u2019Afrique centrale (35 op\u00e9rations pour environ 3,1 milliards de dollars am\u00e9ricains).<\/p>\n<p><strong>Lire aussi<\/strong> : <a href=\"https:\/\/ecomatin.net\/notation-financiere-ces-facteurs-qui-menacent-la-solvabilite-du-cameroun\/\">Notation financi\u00e8re : ces facteurs qui menacent la solvabilit\u00e9 du Cameroun<\/a><\/p>\n<p>Il a occup\u00e9 plusieurs fonctions de direction en qualit\u00e9 de sp\u00e9cialiste en chef \u00e9conomie pour le d\u00e9partement r\u00e9gional Est 2 de novembre 2009 \u00e0 juillet 2012, directeur r\u00e9gional par int\u00e9rim d\u2019OREB de juillet 2012 \u00e0 octobre 2013, conseiller du vice-pr\u00e9sident charg\u00e9 des Programmes nationaux et r\u00e9gionaux (ORVP) devenu RDVP (D\u00e9veloppement r\u00e9gional, int\u00e9gration et prestation de services) de novembre 2013 \u00e0 septembre 2017.<\/p>\n<p>Les missions qui attendent ces deux personnalit\u00e9s sont de diriger et assurer l\u2019efficacit\u00e9 op\u00e9rationnelle, l\u2019efficience et la sant\u00e9 g\u00e9n\u00e9rale du portefeuille de la Banque dans toute la r\u00e9gion d\u2019Afrique centrale. Ils joueront \u00e9galement un r\u00f4le de premier plan dans le d\u00e9veloppement des entreprises et des investissements r\u00e9gionaux en stimulant la mobilisation des ressources dans les pays relevant de sa comp\u00e9tence et en renfor\u00e7ant de mani\u00e8re significative les activit\u00e9s de la Banque.<\/p>\n<p><strong>Lire aussi<\/strong> : <a href=\"https:\/\/ecomatin.net\/stabilite-financiere-le-cameroun-sarrime-a-la-reglementation-de-change-de-la-beac\/\">Stabilit\u00e9 financi\u00e8re : le Cameroun s\u2019arrime \u00e0 la r\u00e8glementation de change de la Beac<\/a><\/p>\n<p>Auteur: Cindy MBALA<br \/>\n<a href=\"https:\/\/ecomatin.net\/serge-nguessan-et-solomane-kone-dirigeront-la-region-afrique-centrale\/\">Cliquez ici pour lire l&rsquo;article depuis sa source.<\/a><\/p>\n","protected":false},"excerpt":{"rendered":"<p>La Banque africaine de d\u00e9veloppement (BAD) vient de refaire une toilette au sein de ses repr\u00e9sentions r\u00e9gionales. Les r\u00e9gions Afrique de l\u2019Est, Centrale et Australe viennent de se voir attribuer de nouveaux Directeurs r\u00e9gionaux, tant dis que celles d\u2019Afrique du Nord, de l\u2019Ouest ainsi que les trois premi\u00e8res \u00e9voqu\u00e9es re\u00e7oivent de nouveaux Directeurs r\u00e9gionaux adjoints. [&hellip;]<\/p>\n","protected":false},"author":1969,"featured_media":0,"comment_status":"closed","ping_status":"closed","sticky":false,"template":"","format":"standard","meta":{"fifu_image_url":"","fifu_image_alt":"","footnotes":""},"categories":[82,78],"tags":[],"class_list":["post-109174","post","type-post","status-publish","format-standard","hentry","category-cameroun","category-economie"],"_links":{"self":[{"href":"https:\/\/linitiative.ca\/International\/wp-json\/wp\/v2\/posts\/109174","targetHints":{"allow":["GET"]}}],"collection":[{"href":"https:\/\/linitiative.ca\/International\/wp-json\/wp\/v2\/posts"}],"about":[{"href":"https:\/\/linitiative.ca\/International\/wp-json\/wp\/v2\/types\/post"}],"author":[{"embeddable":true,"href":"https:\/\/linitiative.ca\/International\/wp-json\/wp\/v2\/users\/1969"}],"replies":[{"embeddable":true,"href":"https:\/\/linitiative.ca\/International\/wp-json\/wp\/v2\/comments?post=109174"}],"version-history":[{"count":0,"href":"https:\/\/linitiative.ca\/International\/wp-json\/wp\/v2\/posts\/109174\/revisions"}],"wp:attachment":[{"href":"https:\/\/linitiative.ca\/International\/wp-json\/wp\/v2\/media?parent=109174"}],"wp:term":[{"taxonomy":"category","embeddable":true,"href":"https:\/\/linitiative.ca\/International\/wp-json\/wp\/v2\/categories?post=109174"},{"taxonomy":"post_tag","embeddable":true,"href":"https:\/\/linitiative.ca\/International\/wp-json\/wp\/v2\/tags?post=109174"}],"curies":[{"name":"wp","href":"https:\/\/api.w.org\/{rel}","templated":true}]}}