{"id":109177,"date":"2021-01-12T12:28:15","date_gmt":"2021-01-12T17:28:15","guid":{"rendered":"https:\/\/linitiative.ca\/International\/chan-2020-la-liste-officielle-de-lions-a-avec-zoua-et-ndjeng\/"},"modified":"2021-01-12T12:28:15","modified_gmt":"2021-01-12T17:28:15","slug":"chan-2020-la-liste-officielle-de-lions-a-avec-zoua-et-ndjeng","status":"publish","type":"post","link":"https:\/\/linitiative.ca\/International\/chan-2020-la-liste-officielle-de-lions-a-avec-zoua-et-ndjeng\/","title":{"rendered":"CHAN 2020 : la liste officielle de Lions A\u2019, avec Zoua et Ndjeng"},"content":{"rendered":"<p>La F\u00e9d\u00e9ration camerounaise de football (Fecafoot) a rendu publique ce mardi 12 janvier 2021, la liste officielle du s\u00e9lectionneur Martin Ndtoungou Mpil\u00e9, pour le Championnat d\u2019Afrique des Nations (CHAN) de football, dont le coup d\u2019envoi sera donn\u00e9 le samedi 16 janvier 2021.<\/p>\n<p>Le technicien camerounais a retenu 23 joueurs, outre 10 r\u00e9servistes\u00b8 pour pallier d\u2019\u00e9ventuels forfaits sur la liste initiale. En clair, en raison du contexte de crise sanitaire due \u00e0 la pand\u00e9mie de Coronavirus, la Conf\u00e9d\u00e9ration africaine de football (CAF) a autoris\u00e9 les 16 \u00e9quipes qualifi\u00e9es \u00e0 convoquer 33 joueurs, pour pr\u00e9voir des substitutions pour d\u2019\u00e9ventuels cas de covid-19 confirm\u00e9s.<\/p>\n<p>Martin Ndtoungou a b\u00e2ti son effectif autour du capitaine Jacques Zoua et de Yannick Ndjeng, deux attaquants de cette s\u00e9lection ayant souvent \u00e9t\u00e9 convoqu\u00e9s en s\u00e9lection nationale, au m\u00eame titre que le portier Haschou Kerrido.<\/p>\n<p>Dans la liste \u00e9largie liste, Coton sport de Garoua est l\u2019\u00e9quipe la plus repr\u00e9sent\u00e9e avec 6 joueurs, suivis de Stade Renard de Melong et Apejes de Mfou, avec 4 joueurs chacune.<\/p>\n<p>La s\u00e9lection camerounaise entame d\u00e8s ce mardi l\u2019ultime phase de sa pr\u00e9paration, avec au programme une s\u00e9ance d\u2019entrainement au stade annexe de l\u2019omnisports \u00e0 Yaound\u00e9. Les Lions A\u2019 disputent le match d\u2019ouverture samedi prochain contre le Zimbabwe, qui arrive au Cameroun ce mercredi 13 janvier 2021.<\/p>\n<p><strong>Yannick KENNE<\/strong><\/p>\n<p>Auteur: Eco Matin<br \/>\n<a href=\"https:\/\/ecomatin.net\/chan-2020-la-liste-officielle-de-lions-a-avec-zoua-et-ndjeng\/\">Cliquez ici pour lire l&rsquo;article depuis sa source.<\/a><\/p>\n","protected":false},"excerpt":{"rendered":"<p>La F\u00e9d\u00e9ration camerounaise de football (Fecafoot) a rendu publique ce mardi 12 janvier 2021, la liste officielle du s\u00e9lectionneur Martin Ndtoungou Mpil\u00e9, pour le Championnat d\u2019Afrique des Nations (CHAN) de football, dont le coup d\u2019envoi sera donn\u00e9 le samedi 16 janvier 2021. Le technicien camerounais a retenu 23 joueurs, outre 10 r\u00e9servistes\u00b8 pour pallier d\u2019\u00e9ventuels [&hellip;]<\/p>\n","protected":false},"author":1969,"featured_media":0,"comment_status":"closed","ping_status":"closed","sticky":false,"template":"","format":"standard","meta":{"fifu_image_url":"","fifu_image_alt":"","footnotes":""},"categories":[82,78],"tags":[],"class_list":["post-109177","post","type-post","status-publish","format-standard","hentry","category-cameroun","category-economie"],"_links":{"self":[{"href":"https:\/\/linitiative.ca\/International\/wp-json\/wp\/v2\/posts\/109177","targetHints":{"allow":["GET"]}}],"collection":[{"href":"https:\/\/linitiative.ca\/International\/wp-json\/wp\/v2\/posts"}],"about":[{"href":"https:\/\/linitiative.ca\/International\/wp-json\/wp\/v2\/types\/post"}],"author":[{"embeddable":true,"href":"https:\/\/linitiative.ca\/International\/wp-json\/wp\/v2\/users\/1969"}],"replies":[{"embeddable":true,"href":"https:\/\/linitiative.ca\/International\/wp-json\/wp\/v2\/comments?post=109177"}],"version-history":[{"count":0,"href":"https:\/\/linitiative.ca\/International\/wp-json\/wp\/v2\/posts\/109177\/revisions"}],"wp:attachment":[{"href":"https:\/\/linitiative.ca\/International\/wp-json\/wp\/v2\/media?parent=109177"}],"wp:term":[{"taxonomy":"category","embeddable":true,"href":"https:\/\/linitiative.ca\/International\/wp-json\/wp\/v2\/categories?post=109177"},{"taxonomy":"post_tag","embeddable":true,"href":"https:\/\/linitiative.ca\/International\/wp-json\/wp\/v2\/tags?post=109177"}],"curies":[{"name":"wp","href":"https:\/\/api.w.org\/{rel}","templated":true}]}}