{"id":109178,"date":"2021-01-12T16:12:46","date_gmt":"2021-01-12T21:12:46","guid":{"rendered":"https:\/\/linitiative.ca\/International\/le-gouvernement-ajourne-le-lancement-du-reseau-mobile-de-camtel-a-cause-des-insuffisances-manageriale\/"},"modified":"2021-01-12T16:12:46","modified_gmt":"2021-01-12T21:12:46","slug":"le-gouvernement-ajourne-le-lancement-du-reseau-mobile-de-camtel-a-cause-des-insuffisances-manageriale","status":"publish","type":"post","link":"https:\/\/linitiative.ca\/International\/le-gouvernement-ajourne-le-lancement-du-reseau-mobile-de-camtel-a-cause-des-insuffisances-manageriale\/","title":{"rendered":"Le gouvernement ajourne le lancement du r\u00e9seau mobile de Camtel \u00e0 cause des \u00ab insuffisances manag\u00e9riale \u00bb"},"content":{"rendered":"<p>Le lancement officiel de \u00ab Blue \u00bb, la branche mobile de la Cameroon T\u00e9l\u00e9communications(Camtel) ne sera probablement plus pour demain 13 janvier, comme annonc\u00e9 par l\u2019op\u00e9rateur. C\u2019est en tout cas ce que laisse croire une correspondance de la ministre des Postes et T\u00e9l\u00e9communications(Minpostel) adress\u00e9e au Directeur G\u00e9n\u00e9ral de Camtel, Judith Yah Sunday \u00e9pse Achidi. La tutelle technique de l\u2019op\u00e9rateur historique d\u00e9plore des insuffisances consubstantielles au lancement de ce nouveau \u00a0produit.<\/p>\n<p><strong>Lire aussi<\/strong> : <a href=\"https:\/\/ecomatin.net\/telephonie-mobile-le-gouvernement-veut-assurer-une-concurrence-saine-entre-camtel-et-les-autres-operateurs\/\">T\u00e9l\u00e9phonie mobile : le gouvernement veut assurer une concurrence saine entre Camtel et les autres op\u00e9rateurs<\/a><\/p>\n<p>De prime abord, Minette Libom Li Likeng revient sur le fait que Camtel ait voulu lancer, en d\u00e9cembre dernier son nouveau produit, \u00ab sans business plan \u00bb. Apr\u00e8s un premier report, la soci\u00e9t\u00e9 d\u2019Etat semble vouloir s\u2019ent\u00eater \u00e0 poursuivre son bonhomme de chemin. \u00a0\u00a0\u00ab Au cours de la r\u00e9union que j\u2019ai pr\u00e9sid\u00e9e en pr\u00e9sence du R\u00e9gulateur (l\u2019Agence de R\u00e9gulation des T\u00e9l\u00e9communications, ndlr) le 16 d\u00e9cembre 2020, dans ce cadre, ce lancement avait \u00e9t\u00e9 diff\u00e9r\u00e9 en raison des insuffisances r\u00e9glementaires notoires \u00e0 la mise en \u0153uvre du r\u00e9seau mobile.<\/p>\n<p><strong>Lire aussi<\/strong> : <a href=\"https:\/\/ecomatin.net\/camtel-limprobable-mission-de-judith-achidi\/\">Camtel : l\u2019improbable mission de Judith Achidi\u00a0<\/a><\/p>\n<p>Dans un courrier re\u00e7u le 7 janvier 2021, vous m\u2019invitez \u00e0 pr\u00e9sider le lancement du mobile pour la date du 13 janvier 2021, sans rendre compte de la lev\u00e9e des r\u00e9serves formul\u00e9es au cours de la r\u00e9union du 16 d\u00e9cembre 2020 \u00bb, d\u00e9plore Minette Libom Li Likeng. Par ailleurs, le Minpostel avait, attribu\u00e9 \u00e0 cette entit\u00e9 publique trois concessions (mobile, fixe et transport). Pour la tutelle de l\u2019op\u00e9rateur historique, la mise en \u0153uvre effective des trois Business Unit, qui conditionne la r\u00e9ussite de l\u2019exploitation des concessions octroy\u00e9es n\u2019aurait pas \u00e9t\u00e9 respect\u00e9e. Minette Libom, qui regrette par ailleurs, \u00ab\u2009qu\u2019en lieu et place de la business unit mobile\u00bb, Judith Yah Sunday a pr\u00e9f\u00e9r\u00e9 \u00abune task-force de 170 personnels (\u2026) sans aucune pr\u00e9cision sur les missions et les aspects li\u00e9s \u00e0 la gestion de cette unit\u00e9\u00bb, Suffisant pour que le ministre prescrive \u00e0 la DG, \u00ab un retour sans d\u00e9lai \u00e0 l\u2019orthodoxie manag\u00e9riale \u00bb, \u00e0 l\u2019effet de garantir le succ\u00e8s de la r\u00e9forme engag\u00e9e et la cr\u00e9dibilit\u00e9 de l\u2019op\u00e9rateur historique.\u00a0Autre pomme de discorde, c\u2019est la prise des d\u00e9cisions strat\u00e9giques, qui, selon le membre du gouvernement, \u00ab ne concourent pas \u00e0 la r\u00e9ussite de la r\u00e9forme organisationnelle et fonctionnelle prescrite par le gouvernement \u00bb.<\/p>\n<p><strong>Lire aussi<\/strong> : <a href=\"https:\/\/ecomatin.net\/camtel-certifie-a-la-norme-iso-9001\/\">Camtel certifi\u00e9 \u00e0 la norme ISO 9001<\/a><\/p>\n<p>Des insuffisances \u00e9num\u00e9r\u00e9es d\u00e8s l\u2019entamme de sa correspondance par le membre du gouvernement. Il s\u2019agit notamment de l\u2019immaturit\u00e9 \u00ab av\u00e9r\u00e9e \u00bb des projets de l\u2019entreprise, les obstructions du Directeur G\u00e9n\u00e9ral au travail du commissaire aux comptes dans son travail de contr\u00f4le de la gestion de l\u2019entreprise. A cela s\u2019ajoutent des entorses au principe de nomination par la Direction G\u00e9n\u00e9rale des responsables relevant de la comp\u00e9tence du conseil d\u2019administration, \u00ab toute chose de nature \u00e0 compromettre le climat social au sein de l\u2019entreprise et sa capacit\u00e9 \u00e0 se positionner sur des projets nouveaux \u00bb indique Minette Libom Li Likeng.\u00a0<\/p>\n<p><strong>Lire aussi<\/strong> : <a href=\"https:\/\/ecomatin.net\/grace-a-la-4g-camtel-couvre-deja-environ-65-de-la-population\/\">Gr\u00e2ce \u00e0 la 4G Camtel couvre d\u00e9j\u00e0 environ 65% de la population<\/a><\/p>\n<p>Auteur: Cedrick JIONGO<br \/>\n<a href=\"https:\/\/ecomatin.net\/le-gouvernement-ajourne-le-lancement-du-reseau-mobile-de-camtel-a-cause-des-insuffisances-manageriale\/\">Cliquez ici pour lire l&rsquo;article depuis sa source.<\/a><\/p>\n","protected":false},"excerpt":{"rendered":"<p>Le lancement officiel de \u00ab Blue \u00bb, la branche mobile de la Cameroon T\u00e9l\u00e9communications(Camtel) ne sera probablement plus pour demain 13 janvier, comme annonc\u00e9 par l\u2019op\u00e9rateur. C\u2019est en tout cas ce que laisse croire une correspondance de la ministre des Postes et T\u00e9l\u00e9communications(Minpostel) adress\u00e9e au Directeur G\u00e9n\u00e9ral de Camtel, Judith Yah Sunday \u00e9pse Achidi. La [&hellip;]<\/p>\n","protected":false},"author":1969,"featured_media":0,"comment_status":"closed","ping_status":"closed","sticky":false,"template":"","format":"standard","meta":{"fifu_image_url":"","fifu_image_alt":"","footnotes":""},"categories":[82,78],"tags":[],"class_list":["post-109178","post","type-post","status-publish","format-standard","hentry","category-cameroun","category-economie"],"_links":{"self":[{"href":"https:\/\/linitiative.ca\/International\/wp-json\/wp\/v2\/posts\/109178","targetHints":{"allow":["GET"]}}],"collection":[{"href":"https:\/\/linitiative.ca\/International\/wp-json\/wp\/v2\/posts"}],"about":[{"href":"https:\/\/linitiative.ca\/International\/wp-json\/wp\/v2\/types\/post"}],"author":[{"embeddable":true,"href":"https:\/\/linitiative.ca\/International\/wp-json\/wp\/v2\/users\/1969"}],"replies":[{"embeddable":true,"href":"https:\/\/linitiative.ca\/International\/wp-json\/wp\/v2\/comments?post=109178"}],"version-history":[{"count":0,"href":"https:\/\/linitiative.ca\/International\/wp-json\/wp\/v2\/posts\/109178\/revisions"}],"wp:attachment":[{"href":"https:\/\/linitiative.ca\/International\/wp-json\/wp\/v2\/media?parent=109178"}],"wp:term":[{"taxonomy":"category","embeddable":true,"href":"https:\/\/linitiative.ca\/International\/wp-json\/wp\/v2\/categories?post=109178"},{"taxonomy":"post_tag","embeddable":true,"href":"https:\/\/linitiative.ca\/International\/wp-json\/wp\/v2\/tags?post=109178"}],"curies":[{"name":"wp","href":"https:\/\/api.w.org\/{rel}","templated":true}]}}