{"id":109179,"date":"2021-01-13T10:30:12","date_gmt":"2021-01-13T15:30:12","guid":{"rendered":"https:\/\/linitiative.ca\/International\/salim-adil-lance-bientot-kas-f-noche\/"},"modified":"2021-01-13T10:30:12","modified_gmt":"2021-01-13T15:30:12","slug":"salim-adil-lance-bientot-kas-f-noche","status":"publish","type":"post","link":"https:\/\/linitiative.ca\/International\/salim-adil-lance-bientot-kas-f-noche\/","title":{"rendered":"Salim Adil lance bient\u00f4t  \u00abkas f noche\u00bb"},"content":{"rendered":"<header>\n<div class=\"entry-post-meta\">\n<div class=\"author-link\">Publi\u00e9 par <a itemprop=\"author\" itemscope=\"\" itemtype=\"https:\/\/schema.org\/Person\" href=\"https:\/\/aujourdhui.ma\/author\/blio\" rel=\"author\"><span itemprop=\"name\">ALM<\/span><\/a><\/div>\n<p>Date\u00a0:<time content=\"2021-01-13T16:30:12+01:00\" class=\"entry-date updated\" datetime=\"2021-01-13T16:30:12+01:00\">janvier 13, 2021<\/time><\/p>\n<div class=\"entry-cat\">dans:<a href=\"https:\/\/aujourdhui.ma\/category\/culture\" rel=\"category tag\">Culture<\/a><\/div>\n<p>9Vues<\/p>\n<\/div>\n<\/header>\n<div class=\"entry-content clearfix\" readability=\"52\"><img decoding=\"async\" class=\"post_layout_5_img\" src=\"http:\/\/aujourdhui.ma\/wp-content\/uploads\/2021\/01\/qsq.jpg\" alt=\"Salim Adil lance bient&#xF4;t &#xAB;kas f noche&#xBB;\"\/><\/p>\n<p><span class=\"c5\"><strong>Le jeune chanteur marocain Salim Adil lancera, le 22 janvier, son tout nouveau clip intitul\u00e9 \u00abKas f noche\u00bb (Un verre en une nuit).<\/strong><\/span><span id=\"more-365435\"\/><\/p>\n<p>Selon l\u2019artiste, ce single, qui sera disponible sur Spotify, iTunes et les autres plates-formes de musique en ligne, \u00abnous livre, sur fond de rythmique actuelle et de sonorit\u00e9s alternatives, un titre original et m\u00e9lancolique qui invite \u00e0 exprimer l\u2019\u00e9tat de souffrance d\u2019une personne alcoolique envers son entourage et ses d\u00e9pressions\u00bb. Une invitation d\u00e9livr\u00e9e, selon le chanteur, par des textes sinc\u00e8res en darija inspir\u00e9s des probl\u00e8mes sociaux, qui d\u00e9voilent une r\u00e9alit\u00e9 ainsi qu\u2019un message indirect sur les cons\u00e9quences de l\u2019alcool. Quant \u00e0 la composition, elle est con\u00e7ue par Yahya El Oucham, avec le nom artistique Predawell. Une composition qui alterne plusieurs instruments y compris des guitares acoustiques et un solo en distorsion ainsi qu\u2019un synth\u00e9tiseur et piano avec un rythme de bass et de batterie. Outre cette \u0153uvre, Salim Adil avait lanc\u00e9 son clip intitul\u00e9 \u00abJab Allah kayn Allah\u00bb (Heureusement qu\u2019il y a le bon Dieu).<\/p>\n<\/div>\n<p>Auteur: ALM<br \/>\n<a href=\"https:\/\/aujourdhui.ma\/culture\/salim-adil-lance-bientot-kas-f-noche\">Cliquez ici pour lire l&rsquo;article depuis sa source.<\/a><\/p>\n","protected":false},"excerpt":{"rendered":"<p>Publi\u00e9 par ALM Date\u00a0:janvier 13, 2021 dans:Culture 9Vues Le jeune chanteur marocain Salim Adil lancera, le 22 janvier, son tout nouveau clip intitul\u00e9 \u00abKas f noche\u00bb (Un verre en une nuit). Selon l\u2019artiste, ce single, qui sera disponible sur Spotify, iTunes et les autres plates-formes de musique en ligne, \u00abnous livre, sur fond de rythmique [&hellip;]<\/p>\n","protected":false},"author":1759,"featured_media":0,"comment_status":"closed","ping_status":"closed","sticky":false,"template":"","format":"standard","meta":{"fifu_image_url":"http:\/\/aujourdhui.ma\/wp-content\/uploads\/2021\/01\/qsq.jpg","fifu_image_alt":"Salim Adil lance bient\u00f4t  \u00abkas f noche\u00bb","footnotes":""},"categories":[73,54],"tags":[],"class_list":["post-109179","post","type-post","status-publish","format-standard","hentry","category-actualite","category-maroc"],"_links":{"self":[{"href":"https:\/\/linitiative.ca\/International\/wp-json\/wp\/v2\/posts\/109179","targetHints":{"allow":["GET"]}}],"collection":[{"href":"https:\/\/linitiative.ca\/International\/wp-json\/wp\/v2\/posts"}],"about":[{"href":"https:\/\/linitiative.ca\/International\/wp-json\/wp\/v2\/types\/post"}],"author":[{"embeddable":true,"href":"https:\/\/linitiative.ca\/International\/wp-json\/wp\/v2\/users\/1759"}],"replies":[{"embeddable":true,"href":"https:\/\/linitiative.ca\/International\/wp-json\/wp\/v2\/comments?post=109179"}],"version-history":[{"count":0,"href":"https:\/\/linitiative.ca\/International\/wp-json\/wp\/v2\/posts\/109179\/revisions"}],"wp:attachment":[{"href":"https:\/\/linitiative.ca\/International\/wp-json\/wp\/v2\/media?parent=109179"}],"wp:term":[{"taxonomy":"category","embeddable":true,"href":"https:\/\/linitiative.ca\/International\/wp-json\/wp\/v2\/categories?post=109179"},{"taxonomy":"post_tag","embeddable":true,"href":"https:\/\/linitiative.ca\/International\/wp-json\/wp\/v2\/tags?post=109179"}],"curies":[{"name":"wp","href":"https:\/\/api.w.org\/{rel}","templated":true}]}}