{"id":109180,"date":"2021-01-13T10:30:31","date_gmt":"2021-01-13T15:30:31","guid":{"rendered":"https:\/\/linitiative.ca\/International\/peine-capitale-pour-lassassin-de-adnane\/"},"modified":"2021-01-13T10:30:31","modified_gmt":"2021-01-13T15:30:31","slug":"peine-capitale-pour-lassassin-de-adnane","status":"publish","type":"post","link":"https:\/\/linitiative.ca\/International\/peine-capitale-pour-lassassin-de-adnane\/","title":{"rendered":"Peine capitale pour l\u2019assassin de Adnane"},"content":{"rendered":"<p><img decoding=\"async\" class=\"post_layout_5_img\" src=\"http:\/\/aujourdhui.ma\/wp-content\/uploads\/2021\/01\/Tanger-lassassin-de-Adnane-Bouchouf.jpg\" alt=\"Peine capitale pour l&#x2019;assassin de Adnane\"\/><\/p>\n<p><span class=\"c5\"><strong>Un ouf de soulagement pour toutes les personnes ayant soutenu cette cause. L\u2019accus\u00e9 principal dans l\u2019affaire d\u2019homicide volontaire sur l\u2019enfant Adnane Bouchouf \u00e0 Tanger a \u00e9t\u00e9 condamn\u00e9 \u00e0 la peine de mort.<\/strong><\/span> <span id=\"more-365471\"\/><\/p>\n<p>La sentence a \u00e9t\u00e9 prononc\u00e9e mercredi, 13 janvier 2021, par la Chambre criminelle de premier degr\u00e9 pr\u00e8s la Cour d\u2019appel de Tanger. Le plaidoyer a en effet dur\u00e9 plus de neuf heures \u00e0 l\u2019issue duquel les magistrats ont \u00e9t\u00e9 convaincus de l\u2019implication de l\u2019accus\u00e9 principal poursuivi pour homicide volontaire avec pr\u00e9m\u00e9ditation, enl\u00e8vement et s\u00e9questration, et d\u00e9tournement de mineur. D\u2019autres jugements ont \u00e9t\u00e9 annonc\u00e9s dans cette affaire. En effet, les trois personnes qui r\u00e9sidaient avec l\u2019accus\u00e9 principal dans le domicile o\u00f9 a \u00e9t\u00e9 perp\u00e9tr\u00e9 le crime ont \u00e9t\u00e9 condamn\u00e9es \u00e0 une peine de quatre mois de prison ferme pour non d\u00e9nonciation d\u2019un crime. L\u2019affaire remonte \u00e0 septembre dernier.<\/p>\n<p>Adnane, \u00e2g\u00e9e de 11 ans, a \u00e9t\u00e9 port\u00e9 disparu par sa famille au moment o\u00f9 une cam\u00e9ra de surveillance l\u2019a enregistr\u00e9 dans le p\u00e9rim\u00e8tre de son domicile en compagnie d\u2019un \u00e9tranger. L\u2019appel de la famille pour retrouver l\u2019enfant a \u00e9t\u00e9 accueilli par l\u2019ensemble des Marocains qui ont fait preuve d\u2019une grande solidarit\u00e9 et mobilisation, notamment sur les r\u00e9seaux sociaux. Malheureusement, Adnane a \u00e9t\u00e9 retrouv\u00e9 quelques jours apr\u00e8s mort enterr\u00e9 dans un terrain \u00e0 proximit\u00e9 de la demeure familiale. Une nouvelle qui a suscit\u00e9 un grand \u00e9moi et a fait de ce crime une affaire d\u2019opinion publique. Les \u00e9l\u00e9ments du service pr\u00e9fectoral de la police judiciaire de Tanger avaient interpell\u00e9, le 11 septembre 2020, l\u2019accus\u00e9 principal \u00e2g\u00e9 de 24 ans, soup\u00e7onn\u00e9 d\u2019homicide volontaire sur un mineur avec attentat \u00e0 la pudeur. Les recherches et investigations des \u00e9l\u00e9ments de la S\u00fbret\u00e9 nationale avaient r\u00e9v\u00e9l\u00e9 qu\u2019il s\u2019agissait d\u2019une disparition \u00e0 caract\u00e8re criminel, surtout que le visionnage d\u2019enregistrements vid\u00e9o avait d\u00e9montr\u00e9 l\u2019implication pr\u00e9sum\u00e9e d\u2019un individu qui a entra\u00een\u00e9 la victime, pr\u00e8s du domicile de sa famille.<\/p>\n<p>Selon un communiqu\u00e9 de la Direction g\u00e9n\u00e9rale de la S\u00fbret\u00e9 nationale (DGSN), les recherches et le diagnostic men\u00e9s par la police judiciaire, appuy\u00e9e par les services de la Direction g\u00e9n\u00e9rale de la surveillance du territoire (DGST), avaient abouti \u00e0 l\u2019identification du suspect, qui r\u00e9sidait pr\u00e8s du domicile de la victime, et \u00e0 son interpellation. Les enqu\u00eateurs ont ensuite r\u00e9ussi \u00e0 trouver le lieu o\u00f9 le mis en cause s\u2019est d\u00e9barrass\u00e9 de la d\u00e9pouille. Les premiers \u00e9l\u00e9ments de l\u2019enqu\u00eate avaient r\u00e9v\u00e9l\u00e9 que le mis en cause a emmen\u00e9 la victime dans un appartement qu\u2019il loue dans le m\u00eame quartier r\u00e9sidentiel, l\u2019a agress\u00e9e sexuellement et commis l\u2019homicide volontaire, au m\u00eame jour et \u00e0 la m\u00eame heure, avant de proc\u00e9der \u00e0 l\u2019enterrement du corps non loin de son<\/p>\n<p>Auteur: ALM<br \/>\n<a href=\"https:\/\/aujourdhui.ma\/societe\/peine-capitale-pour-lassassin-de-adnane\">Cliquez ici pour lire l&rsquo;article depuis sa source.<\/a><\/p>\n","protected":false},"excerpt":{"rendered":"<p>Un ouf de soulagement pour toutes les personnes ayant soutenu cette cause. L\u2019accus\u00e9 principal dans l\u2019affaire d\u2019homicide volontaire sur l\u2019enfant Adnane Bouchouf \u00e0 Tanger a \u00e9t\u00e9 condamn\u00e9 \u00e0 la peine de mort. La sentence a \u00e9t\u00e9 prononc\u00e9e mercredi, 13 janvier 2021, par la Chambre criminelle de premier degr\u00e9 pr\u00e8s la Cour d\u2019appel de Tanger. Le [&hellip;]<\/p>\n","protected":false},"author":1759,"featured_media":0,"comment_status":"closed","ping_status":"closed","sticky":false,"template":"","format":"standard","meta":{"fifu_image_url":"http:\/\/aujourdhui.ma\/wp-content\/uploads\/2021\/01\/Tanger-lassassin-de-Adnane-Bouchouf.jpg","fifu_image_alt":"Peine capitale pour l\u2019assassin de Adnane","footnotes":""},"categories":[73,54],"tags":[],"class_list":["post-109180","post","type-post","status-publish","format-standard","hentry","category-actualite","category-maroc"],"_links":{"self":[{"href":"https:\/\/linitiative.ca\/International\/wp-json\/wp\/v2\/posts\/109180","targetHints":{"allow":["GET"]}}],"collection":[{"href":"https:\/\/linitiative.ca\/International\/wp-json\/wp\/v2\/posts"}],"about":[{"href":"https:\/\/linitiative.ca\/International\/wp-json\/wp\/v2\/types\/post"}],"author":[{"embeddable":true,"href":"https:\/\/linitiative.ca\/International\/wp-json\/wp\/v2\/users\/1759"}],"replies":[{"embeddable":true,"href":"https:\/\/linitiative.ca\/International\/wp-json\/wp\/v2\/comments?post=109180"}],"version-history":[{"count":0,"href":"https:\/\/linitiative.ca\/International\/wp-json\/wp\/v2\/posts\/109180\/revisions"}],"wp:attachment":[{"href":"https:\/\/linitiative.ca\/International\/wp-json\/wp\/v2\/media?parent=109180"}],"wp:term":[{"taxonomy":"category","embeddable":true,"href":"https:\/\/linitiative.ca\/International\/wp-json\/wp\/v2\/categories?post=109180"},{"taxonomy":"post_tag","embeddable":true,"href":"https:\/\/linitiative.ca\/International\/wp-json\/wp\/v2\/tags?post=109180"}],"curies":[{"name":"wp","href":"https:\/\/api.w.org\/{rel}","templated":true}]}}