{"id":109181,"date":"2021-01-13T10:45:20","date_gmt":"2021-01-13T15:45:20","guid":{"rendered":"https:\/\/linitiative.ca\/International\/situee-au-coeur-de-la-ville-dagadir-lamenagement-de-la-vallee-des-oiseaux-lance\/"},"modified":"2021-01-13T10:45:20","modified_gmt":"2021-01-13T15:45:20","slug":"situee-au-coeur-de-la-ville-dagadir-lamenagement-de-la-vallee-des-oiseaux-lance","status":"publish","type":"post","link":"https:\/\/linitiative.ca\/International\/situee-au-coeur-de-la-ville-dagadir-lamenagement-de-la-vallee-des-oiseaux-lance\/","title":{"rendered":"Situ\u00e9e au c\u0153ur de la ville d\u2019Agadir : L\u2019am\u00e9nagement de la Vall\u00e9e des oiseaux lanc\u00e9"},"content":{"rendered":"<p><img decoding=\"async\" class=\"post_layout_5_img\" src=\"http:\/\/aujourdhui.ma\/wp-content\/uploads\/2020\/12\/Agadir-tourisme.jpg\" alt=\"Situ&#xE9;e au c&#x153;ur de la ville d&#x2019;Agadir : L&#x2019;am&#xE9;nagement de la Vall&#xE9;e des oiseaux lanc&#xE9;\"\/><\/p>\n<p><span class=\"c5\"><strong>La Soci\u00e9t\u00e9 de d\u00e9veloppement local (SDL) \u00abAgadir Souss-Massa Am\u00e9nagement\u00bb lance le projet des am\u00e9nagements urbains et paysagers de la Vall\u00e9e des oiseaux.<\/strong><\/span><span id=\"more-365441\"\/><\/p>\n<p>Dans les d\u00e9tails de ce nouveau projet, la SDL en tant que ma\u00eetre d\u2019ouvrage commanditera le 2 f\u00e9vrier prochain un adjudicataire priv\u00e9 qui sera charg\u00e9 de la r\u00e9alisation des \u00e9tudes techniques et suivi des travaux d\u2019am\u00e9nagements urbains et paysagers de la Vall\u00e9e. Le projet est situ\u00e9 \u00e0 Agadir et est bord\u00e9 au nord par le Boulevard 20 Ao\u00fbt et au sud par l\u2019Avenue Hassan II. Il est compos\u00e9 de deux terrains respectivement de 2,3 ha et 3.945 m2.<br \/>La partie \u00abparc zoologique\u00bb de 2,3 ha est organis\u00e9e sur 440 m\u00e8tres de longueur et 75 m\u00e8tres de largeur. Sa topographie est nuanc\u00e9e de 16 m\u00e8tres dans le sens de la longueur et 5 m dans le sens de la largeur. Le projet est dot\u00e9 de 2 entr\u00e9es oppos\u00e9es, l\u2019une c\u00f4t\u00e9 corniche au sud et l\u2019autre c\u00f4t\u00e9 ville au nord. Le concept architectural, paysagiste et zoologique de l\u2019am\u00e9nagement de la Vall\u00e9e est ax\u00e9 sur le concept de la zoo-immersion, une technique conceptuelle qui allie paysagisme et zootechnie, afin de plonger le visiteur dans un environnement atypique et enveloppant et ceci suivant les aires g\u00e9ographiques repr\u00e9sentant l\u2019Afrique, l\u2019Asie, l\u2019Am\u00e9rique du Sud et l\u2019Australie.<\/p>\n<p>Les circulations et les interactions ont \u00e9t\u00e9 repens\u00e9es totalement, le parc propose une marche a\u00e9rienne qui permet d\u2019interagir diff\u00e9remment avec les animaux et la nature. L\u2019id\u00e9e est de r\u00e9interpr\u00e9ter le mouvement de l\u2019oiseau qui se d\u00e9place d\u2019arbre en arbre pour cr\u00e9\u00e9e une promenade encore plus immersive.<br \/>Les locaux technique et l\u2019administration sont dissoci\u00e9s du parc et se situent sur le terrain voisin triangulaire. La connexion entre les deux parcelles se fait \u00e0 travers une passerelle technique. L\u2019am\u00e9nagement futur du parc animalier pr\u00e9voit\u00a0: un circuit zoologique comptant plus d\u2019une cinquantaine d\u2019esp\u00e8ces animali\u00e8res, une aire de restauration et d\u00e9tente, une aire de jeux pour enfants, une ferme p\u00e9dagogique, et des locaux techniques (1.000 m2 couverts).<\/p>\n<p>Les \u00e9tudes techniques porteront l\u2019am\u00e9nagement des cheminements pi\u00e9tons, des enclos des animaux et des voli\u00e8res, des aires de jeux pour enfants et espaces paysagers, la r\u00e9alisation de lac artificiel, l\u2019am\u00e9nagement du r\u00e9seau d\u2019assainissement pluvial, la r\u00e9alisation du r\u00e9seau d\u2019\u00e9clairage d\u2019ambiance, signal\u00e9tique (horizontale et verticale, vid\u00e9osurveillance et arrosage des espaces verts. \u00c0 cela s\u2019ajoutent la protection ou\/et d\u00e9viation des r\u00e9seaux et cascade existants, l\u2019installation du mobilier urbain. Le d\u00e9lai d\u2019ex\u00e9cution des travaux est de 18 mois. Ferm\u00e9e depuis le mois de mars dernier, la Vall\u00e9e des oiseaux se caract\u00e9rise, comme son nom l\u2019indique, par une composante paysag\u00e8re et une composante zoologique avec en particulier une collection d\u2019oiseaux et quelques mammif\u00e8res.<\/p>\n<p>Auteur: Mohamed Laabid<br \/>\n<a href=\"https:\/\/aujourdhui.ma\/culture\/situee-au-coeur-de-la-ville-dagadir-lamenagement-de-la-vallee-des-oiseaux-lance\">Cliquez ici pour lire l&rsquo;article depuis sa source.<\/a><\/p>\n","protected":false},"excerpt":{"rendered":"<p>La Soci\u00e9t\u00e9 de d\u00e9veloppement local (SDL) \u00abAgadir Souss-Massa Am\u00e9nagement\u00bb lance le projet des am\u00e9nagements urbains et paysagers de la Vall\u00e9e des oiseaux. Dans les d\u00e9tails de ce nouveau projet, la SDL en tant que ma\u00eetre d\u2019ouvrage commanditera le 2 f\u00e9vrier prochain un adjudicataire priv\u00e9 qui sera charg\u00e9 de la r\u00e9alisation des \u00e9tudes techniques et suivi [&hellip;]<\/p>\n","protected":false},"author":1759,"featured_media":0,"comment_status":"closed","ping_status":"closed","sticky":false,"template":"","format":"standard","meta":{"fifu_image_url":"http:\/\/aujourdhui.ma\/wp-content\/uploads\/2020\/12\/Agadir-tourisme.jpg","fifu_image_alt":"Situ\u00e9e au c\u0153ur de la ville d\u2019Agadir : L\u2019am\u00e9nagement de la Vall\u00e9e des oiseaux lanc\u00e9","footnotes":""},"categories":[73,54],"tags":[],"class_list":["post-109181","post","type-post","status-publish","format-standard","hentry","category-actualite","category-maroc"],"_links":{"self":[{"href":"https:\/\/linitiative.ca\/International\/wp-json\/wp\/v2\/posts\/109181","targetHints":{"allow":["GET"]}}],"collection":[{"href":"https:\/\/linitiative.ca\/International\/wp-json\/wp\/v2\/posts"}],"about":[{"href":"https:\/\/linitiative.ca\/International\/wp-json\/wp\/v2\/types\/post"}],"author":[{"embeddable":true,"href":"https:\/\/linitiative.ca\/International\/wp-json\/wp\/v2\/users\/1759"}],"replies":[{"embeddable":true,"href":"https:\/\/linitiative.ca\/International\/wp-json\/wp\/v2\/comments?post=109181"}],"version-history":[{"count":0,"href":"https:\/\/linitiative.ca\/International\/wp-json\/wp\/v2\/posts\/109181\/revisions"}],"wp:attachment":[{"href":"https:\/\/linitiative.ca\/International\/wp-json\/wp\/v2\/media?parent=109181"}],"wp:term":[{"taxonomy":"category","embeddable":true,"href":"https:\/\/linitiative.ca\/International\/wp-json\/wp\/v2\/categories?post=109181"},{"taxonomy":"post_tag","embeddable":true,"href":"https:\/\/linitiative.ca\/International\/wp-json\/wp\/v2\/tags?post=109181"}],"curies":[{"name":"wp","href":"https:\/\/api.w.org\/{rel}","templated":true}]}}