{"id":109183,"date":"2021-01-13T11:34:20","date_gmt":"2021-01-13T16:34:20","guid":{"rendered":"https:\/\/linitiative.ca\/International\/le-projet-vient-detre-acheve-maram-8-artistes-marocains-et-migrants-formes-en-5-sessions-sur-une-annee\/"},"modified":"2021-01-13T11:34:20","modified_gmt":"2021-01-13T16:34:20","slug":"le-projet-vient-detre-acheve-maram-8-artistes-marocains-et-migrants-formes-en-5-sessions-sur-une-annee","status":"publish","type":"post","link":"https:\/\/linitiative.ca\/International\/le-projet-vient-detre-acheve-maram-8-artistes-marocains-et-migrants-formes-en-5-sessions-sur-une-annee\/","title":{"rendered":"Le projet vient d\u2019\u00eatre achev\u00e9 \/ Maram : 8 artistes marocains et migrants form\u00e9s en 5 sessions sur une ann\u00e9e"},"content":{"rendered":"<p><img decoding=\"async\" class=\"post_layout_5_img\" src=\"http:\/\/aujourdhui.ma\/wp-content\/uploads\/2021\/01\/8-artistes-marocains-et-migrants-formes-en-5-sessions-sur-une-annee.jpg\" alt=\"Le projet vient d&#x2019;&#xEA;tre achev&#xE9; \/ Maram : 8 artistes marocains et migrants form&#xE9;s en 5 sessions sur une ann&#xE9;e\"\/><\/p>\n<p><span class=\"c5\"><strong>Le projet Maram (Mobilising Access to Rights for Artists in Morocco) arrive \u00e0 terme.<\/strong><\/span><span id=\"more-365422\"\/><\/p>\n<p>Initi\u00e9 par \u00abArts and Humanities Research Council\u00bb (AHRC du Royaume-Uni), les universit\u00e9s d\u2019Edinburgh, Keele et Manchester (Royaume-Uni) en partenariat avec l\u2019association The Minority Globe au Maroc avec le soutien du \u00abGlobal Challenges Research Fund\u00bb (GCRF), ce programme a, pendant une ann\u00e9e, accompagn\u00e9 et form\u00e9 des artistes marocains et migrants. L\u2019objectif \u00e9tant, selon l\u2019ensemble des organisateurs, de \u00abrenforcer la connaissance de leurs droits, leur proposant une formation professionnelle et leur offrant un espace de travail et de collaborations artistiques\u00bb. Ce sont ainsi huit artistes du Maroc, du Congo, de Guin\u00e9e, du Cameroun qui ont finalis\u00e9 leur participation \u00e0 Maram. Lors de cette ann\u00e9e, ils ont \u00e9galement travaill\u00e9 avec \u00abdiff\u00e9rents m\u00e9diums artistiques en apportant une contribution cr\u00e9ative collective\u00bb.<\/p>\n<p>En d\u00e9tail, ils ont b\u00e9n\u00e9fici\u00e9 de cinq sessions de formation sur la m\u00e9thodologie d\u2019\u00e9laboration d\u2019un projet culturel, la gestion financi\u00e8re et budg\u00e9taire, la communication et les relations avec les publics, le droit du travail et les lois concernant les artistes et les migrants, la culture des droits humains.<br \/>Parall\u00e8lement \u00e0 ces modules de formation, les artistes \u00e9taient, selon la m\u00eame source, en \u00abr\u00e9sidence artistique pour la production d\u2019\u0153uvres sous le th\u00e8me de la libert\u00e9 d\u2019expression\u00bb. Dans ce sens, ils \u00e9taient invit\u00e9s \u00e0 travailler ensemble, \u00e0 intervenir sur les \u0153uvres des uns et des autres pour en faire un travail collectif.<\/p>\n<p>Cela \u00e9tant, Maram a \u00e9t\u00e9 couronn\u00e9 par l\u2019exposition virtuelle \u00abStep free\u00bb (Pas libres) regroupant les cr\u00e9ations des huit artistes de ce projet. \u00abL\u2019exposition est consultable en ligne\u00bb, rappellent les initiateurs. Selon la m\u00eame source, cette exposition est dot\u00e9e d\u2019un catalogue avec plus d\u2019informations sur les artistes et leurs \u0153uvres. Et ce n\u2019est pas tout. Maram est \u00e9galement couronn\u00e9 par la production du \u00abguide de l\u2019artiste au Maroc, offrant une meilleure connaissance des droits des artistes et de leurs libert\u00e9s (libert\u00e9 de cr\u00e9ation, d\u2019expression, de circulation, d\u2019installation, le statut de l\u2019artiste, les droits d\u2019auteur et les droits voisins)\u00bb. Aussi, un forum en ligne a, au cours de l\u2019ann\u00e9e du programme, \u00e9t\u00e9 organis\u00e9 autour de la libert\u00e9 d\u2019expression et de cr\u00e9ation dans un contexte de migration.<br \/>La conf\u00e9rence \u00e9tant toujours disponible sur la page du projet. En outre, le documentaire \u00abStep free\u00bb retra\u00e7ant la mise en \u0153uvre du projet, la d\u00e9marche et la vision des huit artistes sur des questions li\u00e9es \u00e0 la libert\u00e9 d\u2019expression et de cr\u00e9ation au Maroc, a \u00e9t\u00e9 produit au cours du projet.<\/p>\n<p>Auteur: Salima Guisser<br \/>\n<a href=\"https:\/\/aujourdhui.ma\/culture\/le-projet-vient-detre-acheve-maram-8-artistes-marocains-et-migrants-formes-en-5-sessions-sur-une-annee\">Cliquez ici pour lire l&rsquo;article depuis sa source.<\/a><\/p>\n","protected":false},"excerpt":{"rendered":"<p>Le projet Maram (Mobilising Access to Rights for Artists in Morocco) arrive \u00e0 terme. Initi\u00e9 par \u00abArts and Humanities Research Council\u00bb (AHRC du Royaume-Uni), les universit\u00e9s d\u2019Edinburgh, Keele et Manchester (Royaume-Uni) en partenariat avec l\u2019association The Minority Globe au Maroc avec le soutien du \u00abGlobal Challenges Research Fund\u00bb (GCRF), ce programme a, pendant une ann\u00e9e, [&hellip;]<\/p>\n","protected":false},"author":1759,"featured_media":0,"comment_status":"closed","ping_status":"closed","sticky":false,"template":"","format":"standard","meta":{"fifu_image_url":"http:\/\/aujourdhui.ma\/wp-content\/uploads\/2021\/01\/8-artistes-marocains-et-migrants-formes-en-5-sessions-sur-une-annee.jpg","fifu_image_alt":"Le projet vient d\u2019\u00eatre achev\u00e9 \/ Maram : 8 artistes marocains et migrants form\u00e9s en 5 sessions sur une ann\u00e9e","footnotes":""},"categories":[73,54],"tags":[],"class_list":["post-109183","post","type-post","status-publish","format-standard","hentry","category-actualite","category-maroc"],"_links":{"self":[{"href":"https:\/\/linitiative.ca\/International\/wp-json\/wp\/v2\/posts\/109183","targetHints":{"allow":["GET"]}}],"collection":[{"href":"https:\/\/linitiative.ca\/International\/wp-json\/wp\/v2\/posts"}],"about":[{"href":"https:\/\/linitiative.ca\/International\/wp-json\/wp\/v2\/types\/post"}],"author":[{"embeddable":true,"href":"https:\/\/linitiative.ca\/International\/wp-json\/wp\/v2\/users\/1759"}],"replies":[{"embeddable":true,"href":"https:\/\/linitiative.ca\/International\/wp-json\/wp\/v2\/comments?post=109183"}],"version-history":[{"count":0,"href":"https:\/\/linitiative.ca\/International\/wp-json\/wp\/v2\/posts\/109183\/revisions"}],"wp:attachment":[{"href":"https:\/\/linitiative.ca\/International\/wp-json\/wp\/v2\/media?parent=109183"}],"wp:term":[{"taxonomy":"category","embeddable":true,"href":"https:\/\/linitiative.ca\/International\/wp-json\/wp\/v2\/categories?post=109183"},{"taxonomy":"post_tag","embeddable":true,"href":"https:\/\/linitiative.ca\/International\/wp-json\/wp\/v2\/tags?post=109183"}],"curies":[{"name":"wp","href":"https:\/\/api.w.org\/{rel}","templated":true}]}}