{"id":109184,"date":"2021-01-13T09:36:28","date_gmt":"2021-01-13T14:36:28","guid":{"rendered":"https:\/\/linitiative.ca\/International\/%ef%bb%bftrump-face-a-un-impeachment-historique\/"},"modified":"2021-01-13T09:36:28","modified_gmt":"2021-01-13T14:36:28","slug":"%ef%bb%bftrump-face-a-un-impeachment-historique","status":"publish","type":"post","link":"https:\/\/linitiative.ca\/International\/%ef%bb%bftrump-face-a-un-impeachment-historique\/","title":{"rendered":"\ufeffTrump face \u00e0 un \u00abimpeachment\u00bb historique"},"content":{"rendered":"<p class=\"c2\"><strong>Une semaine apr\u00e8s l\u2019assaut du Capitole<\/strong><\/p>\n<p><strong>Renforc\u00e9 par le refus de son bras droit Mike Pence de l\u2019\u00e9vincer du pouvoir, c\u2019est un Donald Trump combatif, contestant toute responsabilit\u00e9 dans l\u2019assaut contre le Capitole men\u00e9 par ses partisans, qui affrontera mercredi une deuxi\u00e8me proc\u00e9dure historique d&rsquo;\u00a0\u00bbimpeachment\u00a0\u00bb.<\/strong><\/p>\n<p>Le rythme s\u2019est emball\u00e9 mardi soir au Congr\u00e8s vers l\u2019ouverture formelle d\u2019une proc\u00e9dure de destitution contre le pr\u00e9sident am\u00e9ricain, accus\u00e9 par les d\u00e9mocrates d\u2019avoir \u00ab\u00a0incit\u00e9 \u00e0 l\u2019insurrection\u00a0\u00bb des ses partisans lors des violences du 6 janvier, qui ont fait cinq morts \u00e0 Washington.<\/p>\n<p>Mais le temp\u00e9tueux pr\u00e9sident s\u2019est montr\u00e9 convaincu que personne ne pr\u00e9cipiterait sa sortie de la Maison Blanche avant la fin de son mandat, le 20 janvier.<\/p>\n<p>Il a tent\u00e9 mardi d\u2019adopter une posture moins agressive, \u00e9voquant le temps \u00ab\u00a0de la paix et du calme\u00a0\u00bb, depuis Alamo, au Texas. Il a aussi essay\u00e9 de r\u00e9duire la proc\u00e9dure le visant \u00e0 une manoeuvre des d\u00e9mocrates, une nouvelle \u00ab\u00a0chasse aux sorci\u00e8res\u00a0\u00bb.<\/p>\n<p>\u00ab\u00a0Le 25e amendement ne repr\u00e9sente aucun risque pour moi\u00a0\u00bb, avait-il aussi affirm\u00e9, s\u00fbr de lui apr\u00e8s une rencontre avec Mike Pence dans le Bureau ovale.<\/p>\n<p>Dans la soir\u00e9e, son vice-pr\u00e9sident a effectivement annonc\u00e9 qu\u2019il refusait d\u2019invoquer ce amendement de la Constitution qui lui permettrait de d\u00e9clarer Donald Trump inapte \u00e0 exercer sa fonction, comme le lui r\u00e9clament les d\u00e9mocrates.<\/p>\n<p>Dans la foul\u00e9e, la puissante pr\u00e9sidente d\u00e9mocrate de la Chambre, Nancy Pelosi, a tourn\u00e9 son regard vers l&rsquo;\u00a0\u00bbimpeachment\u00a0\u00bb, en r\u00e9v\u00e9lant l\u2019\u00e9quipe de \u00ab\u00a0procureurs\u00a0\u00bb qui sera charg\u00e9e de porter le dossier.<\/p>\n<p>Soutenu par un vaste nombre de d\u00e9mocrates, et avec m\u00eame l\u2019appui d\u2019une poign\u00e9e de r\u00e9publicains, l\u2019acte d\u2019accusation visant Donald Trump devrait \u00eatre facilement adopt\u00e9 d\u00e8s mercredi \u00e0 la chambre basse.<\/p>\n<p>Mardi soir, Liz Cheney, l\u2019une des chefs de la minorit\u00e9 r\u00e9publicaine \u00e0 la Chambre et fille de l\u2019ancien vice-pr\u00e9sident am\u00e9ricain, a annonc\u00e9 qu\u2019elle voterait pour. \u00ab\u00a0Rien de tout cela ne serait arriv\u00e9 sans le pr\u00e9sident\u00a0\u00bb, a-t-elle estim\u00e9 dans un communiqu\u00e9 au vitriol.<\/p>\n<p>Le 45e pr\u00e9sident am\u00e9ricain devrait ainsi devenir mercredi le premier de l\u2019Histoire \u00e0 \u00eatre deux fois mis en accusation au Congr\u00e8s (\u00ab\u00a0impeached\u00a0\u00bb) dans une proc\u00e9dure de destitution.<\/p>\n<p>Lors de son d\u00e9part de Washington, mardi matin, Donald Trump avait d\u00e9nonc\u00e9 cette proc\u00e9dure, la jugeant \u00ab\u00a0totalement ridicule\u00a0\u00bb et affirmant qu\u2019elle suscitait \u00ab\u00a0une immense col\u00e8re\u00a0\u00bb \u00e0 travers les Etats-Unis.<\/p>\n<p>Et il a obstin\u00e9ment refus\u00e9 de reconna\u00eetre la moindre responsabilit\u00e9 dans l\u2019assaut contre le Capitole, jugeant que son discours avait \u00e9t\u00e9 \u00ab\u00a0tout \u00e0 fait convenable\u00a0\u00bb.<\/p>\n<p>Malgr\u00e9 son assurance affich\u00e9e et le soutien de certains \u00e9lus tr\u00e8s loyaux, Donald Trump est plus isol\u00e9 que jamais apr\u00e8s une s\u00e9rie de d\u00e9missions dans son gouvernement et de tr\u00e8s vives critiques dans son propre camp.<\/p>\n<p>Selon le New York Times, Mitch McConnell, pr\u00e9sident de la majorit\u00e9 r\u00e9publicaine au S\u00e9nat, a dit \u00e0 ses proches qu\u2019il voyait d\u2019un bon oeil la mise en accusation initi\u00e9e par les d\u00e9mocrates, jugeant que cela aiderait le parti r\u00e9publicain \u00e0 tourner d\u00e9finitivement la page Trump. Cet habile strat\u00e8ge tient peut-\u00eatre la cl\u00e9 de l\u2019issue de cet proc\u00e9dure historique.<\/p>\n<p>Car le seul vrai doute qui demeure porte sur le d\u00e9roulement du proc\u00e8s, qui devra ensuite avoir lieu au S\u00e9nat, aujourd\u2019hui \u00e0 majorit\u00e9 r\u00e9publicaine.<br \/>Les d\u00e9mocrates prendront le contr\u00f4le de la chambre haute le 20 janvier mais auront besoin du ralliement de nombreux r\u00e9publicains pour atteindre la majorit\u00e9 des deux tiers n\u00e9cessaire \u00e0 la condamnation.<\/p>\n<p>Un proc\u00e8s risquerait en outre d\u2019entraver l\u2019action l\u00e9gislative des d\u00e9mocrates au d\u00e9but de la pr\u00e9sidence Biden, en monopolisant les s\u00e9ances au S\u00e9nat.<br \/>Le pr\u00e9sident \u00e9lu Joe Biden pr\u00eatera lui serment sous haute garde le 20 janvier, justement sur les marches du Capitole, si\u00e8ge du Congr\u00e8s am\u00e9ricain.<\/p>\n<p>Critiqu\u00e9 pour avoir tard\u00e9, mercredi dernier, \u00e0 envoyer la Garde nationale, le Pentagone a cette fois autoris\u00e9 le d\u00e9ploiement de 15.000 soldats pour la c\u00e9r\u00e9monie d\u2019investiture.<\/p>\n<p>\u00ab\u00a0Je n\u2019ai pas peur\u00a0\u00bb malgr\u00e9 les risques de nouvelles manifestations pro-Trump, a d\u00e9clar\u00e9 Joe Biden lundi.<\/p>\n<p>Pendant son bref arr\u00eat au Texas, Donald Trump a longuement fait l\u2019\u00e9loge du mur construit \u00e0 la fronti\u00e8re avec le Mexique. \u00ab\u00a0J\u2019ai tenu mes promesses\u00a0\u00bb, a-t-il martel\u00e9, \u00e9voquant un mur de 450 miles (725 kilom\u00e8tres).<\/p>\n<p>On est toutefois loin, tr\u00e8s loin, du \u00ab\u00a0grand, magnifique\u00a0\u00bb mur promis durant la campagne de 2016. Et le Mexique n\u2019a jamais pay\u00e9 pour le mur, comme le magnat de l\u2019immobilier l\u2019avait promis.<\/p>\n<p>Auteur: M&rsquo;hammed rahal<br \/>\n<a href=\"http:\/\/albayane.press.ma\/%EF%BB%BFtrump-face-a-un-impeachment-historique.html\">Cliquez ici pour lire l&rsquo;article depuis sa source.<\/a><\/p>\n","protected":false},"excerpt":{"rendered":"<p>Une semaine apr\u00e8s l\u2019assaut du Capitole Renforc\u00e9 par le refus de son bras droit Mike Pence de l\u2019\u00e9vincer du pouvoir, c\u2019est un Donald Trump combatif, contestant toute responsabilit\u00e9 dans l\u2019assaut contre le Capitole men\u00e9 par ses partisans, qui affrontera mercredi une deuxi\u00e8me proc\u00e9dure historique d&rsquo;\u00a0\u00bbimpeachment\u00a0\u00bb. Le rythme s\u2019est emball\u00e9 mardi soir au Congr\u00e8s vers l\u2019ouverture [&hellip;]<\/p>\n","protected":false},"author":1760,"featured_media":0,"comment_status":"closed","ping_status":"closed","sticky":false,"template":"","format":"standard","meta":{"fifu_image_url":"","fifu_image_alt":"","footnotes":""},"categories":[73,54],"tags":[],"class_list":["post-109184","post","type-post","status-publish","format-standard","hentry","category-actualite","category-maroc"],"_links":{"self":[{"href":"https:\/\/linitiative.ca\/International\/wp-json\/wp\/v2\/posts\/109184","targetHints":{"allow":["GET"]}}],"collection":[{"href":"https:\/\/linitiative.ca\/International\/wp-json\/wp\/v2\/posts"}],"about":[{"href":"https:\/\/linitiative.ca\/International\/wp-json\/wp\/v2\/types\/post"}],"author":[{"embeddable":true,"href":"https:\/\/linitiative.ca\/International\/wp-json\/wp\/v2\/users\/1760"}],"replies":[{"embeddable":true,"href":"https:\/\/linitiative.ca\/International\/wp-json\/wp\/v2\/comments?post=109184"}],"version-history":[{"count":0,"href":"https:\/\/linitiative.ca\/International\/wp-json\/wp\/v2\/posts\/109184\/revisions"}],"wp:attachment":[{"href":"https:\/\/linitiative.ca\/International\/wp-json\/wp\/v2\/media?parent=109184"}],"wp:term":[{"taxonomy":"category","embeddable":true,"href":"https:\/\/linitiative.ca\/International\/wp-json\/wp\/v2\/categories?post=109184"},{"taxonomy":"post_tag","embeddable":true,"href":"https:\/\/linitiative.ca\/International\/wp-json\/wp\/v2\/tags?post=109184"}],"curies":[{"name":"wp","href":"https:\/\/api.w.org\/{rel}","templated":true}]}}