{"id":109185,"date":"2021-01-13T09:39:29","date_gmt":"2021-01-13T14:39:29","guid":{"rendered":"https:\/\/linitiative.ca\/International\/vote-cle-pour-la-succession-de-merkel\/"},"modified":"2021-01-13T09:39:29","modified_gmt":"2021-01-13T14:39:29","slug":"vote-cle-pour-la-succession-de-merkel","status":"publish","type":"post","link":"https:\/\/linitiative.ca\/International\/vote-cle-pour-la-succession-de-merkel\/","title":{"rendered":"Vote-cl\u00e9 pour la succession de Merkel"},"content":{"rendered":"<p class=\"c2\"><strong>Allemagne<\/strong><\/p>\n<p><strong>Trois homme pour un fauteuil: le parti chr\u00e9tien-d\u00e9mocrate de la chanceli\u00e8re allemande, la CDU, \u00e9lit samedi son pr\u00e9sident, un scrutin-cl\u00e9 \u00e0 neuf mois de la fin de l\u2019\u00e8re Angela Merkel.<\/strong><\/p>\n<p>Le vainqueur sera en effet en bonne position pour \u00eatre le 26 septembre le chef de file conservateur aux \u00e9lections l\u00e9gislatives et devenir ainsi peut-\u00eatre le futur chancelier.<\/p>\n<p>Mais il n\u2019en aura pas encore la garantie car ce choix est pr\u00e9vu ult\u00e9rieurement et d\u2019autres pr\u00e9tendants restent en embuscade.<\/p>\n<p>Les 1.001 d\u00e9l\u00e9gu\u00e9s de ce mouvement au pouvoir depuis 15 ans doivent trancher entre le mod\u00e9r\u00e9 Armin Laschet, Friedrich Merz, partisan d\u2019un coup de barre \u00e0 droite apr\u00e8s l\u2019\u00e8re centriste Merkel, ou l\u2019outsider Norbert R\u00f6ttgen.<\/p>\n<p>Le r\u00e9sultat du scrutin en deux tours, organis\u00e9 par internet ou courrier s\u2019annonce serr\u00e9. Il sera annonc\u00e9 samedi lors d\u2019un congr\u00e8s int\u00e9gralement en ligne, Covid oblige.<\/p>\n<p>Cette \u00e9lection, d\u00e9j\u00e0 repouss\u00e9e \u00e0 plusieurs reprises en raison de l\u2019\u00e9pid\u00e9mie, fait suite \u00e0 la d\u00e9mission d\u2019Annegret Kramp-Karrenbauer, longtemps \u00ab\u00a0dauphine\u00a0\u00bb de Mme Merkel mais contrainte \u00e0 la d\u00e9mission faute d\u2019avoir pu s\u2019imposer.<\/p>\n<p>Les trois candidats pr\u00e9sentent des profils diff\u00e9rents malgr\u00e9 leurs origines rh\u00e9nanes partag\u00e9es.<\/p>\n<p>Ennemi jur\u00e9 de la chanceli\u00e8re depuis qu\u2019elle l\u2019a \u00e9vinc\u00e9 de la pr\u00e9sidence du groupe conservateur au Bundestag en 2002, Friedrich Merz r\u00eave de revanche.<\/p>\n<p>Battu d\u2019un cheveu par Mme Kramp-Karrenbauer en 2018, cet homme d\u2019affaires sec au visage \u00e9maci\u00e9 m\u00eale lib\u00e9ralisme \u00e9conomique et positionnement dur sur l\u2019immigration. Merz r\u00eave ainsi d\u2019attirer des \u00e9lecteurs s\u00e9duits par l\u2019extr\u00eame droite.<\/p>\n<p>Cet ancien avocat fait la course en t\u00eate dans les sondages aupr\u00e8s des sympathisants de la CDU. Mais M. Merz p\u00e2tit de handicaps.<br \/>Il n\u2019exerce pas de mandat. Ses provocations verbales et ses fonctions grassement r\u00e9mun\u00e9r\u00e9es chez le gestionnaire d\u2019actifs BlackRock nuisent aussi \u00e0 son image.<\/p>\n<p>Merz, 65 ans, a ainsi r\u00e9cemment amalgam\u00e9 homosexualit\u00e9 et p\u00e9dophilie, et pest\u00e9 contre les restrictions pendant les f\u00eates.<\/p>\n<p>Armin Laschet, 59 ans, dispose de plusieurs atouts. Ce mod\u00e9r\u00e9, ancien journaliste aux yeux rieurs, marche en effet dans les pas de Mme Merkel, plus populaire que jamais.<\/p>\n<p>\u00ab\u00a0L\u2019orientation chr\u00e9tienne-sociale du parti est plus importante pour lui que pour ses concurrents\u00a0\u00bb, explique \u00e0 l\u2019AFP Ursula M\u00fcnsch, professeure de sciences politiques \u00e0 Munich.<\/p>\n<p>Laschet peut ainsi plaire \u00e0 un \u00e9lectorat centriste et, s\u2019il est candidat en septembre, b\u00e2tir une \u00e9ventuelle coalition avec les Verts, la deuxi\u00e8me force du pays.<\/p>\n<p>Mais sa gestion de la pand\u00e9mie \u00e0 la t\u00eate de la Rh\u00e9nanie du nord-Westphalie, r\u00e9gion la plus peupl\u00e9e d\u2019Allemagne, lui vaut des critiques. M. Laschet a ainsi plaid\u00e9 au printemps pour un assouplissement des restrictions jug\u00e9 trop pr\u00e9coce par les experts.<\/p>\n<p>Prometteur sur le papier, le ticket qu\u2019il forme avec Jens Spahn, n\u2019a pas non plus produit les \u00e9tincelles attendues. Au point que le populaire ministre de la Sant\u00e9 a d\u00fb d\u00e9mentir \u2013 sans compl\u00e8tement convaincre \u2013 qu\u2019il visait la candidature \u00e0 la chancellerie \u00e0 la place de M. Laschet.<\/p>\n<p>Le troisi\u00e8me homme, M. R\u00f6ttgen, 55 ans, fait figure de parfait outsider. Assurant ne pas \u00eatre l\u2019homme d\u2019un \u00ab\u00a0camp\u00a0\u00bb, cet expert en relations internationales promet de rajeunir et f\u00e9miniser le parti.<br \/>Il est, comme M. Merz, un d\u00e9\u00e7u de Mme Merkel, qui l\u2019avait brutalement \u00e9vinc\u00e9 en 2012 du minist\u00e8re de l\u2019Environnement apr\u00e8s une d\u00e9b\u00e2cle \u00e9lectorale.<\/p>\n<p>Quel que soit le vainqueur de cette \u00e9lection interne, la question de la candidature \u00e0 la chancellerie ne sera pas pour autant r\u00e9solue avant le printemps.<\/p>\n<p>L\u2019ombre imposante de Markus S\u00f6der, dirigeant du parti fr\u00e8re bavarois CSU, devenu une des personnalit\u00e9s pr\u00e9f\u00e9r\u00e9es des Allemands gr\u00e2ce \u00e0 une approche prudente de la pand\u00e9mie, plane en effet sur le camp conservateur.<\/p>\n<p>M\u00eame s\u2019il s\u2019en d\u00e9fend, M. S\u00f6der r\u00eave d\u2019\u00eatre invit\u00e9 par la CDU \u00e0 franchir le pas apr\u00e8s une s\u00e9rie de scrutins locaux mi-mars. Et devenir, peut-\u00eatre, le premier chancelier issu de la CSU.<\/p>\n<p>Le futur pr\u00e9sident de la CDU a \u00ab\u00a0certainement de tr\u00e8s bonnes chances de se pr\u00e9senter \u00e0 la chancellerie\u00a0\u00bb, temp\u00e8re toutefois Thorsten Faas, professeur de sciences politiques \u00e0 l\u2019Universit\u00e9 libre de Berlin, qui \u00ab\u00a0voit mal le vainqueur dire +Markus S\u00f6der, pr\u00e9sentez-vous s\u2019il vous pla\u00eet+\u00a0\u00bb.<\/p>\n<p>Auteur: M&rsquo;hammed rahal<br \/>\n<a href=\"http:\/\/albayane.press.ma\/vote-cle-pour-la-succession-de-merkel.html\">Cliquez ici pour lire l&rsquo;article depuis sa source.<\/a><\/p>\n","protected":false},"excerpt":{"rendered":"<p>Allemagne Trois homme pour un fauteuil: le parti chr\u00e9tien-d\u00e9mocrate de la chanceli\u00e8re allemande, la CDU, \u00e9lit samedi son pr\u00e9sident, un scrutin-cl\u00e9 \u00e0 neuf mois de la fin de l\u2019\u00e8re Angela Merkel. Le vainqueur sera en effet en bonne position pour \u00eatre le 26 septembre le chef de file conservateur aux \u00e9lections l\u00e9gislatives et devenir ainsi [&hellip;]<\/p>\n","protected":false},"author":1760,"featured_media":0,"comment_status":"closed","ping_status":"closed","sticky":false,"template":"","format":"standard","meta":{"fifu_image_url":"","fifu_image_alt":"","footnotes":""},"categories":[73,54],"tags":[],"class_list":["post-109185","post","type-post","status-publish","format-standard","hentry","category-actualite","category-maroc"],"_links":{"self":[{"href":"https:\/\/linitiative.ca\/International\/wp-json\/wp\/v2\/posts\/109185","targetHints":{"allow":["GET"]}}],"collection":[{"href":"https:\/\/linitiative.ca\/International\/wp-json\/wp\/v2\/posts"}],"about":[{"href":"https:\/\/linitiative.ca\/International\/wp-json\/wp\/v2\/types\/post"}],"author":[{"embeddable":true,"href":"https:\/\/linitiative.ca\/International\/wp-json\/wp\/v2\/users\/1760"}],"replies":[{"embeddable":true,"href":"https:\/\/linitiative.ca\/International\/wp-json\/wp\/v2\/comments?post=109185"}],"version-history":[{"count":0,"href":"https:\/\/linitiative.ca\/International\/wp-json\/wp\/v2\/posts\/109185\/revisions"}],"wp:attachment":[{"href":"https:\/\/linitiative.ca\/International\/wp-json\/wp\/v2\/media?parent=109185"}],"wp:term":[{"taxonomy":"category","embeddable":true,"href":"https:\/\/linitiative.ca\/International\/wp-json\/wp\/v2\/categories?post=109185"},{"taxonomy":"post_tag","embeddable":true,"href":"https:\/\/linitiative.ca\/International\/wp-json\/wp\/v2\/tags?post=109185"}],"curies":[{"name":"wp","href":"https:\/\/api.w.org\/{rel}","templated":true}]}}