{"id":109187,"date":"2021-01-13T09:44:23","date_gmt":"2021-01-13T14:44:23","guid":{"rendered":"https:\/\/linitiative.ca\/International\/comment-lirlande-est-devenue-le-pays-ou-le-coronavirus-se-repand-le-plus-vite\/"},"modified":"2021-01-13T09:44:23","modified_gmt":"2021-01-13T14:44:23","slug":"comment-lirlande-est-devenue-le-pays-ou-le-coronavirus-se-repand-le-plus-vite","status":"publish","type":"post","link":"https:\/\/linitiative.ca\/International\/comment-lirlande-est-devenue-le-pays-ou-le-coronavirus-se-repand-le-plus-vite\/","title":{"rendered":"Comment l\u2019Irlande est devenue le pays o\u00f9 le coronavirus se r\u00e9pand le plus vite"},"content":{"rendered":"<p><strong>En proie \u00e0 un \u00ab\u00a0tsunami\u00a0\u00bb de cas de Covid-19, l\u2019Irlande est pass\u00e9e en quelques semaines du statut de bon \u00e9l\u00e8ve dans la lutte contre la pand\u00e9mie \u00e0 celui peu enviable de pays pr\u00e9sentant le plus haut taux de transmission dans le monde.<\/strong><\/p>\n<p>Le pays de cinq millions d\u2019habitants ne d\u00e9plore que 2.397 morts et la mani\u00e8re dont il s\u2019est sorti des deux premi\u00e8res vagues a suscit\u00e9 les \u00e9loges.<br \/>Pas plus tard qu\u2019en d\u00e9cembre, il pr\u00e9sentait le taux d\u2019incidence le plus bas de l\u2019Union europ\u00e9enne apr\u00e8s avoir \u00e9t\u00e9 le premier pays europ\u00e9en \u00e0 instaurer un deuxi\u00e8me confinement.<\/p>\n<p>Mais avec 1.288 nouveaux cas confirm\u00e9s par million d\u2019habitants lundi selon les donn\u00e9es compil\u00e9es par l\u2019universit\u00e9 d\u2019Oxford (en moyenne sur sept jours), il d\u00e9tient d\u00e9sormais une triste premi\u00e8re place, devant la R\u00e9publique tch\u00e8que et la Slov\u00e9nie.<\/p>\n<p>Entre temps, les f\u00eates de No\u00ebl sont pass\u00e9es par l\u00e0 et le variant britannique du virus, consid\u00e9r\u00e9 comme plus contagieux, est arriv\u00e9 sur le sol irlandais.<br \/>Selon les statistiques officielles, l\u2019Irlande enregistrait au 1er janvier \u00e0 peine plus de 93.000 cas, chiffre qui a depuis d\u00e9pass\u00e9 les 150.000 par jour.<\/p>\n<p>Mardi, la Suisse a annonc\u00e9 la mise en place d\u2019une quarantaine pour les voyageurs en provenance d\u2019Irlande, tandis que le directeur des questions d\u2019urgences sanitaires \u00e0 l\u2019OMS, Michael Ryan, soulignait que le pays affronte actuellement \u00ab\u00a0l\u2019une des augmentations du nombre des cas de la maladie les plus fortes\u00a0\u00bb dans le monde.<\/p>\n<p>Selon les services sanitaires irlandais, les h\u00f4pitaux sont au bord de la rupture.<\/p>\n<p>Ils comptaient selon les chiffres publi\u00e9s mardi 1.700 patients infect\u00e9s par le virus, quasiment le double du chiffre enregistr\u00e9 pendant le pic de la premi\u00e8re vague du printemps.<\/p>\n<p>Pour lutter contre le \u00ab\u00a0tsunami\u00a0\u00bb de contaminations, selon les termes du Premier ministre Micheal Martin, l\u2019Irlande a mis en oeuvre apr\u00e8s No\u00ebl un troisi\u00e8me confinement dont les durcissements successifs ont entra\u00een\u00e9 la fermeture des \u00e9coles, commerces non-essentiels et pubs, restaurants et h\u00f4tels.<\/p>\n<p>Sauf participation \u00e0 une t\u00e2che \u00ab\u00a0absolument essentielle\u00a0\u00bb, \u00ab\u00a0vous n\u2019avez aucune raison d\u2019\u00eatre en dehors de chez vous\u00a0\u00bb, a lanc\u00e9 la semaine derni\u00e8re le chef du gouvernement centriste.<\/p>\n<p>Quelques semaines auparavant, l\u2019Irlande faisait partie des pays qui avaient le plus desserr\u00e9 l\u2019\u00e9tau des restrictions pour les f\u00eates. Des bars aux salles de gym en passant par les salons de coiffure, les commerces dits \u00ab\u00a0non-essentiels\u00a0\u00bb \u00e9taient ouverts en d\u00e9cembre.<\/p>\n<p>Selon les m\u00e9dias locaux, ce rel\u00e2chement a \u00e9t\u00e9 d\u00e9cid\u00e9 \u00e0 l\u2019encontre des recommandations de l\u2019\u00e9quipe de scientifique charg\u00e9e de conseiller le gouvernement, qui pr\u00f4nait un maintien des restrictions.<\/p>\n<p>Il \u00e9tait ainsi permis de se rassembler jusqu\u2019\u00e0 trois foyers diff\u00e9rents afin que la population puisse passer un \u00ab\u00a0vrai No\u00ebl\u00a0\u00bb, avait soulign\u00e9 le Premier ministre.<\/p>\n<p>Selon le m\u00e9decin-chef Tony Holohan, un niveau d\u2019interactions sociales comparable \u00e0 celui qui avait lieu avant la pand\u00e9mie a \u00e9t\u00e9 observ\u00e9 avant No\u00ebl, favorisant la propagation du virus.<\/p>\n<p>L\u2019Irlande recense aussi nombre de cas du variant du virus d\u00e9tect\u00e9 au Royaume-Uni, jusqu\u2019\u00e0 70% plus contagieux selon les autorit\u00e9s sanitaires britanniques.<\/p>\n<p>La premi\u00e8re semaine de l\u2019ann\u00e9e, la nouveau variant repr\u00e9sentait 45% des \u00e9chantillons test\u00e9s en Irlande, selon les autorit\u00e9s sanitaires.<br \/>Pour tenter d\u2019enrayer la propagation, le pays a suspendu les vols en provenance de Grande-Bretagne jusqu\u2019au 9 janvier et exige d\u00e9sormais un test n\u00e9gatif \u00e0 l\u2019arriv\u00e9e, mesure \u00e9tendue \u00e0 tous les pays \u00e0 partir de samedi.<\/p>\n<p>Cependant, certains m\u00e9dias ont soulign\u00e9 le r\u00f4le que la fronti\u00e8re avec la province britannique d\u2019Irlande du Nord a pu jouer contre ses efforts face \u00e0 la propagation de la nouvelle variante en provenance de Grande-Bretagne.<\/p>\n<p>Selon les termes de l\u2019accord de paix conclu en 1998 pour mettre fin \u00e0 trois d\u00e9cennies de lutte sanglante entre r\u00e9publicains et unionistes, la fronti\u00e8re de pr\u00e8s de 500 kilom\u00e8tres doit rester ouverte.<\/p>\n<p>Micheal Martin a jug\u00e9 lundi \u00ab\u00a0tr\u00e8s difficile\u00a0\u00bb de rendre \u00e9tanche la fronti\u00e8re et \u00ab\u00a0trop simpliste\u00a0\u00bb de mettre en cause une seule r\u00e9gion dans la propagation vertigineuse du virus.<\/p>\n<p>Auteur: M&rsquo;hammed rahal<br \/>\n<a href=\"http:\/\/albayane.press.ma\/comment-lirlande-est-devenue-le-pays-ou-le-coronavirus-se-repand-le-plus-vite.html\">Cliquez ici pour lire l&rsquo;article depuis sa source.<\/a><\/p>\n","protected":false},"excerpt":{"rendered":"<p>En proie \u00e0 un \u00ab\u00a0tsunami\u00a0\u00bb de cas de Covid-19, l\u2019Irlande est pass\u00e9e en quelques semaines du statut de bon \u00e9l\u00e8ve dans la lutte contre la pand\u00e9mie \u00e0 celui peu enviable de pays pr\u00e9sentant le plus haut taux de transmission dans le monde. Le pays de cinq millions d\u2019habitants ne d\u00e9plore que 2.397 morts et la [&hellip;]<\/p>\n","protected":false},"author":1760,"featured_media":0,"comment_status":"closed","ping_status":"closed","sticky":false,"template":"","format":"standard","meta":{"fifu_image_url":"","fifu_image_alt":"","footnotes":""},"categories":[73,54],"tags":[],"class_list":["post-109187","post","type-post","status-publish","format-standard","hentry","category-actualite","category-maroc"],"_links":{"self":[{"href":"https:\/\/linitiative.ca\/International\/wp-json\/wp\/v2\/posts\/109187","targetHints":{"allow":["GET"]}}],"collection":[{"href":"https:\/\/linitiative.ca\/International\/wp-json\/wp\/v2\/posts"}],"about":[{"href":"https:\/\/linitiative.ca\/International\/wp-json\/wp\/v2\/types\/post"}],"author":[{"embeddable":true,"href":"https:\/\/linitiative.ca\/International\/wp-json\/wp\/v2\/users\/1760"}],"replies":[{"embeddable":true,"href":"https:\/\/linitiative.ca\/International\/wp-json\/wp\/v2\/comments?post=109187"}],"version-history":[{"count":0,"href":"https:\/\/linitiative.ca\/International\/wp-json\/wp\/v2\/posts\/109187\/revisions"}],"wp:attachment":[{"href":"https:\/\/linitiative.ca\/International\/wp-json\/wp\/v2\/media?parent=109187"}],"wp:term":[{"taxonomy":"category","embeddable":true,"href":"https:\/\/linitiative.ca\/International\/wp-json\/wp\/v2\/categories?post=109187"},{"taxonomy":"post_tag","embeddable":true,"href":"https:\/\/linitiative.ca\/International\/wp-json\/wp\/v2\/tags?post=109187"}],"curies":[{"name":"wp","href":"https:\/\/api.w.org\/{rel}","templated":true}]}}