{"id":109189,"date":"2021-01-13T02:28:08","date_gmt":"2021-01-13T07:28:08","guid":{"rendered":"https:\/\/linitiative.ca\/International\/entreprises-exportatrices-le-decaissement-des-subventions-dediees-au-transport-avant-fin-janvier-2021\/"},"modified":"2021-01-13T02:28:08","modified_gmt":"2021-01-13T07:28:08","slug":"entreprises-exportatrices-le-decaissement-des-subventions-dediees-au-transport-avant-fin-janvier-2021","status":"publish","type":"post","link":"https:\/\/linitiative.ca\/International\/entreprises-exportatrices-le-decaissement-des-subventions-dediees-au-transport-avant-fin-janvier-2021\/","title":{"rendered":"Entreprises exportatrices: le d\u00e9caissement des subventions d\u00e9di\u00e9es au transport, avant fin janvier 2021"},"content":{"rendered":"<h2>Un deuxi\u00e8me d\u00e9caissement des subventions destin\u00e9es aux entreprises exportatrices et accord\u00e9es au transport aura lieu d\u2019ici fin janvier 2021. A d\u00e9clar\u00e9, mardi \u00e0 TAP, le vice-pr\u00e9sident de la Chambre Syndicale Nationale des Soci\u00e9t\u00e9s de Commerce International, Zied Jaouadi.<\/h2>\n<p>La moiti\u00e9 de ces subventions portent sur le\u00a0 transport. Elles visent \u00e0 soutenir les entreprises exportatrices\u00a0 dans cette conjoncture influenc\u00e9e par l\u2019\u00e9pid\u00e9mie du Coronavirus. La CEPEX a d\u00e9j\u00e0 d\u00e9caiss\u00e9 la premi\u00e8re partie la semaine derni\u00e8re.<\/p>\n<p>Mardi, lors d\u2019une r\u00e9union, entre le ministre du Commerce et du D\u00e9veloppement des exportations, Mohammed Bousaid, et le pr\u00e9sident de la Chambre Syndicale Nationale des Soci\u00e9t\u00e9s de Commerce International, Taoufik Melih, avec la participation des repr\u00e9sentants de l\u2019UTICA, et du\u00a0<a href=\"http:\/\/www.cepex.nat.tn\/\" target=\"_blank\" rel=\"noopener noreferrer\">Cepex<\/a>, les intervenants ont \u00e9voqu\u00e9 la n\u00e9cessit\u00e9 de r\u00e9viser le cadre juridique des entreprises du commerce international. Le l\u00e9gislateur n\u2019a pas amend\u00e9 ce cadre r\u00e8glementaire depuis l\u2019ann\u00e9e 1994.<\/p>\n<p>Sa r\u00e9vision permettra aux entreprises exportatrices de promouvoir leurs exportations vers les march\u00e9s africain, alg\u00e9rien et libyen, d\u2019apr\u00e8s les intervenants \u00e0 cette r\u00e9union.<br \/>Les repr\u00e9sentants de la Chambre Syndicale Nationale des Soci\u00e9t\u00e9s de Commerce international ont revendiqu\u00e9, lors de cette entrevue, l\u2019implication du secteur priv\u00e9 dans les d\u00e9marches de restructuration du CEPEX et de Fonds de promotion des exportations (FOPRODEX), qui ont d\u00e9marr\u00e9 en 2020.<\/p>\n<p>Ils ont, par ailleurs, \u00e9voqu\u00e9 les difficult\u00e9s entravant l\u2019activit\u00e9 des soci\u00e9t\u00e9s exportatrices. Notamment en mati\u00e8re de transport et de logistique. Une rencontre est ainsi pr\u00e9vue avec la participation du ministres du Commerce. Et celui de Transport et de la logistique, ainsi que des repr\u00e9sentants de l\u2019UTICA. Et ce pour examiner les difficult\u00e9s rencontr\u00e9es au niveau des ports et d\u00e9finir les moyens permettant de les surmonter. Notamment en ce qui concerne le port de Rad\u00e8s, principal port maritime pour l\u2019exportation des marchandises tunisiennes.<\/p>\n<p>Avec TAP<\/p>\n<div class=\"wp-post-author-wrap wp-post-author-shortcode left\">\n<h3 class=\"awpa-title\"\/>\n<div class=\"wp-post-author\">\n<div class=\"awpa-img awpa-author-block square\"><a href=\"http:\/\/lexpertjournal.net\/fr\/?author=5\"><img loading=\"lazy\" decoding=\"async\" alt=\"\" src=\"http:\/\/0.gravatar.com\/avatar\/97f8e10a1c1125ba104a76514ee07b16?s=150&amp;d=mm&amp;r=g\" srcset=\"http:\/\/0.gravatar.com\/avatar\/97f8e10a1c1125ba104a76514ee07b16?s=300&amp;d=mm&amp;r=g 2x\" class=\"avatar avatar-150 photo\" height=\"150\" width=\"150\"\/><\/a><\/div>\n<\/div>\n<\/div>\n<aside class=\"mashsb-container mashsb-main mashsb-stretched\">\n<\/aside>\n<p>Auteur: L&rsquo;expert<br \/>\n<a href=\"http:\/\/lexpertjournal.net\/fr\/?p=18083\">Cliquez ici pour lire l&rsquo;article depuis sa source.<\/a><\/p>\n","protected":false},"excerpt":{"rendered":"<p>Un deuxi\u00e8me d\u00e9caissement des subventions destin\u00e9es aux entreprises exportatrices et accord\u00e9es au transport aura lieu d\u2019ici fin janvier 2021. A d\u00e9clar\u00e9, mardi \u00e0 TAP, le vice-pr\u00e9sident de la Chambre Syndicale Nationale des Soci\u00e9t\u00e9s de Commerce International, Zied Jaouadi. La moiti\u00e9 de ces subventions portent sur le\u00a0 transport. Elles visent \u00e0 soutenir les entreprises exportatrices\u00a0 dans [&hellip;]<\/p>\n","protected":false},"author":1775,"featured_media":0,"comment_status":"closed","ping_status":"closed","sticky":false,"template":"","format":"standard","meta":{"fifu_image_url":"http:\/\/0.gravatar.com\/avatar\/97f8e10a1c1125ba104a76514ee07b16?s=150&d=mm&r=g","fifu_image_alt":"Entreprises exportatrices: le d\u00e9caissement des subventions d\u00e9di\u00e9es au transport, avant fin janvier 2021","footnotes":""},"categories":[78,55],"tags":[],"class_list":["post-109189","post","type-post","status-publish","format-standard","hentry","category-economie","category-tunisie"],"_links":{"self":[{"href":"https:\/\/linitiative.ca\/International\/wp-json\/wp\/v2\/posts\/109189","targetHints":{"allow":["GET"]}}],"collection":[{"href":"https:\/\/linitiative.ca\/International\/wp-json\/wp\/v2\/posts"}],"about":[{"href":"https:\/\/linitiative.ca\/International\/wp-json\/wp\/v2\/types\/post"}],"author":[{"embeddable":true,"href":"https:\/\/linitiative.ca\/International\/wp-json\/wp\/v2\/users\/1775"}],"replies":[{"embeddable":true,"href":"https:\/\/linitiative.ca\/International\/wp-json\/wp\/v2\/comments?post=109189"}],"version-history":[{"count":0,"href":"https:\/\/linitiative.ca\/International\/wp-json\/wp\/v2\/posts\/109189\/revisions"}],"wp:attachment":[{"href":"https:\/\/linitiative.ca\/International\/wp-json\/wp\/v2\/media?parent=109189"}],"wp:term":[{"taxonomy":"category","embeddable":true,"href":"https:\/\/linitiative.ca\/International\/wp-json\/wp\/v2\/categories?post=109189"},{"taxonomy":"post_tag","embeddable":true,"href":"https:\/\/linitiative.ca\/International\/wp-json\/wp\/v2\/tags?post=109189"}],"curies":[{"name":"wp","href":"https:\/\/api.w.org\/{rel}","templated":true}]}}