{"id":109191,"date":"2021-01-13T03:36:34","date_gmt":"2021-01-13T08:36:34","guid":{"rendered":"https:\/\/linitiative.ca\/International\/secteur-automobile-tunisien-top-10-des-marques-vp-sur-lannee-2020\/"},"modified":"2021-01-13T03:36:34","modified_gmt":"2021-01-13T08:36:34","slug":"secteur-automobile-tunisien-top-10-des-marques-vp-sur-lannee-2020","status":"publish","type":"post","link":"https:\/\/linitiative.ca\/International\/secteur-automobile-tunisien-top-10-des-marques-vp-sur-lannee-2020\/","title":{"rendered":"Secteur automobile tunisien : TOP 10 des marques VP sur l\u2019ann\u00e9e 2020"},"content":{"rendered":"<div class=\"td-post-content\">\n<h2>Le secteur automobile tunisien a enregistr\u00e9 en 2020 la vente de 37\u00a0201 voitures particuli\u00e8res contre 36\u00a0297 voitures vendues en 2019, soit une \u00e9volution de 2,5%.<\/h2>\n<p>Les ventes du march\u00e9 automobile tunisien (voitures particuli\u00e8res et utilitaires) en 2020 ont augment\u00e9 de 0,9% par rapport \u00e0 2019.<\/p>\n<p>Notons que la hausse des ventes est principalement due aux voitures populaires avec 7300 unit\u00e9s vendues en 2020.<\/p>\n<p>Voici le TOP 10 des marques VP sur l\u2019ann\u00e9e 2020\u00a0:<\/p>\n<p class=\"td-modal-image\"><a class=\"\" href=\"https:\/\/i1.wp.com\/www.leconomistemaghrebin.com\/wp-content\/uploads\/2021\/01\/tab-auto.jpg\"><img loading=\"lazy\" decoding=\"async\" class=\"alignleft size-full wp-image-368504 jetpack-lazy-image jetpack-lazy-image--handled\" src=\"https:\/\/i1.wp.com\/www.leconomistemaghrebin.com\/wp-content\/uploads\/2021\/01\/tab-auto.jpg?resize=696,403\" alt=\"\" width=\"696\" height=\"403\" data-recalc-dims=\"1\" data-lazy-loaded=\"1\"\/><\/a><\/p>\n<\/div>\n<p><strong>.leconomistemaghrebin<\/strong><\/p>\n<div class=\"wp-post-author-wrap wp-post-author-shortcode left\">\n<h3 class=\"awpa-title\"\/>\n<div class=\"wp-post-author\">\n<div class=\"awpa-img awpa-author-block square\"><a href=\"http:\/\/lexpertjournal.net\/fr\/?author=5\"><img loading=\"lazy\" decoding=\"async\" alt=\"\" src=\"http:\/\/0.gravatar.com\/avatar\/97f8e10a1c1125ba104a76514ee07b16?s=150&amp;d=mm&amp;r=g\" srcset=\"http:\/\/0.gravatar.com\/avatar\/97f8e10a1c1125ba104a76514ee07b16?s=300&amp;d=mm&amp;r=g 2x\" class=\"avatar avatar-150 photo\" height=\"150\" width=\"150\"\/><\/a><\/div>\n<\/div>\n<\/div>\n<aside class=\"mashsb-container mashsb-main mashsb-stretched\">\n<\/aside>\n<p>Auteur: L&rsquo;expert<br \/>\n<a href=\"http:\/\/lexpertjournal.net\/fr\/?p=18090\">Cliquez ici pour lire l&rsquo;article depuis sa source.<\/a><\/p>\n","protected":false},"excerpt":{"rendered":"<p>Le secteur automobile tunisien a enregistr\u00e9 en 2020 la vente de 37\u00a0201 voitures particuli\u00e8res contre 36\u00a0297 voitures vendues en 2019, soit une \u00e9volution de 2,5%. Les ventes du march\u00e9 automobile tunisien (voitures particuli\u00e8res et utilitaires) en 2020 ont augment\u00e9 de 0,9% par rapport \u00e0 2019. Notons que la hausse des ventes est principalement due aux [&hellip;]<\/p>\n","protected":false},"author":1775,"featured_media":0,"comment_status":"closed","ping_status":"closed","sticky":false,"template":"","format":"standard","meta":{"fifu_image_url":"https:\/\/i1.wp.com\/www.leconomistemaghrebin.com\/wp-content\/uploads\/2021\/01\/tab-auto.jpg?resize=696,403","fifu_image_alt":"Secteur automobile tunisien : TOP 10 des marques VP sur l\u2019ann\u00e9e 2020","footnotes":""},"categories":[78,55],"tags":[],"class_list":["post-109191","post","type-post","status-publish","format-standard","hentry","category-economie","category-tunisie"],"_links":{"self":[{"href":"https:\/\/linitiative.ca\/International\/wp-json\/wp\/v2\/posts\/109191","targetHints":{"allow":["GET"]}}],"collection":[{"href":"https:\/\/linitiative.ca\/International\/wp-json\/wp\/v2\/posts"}],"about":[{"href":"https:\/\/linitiative.ca\/International\/wp-json\/wp\/v2\/types\/post"}],"author":[{"embeddable":true,"href":"https:\/\/linitiative.ca\/International\/wp-json\/wp\/v2\/users\/1775"}],"replies":[{"embeddable":true,"href":"https:\/\/linitiative.ca\/International\/wp-json\/wp\/v2\/comments?post=109191"}],"version-history":[{"count":0,"href":"https:\/\/linitiative.ca\/International\/wp-json\/wp\/v2\/posts\/109191\/revisions"}],"wp:attachment":[{"href":"https:\/\/linitiative.ca\/International\/wp-json\/wp\/v2\/media?parent=109191"}],"wp:term":[{"taxonomy":"category","embeddable":true,"href":"https:\/\/linitiative.ca\/International\/wp-json\/wp\/v2\/categories?post=109191"},{"taxonomy":"post_tag","embeddable":true,"href":"https:\/\/linitiative.ca\/International\/wp-json\/wp\/v2\/tags?post=109191"}],"curies":[{"name":"wp","href":"https:\/\/api.w.org\/{rel}","templated":true}]}}