{"id":109192,"date":"2021-01-13T04:26:55","date_gmt":"2021-01-13T09:26:55","guid":{"rendered":"https:\/\/linitiative.ca\/International\/energies-renouvelables-examen-des-perspectives-de-renforcement-de-la-cooperation-tuniso-allemande\/"},"modified":"2021-01-13T04:26:55","modified_gmt":"2021-01-13T09:26:55","slug":"energies-renouvelables-examen-des-perspectives-de-renforcement-de-la-cooperation-tuniso-allemande","status":"publish","type":"post","link":"https:\/\/linitiative.ca\/International\/energies-renouvelables-examen-des-perspectives-de-renforcement-de-la-cooperation-tuniso-allemande\/","title":{"rendered":"Energies renouvelables : examen des perspectives de renforcement de la coop\u00e9ration tuniso-allemande"},"content":{"rendered":"<h2>Les perspectives de renforcement de la coop\u00e9ration et du partenariat entre la Tunisie et l\u2019Allemagne dans le domaine des \u00e9nergies renouvelables \u00e9taient au centre d\u2019une rencontre par visioconf\u00e9rence. Elle se tenait mardi, entre\u00a0<a href=\"https:\/\/www.facebook.com\/MinistereIEM\" target=\"_blank\" rel=\"noopener noreferrer\">la ministre de l\u2019Industrie, de l\u2019\u00e9nergie et des mines<\/a>\u00a0Salwa Sghaier et la ministre f\u00e9d\u00e9rale allemande de l\u2019Environnement, de la Protection de la Nature et de la S\u00e9curit\u00e9 nucl\u00e9aire, Svenja Schulze.<\/h2>\n<p>Ainsi, la rencontre a permis de revenir sur le\u00a0<a href=\"http:\/\/www.leconomistemaghrebin.com\/2013\/09\/18\/energies-renouvelables-4-milliards-de-dinars-pour-le-projet-du-plan-solaire-tunisien\/\" target=\"_blank\" rel=\"noopener noreferrer\">plan solaire tunisien<\/a>. Ce plan a \u00e9t\u00e9 actualis\u00e9 en 2015. Et ce, en fixant des objectifs prometteurs portant sur la production de 25% d\u2019\u00e9lectricit\u00e9 en \u00e9nergies renouvelables en 2025 et 30% en 2030. D\u2019autant plus que la Tunisie dispose de ressources importantes en \u00e9nergie solaire. Et compte tenu de l\u2019aggravation du d\u00e9ficit de sa balance d\u2019\u00e9nergie primaire; ainsi que de la hausse des prix de p\u00e9trole et du gaz sur les march\u00e9s internationaux.<\/p>\n<p>A cet \u00e9gard, Mme Sghaier a rappel\u00e9 qu\u2019un don de sept millions d\u2019euros a \u00e9t\u00e9 accord\u00e9 par l\u2019Allemagne \u00e0 la Tunisie. L\u2019objectif \u00e9tant de financer le projet d\u2019appui du plan solaire tunisien pour la p\u00e9riode 2017-2020. Et ce, dans le cadre de la strat\u00e9gie nationale de production de l\u2019\u00e9lectricit\u00e9 \u00e0 partir des \u00e9nergies renouvelables.<\/p>\n<p>En effet, \u00ab\u00a0ce projet vise \u00e0 diversifier les syst\u00e8mes de production de l\u2019\u00e9lectricit\u00e9, \u00e0 partir des \u00e9nergies renouvelables. A travers l\u2019installation de 1860 m\u00e9gawatts additionnels d\u2019\u00e9nergies renouvelables\u00a0\u00bb, indique-t-elle. Elle a rappel\u00e9 le lancement d\u2019un appel d\u2019offre, depuis 2018, pour installer 500 MW en \u00e9nergie photovolta\u00efque.<\/p>\n<p><em>Avec TAP<\/em><\/p>\n<div class=\"wp-post-author-wrap wp-post-author-shortcode left\">\n<h3 class=\"awpa-title\"\/>\n<div class=\"wp-post-author\">\n<div class=\"awpa-img awpa-author-block square\"><a href=\"http:\/\/lexpertjournal.net\/fr\/?author=5\"><img loading=\"lazy\" decoding=\"async\" alt=\"\" src=\"http:\/\/0.gravatar.com\/avatar\/97f8e10a1c1125ba104a76514ee07b16?s=150&amp;d=mm&amp;r=g\" srcset=\"http:\/\/0.gravatar.com\/avatar\/97f8e10a1c1125ba104a76514ee07b16?s=300&amp;d=mm&amp;r=g 2x\" class=\"avatar avatar-150 photo\" height=\"150\" width=\"150\"\/><\/a><\/div>\n<\/div>\n<\/div>\n<aside class=\"mashsb-container mashsb-main mashsb-stretched\">\n<\/aside>\n<p>Auteur: L&rsquo;expert<br \/>\n<a href=\"http:\/\/lexpertjournal.net\/fr\/?p=18093\">Cliquez ici pour lire l&rsquo;article depuis sa source.<\/a><\/p>\n","protected":false},"excerpt":{"rendered":"<p>Les perspectives de renforcement de la coop\u00e9ration et du partenariat entre la Tunisie et l\u2019Allemagne dans le domaine des \u00e9nergies renouvelables \u00e9taient au centre d\u2019une rencontre par visioconf\u00e9rence. Elle se tenait mardi, entre\u00a0la ministre de l\u2019Industrie, de l\u2019\u00e9nergie et des mines\u00a0Salwa Sghaier et la ministre f\u00e9d\u00e9rale allemande de l\u2019Environnement, de la Protection de la Nature [&hellip;]<\/p>\n","protected":false},"author":1775,"featured_media":0,"comment_status":"closed","ping_status":"closed","sticky":false,"template":"","format":"standard","meta":{"fifu_image_url":"http:\/\/0.gravatar.com\/avatar\/97f8e10a1c1125ba104a76514ee07b16?s=150&d=mm&r=g","fifu_image_alt":"Energies renouvelables : examen des perspectives de renforcement de la coop\u00e9ration tuniso-allemande","footnotes":""},"categories":[78,55],"tags":[],"class_list":["post-109192","post","type-post","status-publish","format-standard","hentry","category-economie","category-tunisie"],"_links":{"self":[{"href":"https:\/\/linitiative.ca\/International\/wp-json\/wp\/v2\/posts\/109192","targetHints":{"allow":["GET"]}}],"collection":[{"href":"https:\/\/linitiative.ca\/International\/wp-json\/wp\/v2\/posts"}],"about":[{"href":"https:\/\/linitiative.ca\/International\/wp-json\/wp\/v2\/types\/post"}],"author":[{"embeddable":true,"href":"https:\/\/linitiative.ca\/International\/wp-json\/wp\/v2\/users\/1775"}],"replies":[{"embeddable":true,"href":"https:\/\/linitiative.ca\/International\/wp-json\/wp\/v2\/comments?post=109192"}],"version-history":[{"count":0,"href":"https:\/\/linitiative.ca\/International\/wp-json\/wp\/v2\/posts\/109192\/revisions"}],"wp:attachment":[{"href":"https:\/\/linitiative.ca\/International\/wp-json\/wp\/v2\/media?parent=109192"}],"wp:term":[{"taxonomy":"category","embeddable":true,"href":"https:\/\/linitiative.ca\/International\/wp-json\/wp\/v2\/categories?post=109192"},{"taxonomy":"post_tag","embeddable":true,"href":"https:\/\/linitiative.ca\/International\/wp-json\/wp\/v2\/tags?post=109192"}],"curies":[{"name":"wp","href":"https:\/\/api.w.org\/{rel}","templated":true}]}}