{"id":109193,"date":"2021-01-13T07:55:26","date_gmt":"2021-01-13T12:55:26","guid":{"rendered":"https:\/\/linitiative.ca\/International\/creation-dune-commission-mixte-chargee-de-la-relance-du-secteur-touristique\/"},"modified":"2021-01-13T07:55:26","modified_gmt":"2021-01-13T12:55:26","slug":"creation-dune-commission-mixte-chargee-de-la-relance-du-secteur-touristique","status":"publish","type":"post","link":"https:\/\/linitiative.ca\/International\/creation-dune-commission-mixte-chargee-de-la-relance-du-secteur-touristique\/","title":{"rendered":"Cr\u00e9ation d\u2019une commission mixte charg\u00e9e de la relance du secteur touristique"},"content":{"rendered":"<div class=\"td-post-content\">\n<h2>Une commission mixte charg\u00e9e de la relance de l\u2019activit\u00e9 touristique post covid-19 vient d\u2019\u00eatre cr\u00e9\u00e9e sur d\u00e9cision du ministre du Tourisme et de l\u2019Artisanat,\u00a0<a href=\"http:\/\/www.leconomistemaghrebin.com\/2020\/11\/25\/habib-ammar-priorite-proteger-secteur-touristique-leffondrement\/\" target=\"_blank\" rel=\"noopener noreferrer\">Habib Ammar<\/a>.<\/h2>\n<p>\u00ab\u00a0Cette commission sera form\u00e9e par des repr\u00e9sentants des minist\u00e8res concern\u00e9s, les professionnels du m\u00e9tier et les partenaires sociaux. Elle aura pour mission de mettre en place un plan de relance int\u00e9gr\u00e9. L\u2019objectif \u00e9tant d\u2019assurer le red\u00e9marrage du secteur touristique\u00a0\u00bb, indique un communiqu\u00e9 publi\u00e9, mardi soir, par le minist\u00e8re du Tourisme.<\/p>\n<p>Intervenant lors de la premi\u00e8re r\u00e9union de cette commission tenue, mardi, au si\u00e8ge du minist\u00e8re, Ammar a fait savoir aussi qu\u2019il sera question de d\u00e9velopper et diversifier les activit\u00e9s touristiques dans toutes les r\u00e9gions de la R\u00e9publique et de proposer des solutions \u00e0 m\u00eame de promouvoir le tourisme local et alternatif.<\/p>\n<p>Il s\u2019agira aussi de mettre au point des m\u00e9canismes visant \u00e0 am\u00e9liorer les services au niveau des zones frontali\u00e8res, \u00e0 renforcer la s\u00e9curit\u00e9 et \u00e0 garantir les mesures de pr\u00e9vention et de protection sanitaire.<\/p>\n<p>Il a, \u00e0 cet \u00e9gard, mis l\u2019accent sur la n\u00e9cessit\u00e9 de mettre en place, dans le cadre de cette commission, un plan et une campagne de communication au profit de la Tunisie \u00e0 l\u2019\u00e9chelle nationale et internationale.<\/p>\n<p>Le ministre a, d\u2019autre part, soulign\u00e9 que le rapport final issu des travaux de cette commission comportant toutes les recommandations doit imp\u00e9rativement \u00eatre soumis au pr\u00e9sident du gouvernement. Et ce avant le 20 mars prochain.<\/p>\n<p>\u00ab\u00a0Le\u00a0<a href=\"https:\/\/www.facebook.com\/ministere.Tourisme.Tunisie\" target=\"_blank\" rel=\"noopener noreferrer\">secteur du tourisme<\/a>\u00a0a \u00e9t\u00e9 impact\u00e9 apr\u00e8s la premi\u00e8re vague de l\u2019\u00e9pid\u00e9mie. Il a enregistr\u00e9 une baisse de 71% des recettes, au cours de la haute saison (de juillet \u00e0 septembre 2020)\u00a0\u00bb, avait d\u00e9clar\u00e9 en novembre dernier Ammar.<\/p>\n<p>De m\u00eame, le nombre des entr\u00e9es touristiques et des nuit\u00e9es a r\u00e9gress\u00e9 respectivement, au cours de cette m\u00eame p\u00e9riode, de 88% et 83%.<\/p>\n<p><em>Avec TAP<\/em><\/p>\n<\/div>\n<footer>\n<\/footer>\n<div class=\"wp-post-author-wrap wp-post-author-shortcode left\">\n<h3 class=\"awpa-title\"\/>\n<div class=\"wp-post-author\">\n<div class=\"awpa-img awpa-author-block square\"><a href=\"http:\/\/lexpertjournal.net\/fr\/?author=5\"><img loading=\"lazy\" decoding=\"async\" alt=\"\" src=\"http:\/\/0.gravatar.com\/avatar\/97f8e10a1c1125ba104a76514ee07b16?s=150&amp;d=mm&amp;r=g\" srcset=\"http:\/\/0.gravatar.com\/avatar\/97f8e10a1c1125ba104a76514ee07b16?s=300&amp;d=mm&amp;r=g 2x\" class=\"avatar avatar-150 photo\" height=\"150\" width=\"150\"\/><\/a><\/div>\n<\/div>\n<\/div>\n<aside class=\"mashsb-container mashsb-main mashsb-stretched\">\n<\/aside>\n<p>Auteur: L&rsquo;expert<br \/>\n<a href=\"http:\/\/lexpertjournal.net\/fr\/?p=18097\">Cliquez ici pour lire l&rsquo;article depuis sa source.<\/a><\/p>\n","protected":false},"excerpt":{"rendered":"<p>Une commission mixte charg\u00e9e de la relance de l\u2019activit\u00e9 touristique post covid-19 vient d\u2019\u00eatre cr\u00e9\u00e9e sur d\u00e9cision du ministre du Tourisme et de l\u2019Artisanat,\u00a0Habib Ammar. \u00ab\u00a0Cette commission sera form\u00e9e par des repr\u00e9sentants des minist\u00e8res concern\u00e9s, les professionnels du m\u00e9tier et les partenaires sociaux. Elle aura pour mission de mettre en place un plan de relance [&hellip;]<\/p>\n","protected":false},"author":1775,"featured_media":0,"comment_status":"closed","ping_status":"closed","sticky":false,"template":"","format":"standard","meta":{"fifu_image_url":"http:\/\/0.gravatar.com\/avatar\/97f8e10a1c1125ba104a76514ee07b16?s=150&d=mm&r=g","fifu_image_alt":"Cr\u00e9ation d\u2019une commission mixte charg\u00e9e de la relance du secteur touristique","footnotes":""},"categories":[78,55],"tags":[],"class_list":["post-109193","post","type-post","status-publish","format-standard","hentry","category-economie","category-tunisie"],"_links":{"self":[{"href":"https:\/\/linitiative.ca\/International\/wp-json\/wp\/v2\/posts\/109193","targetHints":{"allow":["GET"]}}],"collection":[{"href":"https:\/\/linitiative.ca\/International\/wp-json\/wp\/v2\/posts"}],"about":[{"href":"https:\/\/linitiative.ca\/International\/wp-json\/wp\/v2\/types\/post"}],"author":[{"embeddable":true,"href":"https:\/\/linitiative.ca\/International\/wp-json\/wp\/v2\/users\/1775"}],"replies":[{"embeddable":true,"href":"https:\/\/linitiative.ca\/International\/wp-json\/wp\/v2\/comments?post=109193"}],"version-history":[{"count":0,"href":"https:\/\/linitiative.ca\/International\/wp-json\/wp\/v2\/posts\/109193\/revisions"}],"wp:attachment":[{"href":"https:\/\/linitiative.ca\/International\/wp-json\/wp\/v2\/media?parent=109193"}],"wp:term":[{"taxonomy":"category","embeddable":true,"href":"https:\/\/linitiative.ca\/International\/wp-json\/wp\/v2\/categories?post=109193"},{"taxonomy":"post_tag","embeddable":true,"href":"https:\/\/linitiative.ca\/International\/wp-json\/wp\/v2\/tags?post=109193"}],"curies":[{"name":"wp","href":"https:\/\/api.w.org\/{rel}","templated":true}]}}