{"id":109194,"date":"2021-01-13T04:30:00","date_gmt":"2021-01-13T09:30:00","guid":{"rendered":"https:\/\/linitiative.ca\/International\/rezig-annonce-cinq-nouveaux-marches-de-gros\/"},"modified":"2021-01-13T04:30:00","modified_gmt":"2021-01-13T09:30:00","slug":"rezig-annonce-cinq-nouveaux-marches-de-gros","status":"publish","type":"post","link":"https:\/\/linitiative.ca\/International\/rezig-annonce-cinq-nouveaux-marches-de-gros\/","title":{"rendered":"Rezig annonce cinq nouveaux march\u00e9s de gros"},"content":{"rendered":"<div id=\"originalText\" readability=\"47\">\n<p>Le ministre du Commerce, Kamel Rezig, a annonc\u00e9 l\u2019ouverture de cinq nouveaux march\u00e9s de gros pour couvrir quatre r\u00e9gions d\u2019Alg\u00e9rie afin de r\u00e9duire la tension sur les march\u00e9s de gros actuels.<\/p>\n<p>Selon M. Rezig, ces cinq march\u00e9s vont faciliter les op\u00e9rations de distribution et r\u00e9duire les co\u00fbts de transport et de logistique et permettront de cr\u00e9er de nouveaux emplois.<\/p>\n<p>Lors d\u2019une sortie inopin\u00e9e au march\u00e9 de gros de Semmar (Alger) o\u00f9 il a inspect\u00e9 la disponibilit\u00e9 des denr\u00e9es alimentaires de base sur le march\u00e9 et la situation des prix, notamment pour les denr\u00e9es subventionn\u00e9es, le ministre du Commerce a affirm\u00e9 que ces cinq grandes infrastructures seront ouvertes entre 2021 et 2022.<\/p>\n<\/div>\n<div id=\"text_core\" readability=\"47\">\n<p>Le ministre du Commerce, Kamel Rezig, a annonc\u00e9 l\u2019ouverture de cinq nouveaux march\u00e9s de gros pour couvrir quatre r\u00e9gions d\u2019Alg\u00e9rie afin de r\u00e9duire la tension sur les march\u00e9s de gros actuels.<\/p>\n<p>Selon M. Rezig, ces cinq march\u00e9s vont faciliter les op\u00e9rations de distribution et r\u00e9duire les co\u00fbts de transport et de logistique et permettront de cr\u00e9er de nouveaux emplois.<\/p>\n<p>Lors d\u2019une sortie inopin\u00e9e au march\u00e9 de gros de Semmar (Alger) o\u00f9 il a inspect\u00e9 la disponibilit\u00e9 des denr\u00e9es alimentaires de base sur le march\u00e9 et la situation des prix, notamment pour les denr\u00e9es subventionn\u00e9es, le ministre du Commerce a affirm\u00e9 que ces cinq grandes infrastructures seront ouvertes entre 2021 et 2022.<\/p>\n<\/div>\n<p>Auteur:<br \/>\n<a href=\"https:\/\/www.liberte-algerie.com\/radar\/rezig-annonce-cinq-nouveaux-marches-de-gros-352308\">Cliquez ici pour lire l&rsquo;article depuis sa source.<\/a><\/p>\n","protected":false},"excerpt":{"rendered":"<p>Le ministre du Commerce, Kamel Rezig, a annonc\u00e9 l\u2019ouverture de cinq nouveaux march\u00e9s de gros pour couvrir quatre r\u00e9gions d\u2019Alg\u00e9rie afin de r\u00e9duire la tension sur les march\u00e9s de gros actuels. Selon M. Rezig, ces cinq march\u00e9s vont faciliter les op\u00e9rations de distribution et r\u00e9duire les co\u00fbts de transport et de logistique et permettront de [&hellip;]<\/p>\n","protected":false},"author":1742,"featured_media":0,"comment_status":"closed","ping_status":"closed","sticky":false,"template":"","format":"standard","meta":{"fifu_image_url":"","fifu_image_alt":"","footnotes":""},"categories":[73,53],"tags":[],"class_list":["post-109194","post","type-post","status-publish","format-standard","hentry","category-actualite","category-algerie"],"_links":{"self":[{"href":"https:\/\/linitiative.ca\/International\/wp-json\/wp\/v2\/posts\/109194","targetHints":{"allow":["GET"]}}],"collection":[{"href":"https:\/\/linitiative.ca\/International\/wp-json\/wp\/v2\/posts"}],"about":[{"href":"https:\/\/linitiative.ca\/International\/wp-json\/wp\/v2\/types\/post"}],"author":[{"embeddable":true,"href":"https:\/\/linitiative.ca\/International\/wp-json\/wp\/v2\/users\/1742"}],"replies":[{"embeddable":true,"href":"https:\/\/linitiative.ca\/International\/wp-json\/wp\/v2\/comments?post=109194"}],"version-history":[{"count":0,"href":"https:\/\/linitiative.ca\/International\/wp-json\/wp\/v2\/posts\/109194\/revisions"}],"wp:attachment":[{"href":"https:\/\/linitiative.ca\/International\/wp-json\/wp\/v2\/media?parent=109194"}],"wp:term":[{"taxonomy":"category","embeddable":true,"href":"https:\/\/linitiative.ca\/International\/wp-json\/wp\/v2\/categories?post=109194"},{"taxonomy":"post_tag","embeddable":true,"href":"https:\/\/linitiative.ca\/International\/wp-json\/wp\/v2\/tags?post=109194"}],"curies":[{"name":"wp","href":"https:\/\/api.w.org\/{rel}","templated":true}]}}