{"id":109196,"date":"2021-01-13T09:33:00","date_gmt":"2021-01-13T14:33:00","guid":{"rendered":"https:\/\/linitiative.ca\/International\/la-prison-ferme-pour-des-hirakistes-de-timimoun\/"},"modified":"2021-01-13T09:33:00","modified_gmt":"2021-01-13T14:33:00","slug":"la-prison-ferme-pour-des-hirakistes-de-timimoun","status":"publish","type":"post","link":"https:\/\/linitiative.ca\/International\/la-prison-ferme-pour-des-hirakistes-de-timimoun\/","title":{"rendered":"La prison ferme pour des hirakistes de Timimoun"},"content":{"rendered":"<div id=\"originalText\" readability=\"58\">\n<p>Le\u00a0 tribunal\u00a0 correctionnel\u00a0 de\u00a0 Timimoun\u00a0 a\u00a0 prononc\u00e9,\u00a0 ce\u00a0 mercredi, des condamnations \u00e0 la prison ferme contre les hirakistes Yasser Gadiri, Khelil Kheyi et Zeggar Sa\u00efd, selon leurs avocats.<\/p>\n<p>Jug\u00e9s individuellement pour pratiquement les m\u00eames chefs d&rsquo;accusation, \u00e0 savoir \u201coutrage et violence \u00e0 fonctionnaires et institutions de l&rsquo;\u00c9tat\u201d, \u201coffense au pr\u00e9sident de la R\u00e9publique\u201d, \u201catteinte \u00e0 l&rsquo;unit\u00e9 nationale\u201d et \u201cpublication d&rsquo;informations de nature \u00e0 porter atteinte \u00e0 l&rsquo;ordre public\u201d, Gadiri et Kheyi ont \u00e9cop\u00e9 d\u2019une ann\u00e9e de prison dont six mois avec sursis alors que Zegar a \u00e9t\u00e9 condamn\u00e9 \u00e0 six mois ferme.<\/p>\n<p>Dans son verdict, le tribunal a innocent\u00e9 Yasser Gadiri \u201catteinte \u00e0 l&rsquo;unit\u00e9 nationale\u201d et Khelil Kheye des accusations de \u201cpublication d&rsquo;informations de nature \u00e0 porter atteinte \u00e0 l&rsquo;ordre public\u201d et \u201catteinte \u00e0 l&rsquo;unit\u00e9 nationale\u201d.<\/p>\n<p>Durant le proc\u00e8s qui s\u2019est tenu le 6 janvier dernier, le procureur de la R\u00e9publique avait requis cinq ann\u00e9es de prison ferme et une amende de 50 000 DA contre les accus\u00e9s.<br \/>\u00a0<\/p>\n<p class=\"c7\"><strong class=\"c6\">S. Ould Ali pour R\u00e9daction Web<\/strong><\/p>\n<\/div>\n<div id=\"text_core\" readability=\"58\">\n<p>Le\u00a0 tribunal\u00a0 correctionnel\u00a0 de\u00a0 Timimoun\u00a0 a\u00a0 prononc\u00e9,\u00a0 ce\u00a0 mercredi, des condamnations \u00e0 la prison ferme contre les hirakistes Yasser Gadiri, Khelil Kheyi et Zeggar Sa\u00efd, selon leurs avocats.<\/p>\n<p>Jug\u00e9s individuellement pour pratiquement les m\u00eames chefs d&rsquo;accusation, \u00e0 savoir \u201coutrage et violence \u00e0 fonctionnaires et institutions de l&rsquo;\u00c9tat\u201d, \u201coffense au pr\u00e9sident de la R\u00e9publique\u201d, \u201catteinte \u00e0 l&rsquo;unit\u00e9 nationale\u201d et \u201cpublication d&rsquo;informations de nature \u00e0 porter atteinte \u00e0 l&rsquo;ordre public\u201d, Gadiri et Kheyi ont \u00e9cop\u00e9 d\u2019une ann\u00e9e de prison dont six mois avec sursis alors que Zegar a \u00e9t\u00e9 condamn\u00e9 \u00e0 six mois ferme.<\/p>\n<p>Dans son verdict, le tribunal a innocent\u00e9 Yasser Gadiri \u201catteinte \u00e0 l&rsquo;unit\u00e9 nationale\u201d et Khelil Kheye des accusations de \u201cpublication d&rsquo;informations de nature \u00e0 porter atteinte \u00e0 l&rsquo;ordre public\u201d et \u201catteinte \u00e0 l&rsquo;unit\u00e9 nationale\u201d.<\/p>\n<p>Durant le proc\u00e8s qui s\u2019est tenu le 6 janvier dernier, le procureur de la R\u00e9publique avait requis cinq ann\u00e9es de prison ferme et une amende de 50 000 DA contre les accus\u00e9s.<br \/>\u00a0<\/p>\n<p class=\"c7\"><strong class=\"c6\">S. Ould Ali pour R\u00e9daction Web<\/strong><\/p>\n<\/div>\n<p>Auteur:<br \/>\n<a href=\"https:\/\/www.liberte-algerie.com\/actualite\/la-prison-ferme-pour-des-hirakistes-de-timimoun-352369\">Cliquez ici pour lire l&rsquo;article depuis sa source.<\/a><\/p>\n","protected":false},"excerpt":{"rendered":"<p>Le\u00a0 tribunal\u00a0 correctionnel\u00a0 de\u00a0 Timimoun\u00a0 a\u00a0 prononc\u00e9,\u00a0 ce\u00a0 mercredi, des condamnations \u00e0 la prison ferme contre les hirakistes Yasser Gadiri, Khelil Kheyi et Zeggar Sa\u00efd, selon leurs avocats. Jug\u00e9s individuellement pour pratiquement les m\u00eames chefs d&rsquo;accusation, \u00e0 savoir \u201coutrage et violence \u00e0 fonctionnaires et institutions de l&rsquo;\u00c9tat\u201d, \u201coffense au pr\u00e9sident de la R\u00e9publique\u201d, \u201catteinte \u00e0 [&hellip;]<\/p>\n","protected":false},"author":1742,"featured_media":0,"comment_status":"closed","ping_status":"closed","sticky":false,"template":"","format":"standard","meta":{"fifu_image_url":"","fifu_image_alt":"","footnotes":""},"categories":[73,53],"tags":[],"class_list":["post-109196","post","type-post","status-publish","format-standard","hentry","category-actualite","category-algerie"],"_links":{"self":[{"href":"https:\/\/linitiative.ca\/International\/wp-json\/wp\/v2\/posts\/109196","targetHints":{"allow":["GET"]}}],"collection":[{"href":"https:\/\/linitiative.ca\/International\/wp-json\/wp\/v2\/posts"}],"about":[{"href":"https:\/\/linitiative.ca\/International\/wp-json\/wp\/v2\/types\/post"}],"author":[{"embeddable":true,"href":"https:\/\/linitiative.ca\/International\/wp-json\/wp\/v2\/users\/1742"}],"replies":[{"embeddable":true,"href":"https:\/\/linitiative.ca\/International\/wp-json\/wp\/v2\/comments?post=109196"}],"version-history":[{"count":0,"href":"https:\/\/linitiative.ca\/International\/wp-json\/wp\/v2\/posts\/109196\/revisions"}],"wp:attachment":[{"href":"https:\/\/linitiative.ca\/International\/wp-json\/wp\/v2\/media?parent=109196"}],"wp:term":[{"taxonomy":"category","embeddable":true,"href":"https:\/\/linitiative.ca\/International\/wp-json\/wp\/v2\/categories?post=109196"},{"taxonomy":"post_tag","embeddable":true,"href":"https:\/\/linitiative.ca\/International\/wp-json\/wp\/v2\/tags?post=109196"}],"curies":[{"name":"wp","href":"https:\/\/api.w.org\/{rel}","templated":true}]}}