{"id":109197,"date":"2021-01-13T11:56:00","date_gmt":"2021-01-13T16:56:00","guid":{"rendered":"https:\/\/linitiative.ca\/International\/le-proces-en-appel-de-lartiste-kechida-programme-pour-le-24-janvier\/"},"modified":"2021-01-13T11:56:00","modified_gmt":"2021-01-13T16:56:00","slug":"le-proces-en-appel-de-lartiste-kechida-programme-pour-le-24-janvier","status":"publish","type":"post","link":"https:\/\/linitiative.ca\/International\/le-proces-en-appel-de-lartiste-kechida-programme-pour-le-24-janvier\/","title":{"rendered":"Le proc\u00e8s en appel de l&rsquo;artiste Kechida programm\u00e9 pour le 24 janvier"},"content":{"rendered":"<div readability=\"43\">\n<div class=\"txt-core\" readability=\"31\">\n<p>Le proc\u00e8s en appel de l&rsquo;artiste Walid Kechida est programm\u00e9 pour le 24 janvier devant la chambre criminelle de la cour de S\u00e9tif, a fait savoir, aujourd&rsquo;hui, le collectif de ses avocats sur leur page Facebook. Le militant et activiste avait \u00e9t\u00e9 condamn\u00e9, le 4 janvier dernier, \u00e0 3 ans de prison ferme par le tribunal de Setif. Lors de son proc\u00e8s tenu le 21 d\u00e9cembre 2020, le procureur de la r\u00e9publique pr\u00e8s le tribunal de S\u00e9tif avait requis cinq ans de prison ferme et une amende de 500.000 DA \u00e0 son encontre. En d\u00e9tention provisoire depuis le 27 avril 2020, le cr\u00e9ateur de la page Facebook \u00ab hirak m\u00e8mes \u00bb a vu la dur\u00e9e de sa d\u00e9tention provisoire prolong\u00e9e de 4 mois suppl\u00e9mentaires le 24 aout dernier. Il est accus\u00e9 \u00ab atteinte \u00e0 corps constitu\u00e9 \u00bb, \u00ab outrage et offense au pr\u00e9sident de la r\u00e9publique \u00bb et \u00ab atteinte \u00e0 l\u2019entit\u00e9 divine \u00bb. R\u00e9daction Web<\/p>\n<p><ins class=\"adsbygoogle c7\" data-ad-layout=\"in-article\" data-ad-format=\"fluid\" data-ad-client=\"ca-pub-9870549270108482\" data-ad-slot=\"3516802903\"\/> <\/p>\n<hr class=\"spa\"\/>\n<p>Le proc\u00e8s en appel de l&rsquo;artiste Walid Kechida est programm\u00e9 pour le 24 janvier devant la chambre criminelle de la cour de S\u00e9tif, a fait savoir, aujourd&rsquo;hui, le collectif de ses avocats sur leur page Facebook. Le militant et activiste avait \u00e9t\u00e9 condamn\u00e9, le 4 janvier dernier, \u00e0 3 ans de prison ferme par le tribunal de Setif. Lors de son proc\u00e8s tenu le 21 d\u00e9cembre 2020, le procureur de la r\u00e9publique pr\u00e8s le tribunal de S\u00e9tif avait requis cinq ans de prison ferme et une amende de 500.000 DA \u00e0 son encontre. En d\u00e9tention provisoire depuis le 27 avril 2020, le cr\u00e9ateur de la page Facebook \u00ab hirak m\u00e8mes \u00bb a vu la dur\u00e9e de sa d\u00e9tention provisoire prolong\u00e9e de 4 mois suppl\u00e9mentaires le 24 aout dernier. Il est accus\u00e9 \u00ab atteinte \u00e0 corps constitu\u00e9 \u00bb, \u00ab outrage et offense au pr\u00e9sident de la r\u00e9publique \u00bb et \u00ab atteinte \u00e0 l\u2019entit\u00e9 divine \u00bb. R\u00e9daction Web<\/p>\n<\/div>\n<\/div>\n<div id=\"comentaire\" readability=\"10\">\n<h3>Publier votre <span>r\u00e9action<\/span><\/h3>\n<p>Nos articles sont ouverts aux commentaires. Chaque abonn\u00e9 peut y participer dans tous nos contenus et dans l&rsquo;espace r\u00e9serv\u00e9. Nous pr\u00e9cisons \u00e0 nos lecteurs que nous mod\u00e9rons les commentaires pour \u00e9viter certains abus et d\u00e9rives et que nous pouvons \u00eatre amen\u00e9s \u00e0 bloquer les comptes qui contreviendraient de fa\u00e7on r\u00e9currente \u00e0 notre charte d&rsquo;utilisation.<\/p>\n<\/div>\n<p>Auteur:<br \/>\n<a href=\"https:\/\/www.liberte-algerie.com\/actualite\/le-proces-en-appel-de-lartiste-kechida-programme-pour-le-24-janvier-352371\">Cliquez ici pour lire l&rsquo;article depuis sa source.<\/a><\/p>\n","protected":false},"excerpt":{"rendered":"<p>Le proc\u00e8s en appel de l&rsquo;artiste Walid Kechida est programm\u00e9 pour le 24 janvier devant la chambre criminelle de la cour de S\u00e9tif, a fait savoir, aujourd&rsquo;hui, le collectif de ses avocats sur leur page Facebook. Le militant et activiste avait \u00e9t\u00e9 condamn\u00e9, le 4 janvier dernier, \u00e0 3 ans de prison ferme par le [&hellip;]<\/p>\n","protected":false},"author":1742,"featured_media":0,"comment_status":"closed","ping_status":"closed","sticky":false,"template":"","format":"standard","meta":{"fifu_image_url":"","fifu_image_alt":"","footnotes":""},"categories":[73,53],"tags":[],"class_list":["post-109197","post","type-post","status-publish","format-standard","hentry","category-actualite","category-algerie"],"_links":{"self":[{"href":"https:\/\/linitiative.ca\/International\/wp-json\/wp\/v2\/posts\/109197","targetHints":{"allow":["GET"]}}],"collection":[{"href":"https:\/\/linitiative.ca\/International\/wp-json\/wp\/v2\/posts"}],"about":[{"href":"https:\/\/linitiative.ca\/International\/wp-json\/wp\/v2\/types\/post"}],"author":[{"embeddable":true,"href":"https:\/\/linitiative.ca\/International\/wp-json\/wp\/v2\/users\/1742"}],"replies":[{"embeddable":true,"href":"https:\/\/linitiative.ca\/International\/wp-json\/wp\/v2\/comments?post=109197"}],"version-history":[{"count":0,"href":"https:\/\/linitiative.ca\/International\/wp-json\/wp\/v2\/posts\/109197\/revisions"}],"wp:attachment":[{"href":"https:\/\/linitiative.ca\/International\/wp-json\/wp\/v2\/media?parent=109197"}],"wp:term":[{"taxonomy":"category","embeddable":true,"href":"https:\/\/linitiative.ca\/International\/wp-json\/wp\/v2\/categories?post=109197"},{"taxonomy":"post_tag","embeddable":true,"href":"https:\/\/linitiative.ca\/International\/wp-json\/wp\/v2\/tags?post=109197"}],"curies":[{"name":"wp","href":"https:\/\/api.w.org\/{rel}","templated":true}]}}