{"id":109198,"date":"2021-01-13T13:00:00","date_gmt":"2021-01-13T18:00:00","guid":{"rendered":"https:\/\/linitiative.ca\/International\/liberte-accueille-kamel-daoud\/"},"modified":"2021-01-13T13:00:00","modified_gmt":"2021-01-13T18:00:00","slug":"liberte-accueille-kamel-daoud","status":"publish","type":"post","link":"https:\/\/linitiative.ca\/International\/liberte-accueille-kamel-daoud\/","title":{"rendered":"Libert\u00e9 accueille Kamel Daoud"},"content":{"rendered":"<div id=\"originalText\" readability=\"56\">\n<p>Un nouveau regard, une nouvelle grille d\u2019analyse et de lecture, une r\u00e9flexion apais\u00e9e mais clairvoyante sur l\u2019Alg\u00e9rien, sur l\u2019Alg\u00e9rie, sur \u00ab l\u2019Autre Alg\u00e9rie \u00bb \u2026<\/p>\n<p>C\u2019est l\u2019intitul\u00e9 et le sens que porte la toute nouvelle chronique bimensuelle dont viennent d\u00e9sormais de s\u2019enrichir les colonnes du quotidien Libert\u00e9.\u00a0<\/p>\n<p>Con\u00e7ue et sign\u00e9e par l\u2019immense \u00e9crivain et journaliste, Kamel Daoud, cette tribune, que les lecteurs pourront retrouver deux fois par mois en deuxi\u00e8me page de leur journal, se veut ainsi comme un apport utile et objectif \u00e0 un d\u00e9bat national d\u00e9barrass\u00e9 de radicalit\u00e9s st\u00e9riles et de clivages st\u00e9rilisants.<\/p>\n<p>\u00ab\u00a0L\u2019Autre Alg\u00e9rie\u00a0\u00bb\u00a0; celle \u00e0 na\u00eetre, ou celle qui existe d\u00e9j\u00e0 et qu\u2019il faut apprendre \u00e0 regarder. Celle que l\u2019\u00e9crivain nous invite \u00e0 voir, \u00e0 r\u00e9fl\u00e9chir et \u00e0 consid\u00e9rer sans concessions, ni id\u00e9es pr\u00e9con\u00e7ues.\u00a0\u00a0\u00a0<\/p>\n<\/div>\n<div id=\"text_core\" readability=\"56\">\n<p>Un nouveau regard, une nouvelle grille d\u2019analyse et de lecture, une r\u00e9flexion apais\u00e9e mais clairvoyante sur l\u2019Alg\u00e9rien, sur l\u2019Alg\u00e9rie, sur \u00ab l\u2019Autre Alg\u00e9rie \u00bb \u2026<\/p>\n<p>C\u2019est l\u2019intitul\u00e9 et le sens que porte la toute nouvelle chronique bimensuelle dont viennent d\u00e9sormais de s\u2019enrichir les colonnes du quotidien Libert\u00e9.\u00a0<\/p>\n<p>Con\u00e7ue et sign\u00e9e par l\u2019immense \u00e9crivain et journaliste, Kamel Daoud, cette tribune, que les lecteurs pourront retrouver deux fois par mois en deuxi\u00e8me page de leur journal, se veut ainsi comme un apport utile et objectif \u00e0 un d\u00e9bat national d\u00e9barrass\u00e9 de radicalit\u00e9s st\u00e9riles et de clivages st\u00e9rilisants.<\/p>\n<p>\u00ab\u00a0L\u2019Autre Alg\u00e9rie\u00a0\u00bb\u00a0; celle \u00e0 na\u00eetre, ou celle qui existe d\u00e9j\u00e0 et qu\u2019il faut apprendre \u00e0 regarder. Celle que l\u2019\u00e9crivain nous invite \u00e0 voir, \u00e0 r\u00e9fl\u00e9chir et \u00e0 consid\u00e9rer sans concessions, ni id\u00e9es pr\u00e9con\u00e7ues.\u00a0\u00a0\u00a0<\/p>\n<\/div>\n<p>Auteur:<br \/>\n<a href=\"https:\/\/www.liberte-algerie.com\/actualite\/liberte-accueille-kamel-daoud-352390\">Cliquez ici pour lire l&rsquo;article depuis sa source.<\/a><\/p>\n","protected":false},"excerpt":{"rendered":"<p>Un nouveau regard, une nouvelle grille d\u2019analyse et de lecture, une r\u00e9flexion apais\u00e9e mais clairvoyante sur l\u2019Alg\u00e9rien, sur l\u2019Alg\u00e9rie, sur \u00ab l\u2019Autre Alg\u00e9rie \u00bb \u2026 C\u2019est l\u2019intitul\u00e9 et le sens que porte la toute nouvelle chronique bimensuelle dont viennent d\u00e9sormais de s\u2019enrichir les colonnes du quotidien Libert\u00e9.\u00a0 Con\u00e7ue et sign\u00e9e par l\u2019immense \u00e9crivain et journaliste, [&hellip;]<\/p>\n","protected":false},"author":1742,"featured_media":0,"comment_status":"closed","ping_status":"closed","sticky":false,"template":"","format":"standard","meta":{"fifu_image_url":"","fifu_image_alt":"","footnotes":""},"categories":[73,53],"tags":[],"class_list":["post-109198","post","type-post","status-publish","format-standard","hentry","category-actualite","category-algerie"],"_links":{"self":[{"href":"https:\/\/linitiative.ca\/International\/wp-json\/wp\/v2\/posts\/109198","targetHints":{"allow":["GET"]}}],"collection":[{"href":"https:\/\/linitiative.ca\/International\/wp-json\/wp\/v2\/posts"}],"about":[{"href":"https:\/\/linitiative.ca\/International\/wp-json\/wp\/v2\/types\/post"}],"author":[{"embeddable":true,"href":"https:\/\/linitiative.ca\/International\/wp-json\/wp\/v2\/users\/1742"}],"replies":[{"embeddable":true,"href":"https:\/\/linitiative.ca\/International\/wp-json\/wp\/v2\/comments?post=109198"}],"version-history":[{"count":0,"href":"https:\/\/linitiative.ca\/International\/wp-json\/wp\/v2\/posts\/109198\/revisions"}],"wp:attachment":[{"href":"https:\/\/linitiative.ca\/International\/wp-json\/wp\/v2\/media?parent=109198"}],"wp:term":[{"taxonomy":"category","embeddable":true,"href":"https:\/\/linitiative.ca\/International\/wp-json\/wp\/v2\/categories?post=109198"},{"taxonomy":"post_tag","embeddable":true,"href":"https:\/\/linitiative.ca\/International\/wp-json\/wp\/v2\/tags?post=109198"}],"curies":[{"name":"wp","href":"https:\/\/api.w.org\/{rel}","templated":true}]}}