{"id":109199,"date":"2021-01-13T07:36:28","date_gmt":"2021-01-13T12:36:28","guid":{"rendered":"https:\/\/linitiative.ca\/International\/le-conseil-provincial-examine-les-problematiques-du-secteur-agricole\/"},"modified":"2021-01-13T07:36:28","modified_gmt":"2021-01-13T12:36:28","slug":"le-conseil-provincial-examine-les-problematiques-du-secteur-agricole","status":"publish","type":"post","link":"https:\/\/linitiative.ca\/International\/le-conseil-provincial-examine-les-problematiques-du-secteur-agricole\/","title":{"rendered":"Le conseil provincial examine les probl\u00e9matiques du secteur agricole"},"content":{"rendered":"<div readability=\"37\">\n<p>El Kel\u00e2a des Sraghna \u2013 Le Conseil provincial d\u2019El Kel\u00e2a des Sraghna a tenu, mardi, sa session ordinaire du mois de janvier, consacr\u00e9e \u00e0 l\u2019examen des diff\u00e9rentes probl\u00e9matiques auxquelles fait face le secteur agricole \u00e0 l\u2019\u00e9chelle de la province.<\/p>\n<\/div>\n<div readability=\"91\">\n<p>Lors de cette session, tenue en pr\u00e9sence du pr\u00e9sident du conseil, M. Abderrahim Ouamrou, et du gouverneur de la province, M. Hicham Smahi, le directeur r\u00e9gional de l\u2019agriculture de Marrakech-Safi, M. Abdelaziz Bousraref, a pr\u00e9sent\u00e9 un expos\u00e9 sur la situation du secteur dans la province, ax\u00e9 sur les superficies agricoles emblav\u00e9es, l\u2019\u00e9volution de la production agricole et d\u2019olives, ainsi que les plans agricoles r\u00e9alis\u00e9s \u00e0 l\u2019\u00e9chelle provinciale.<\/p>\n<p>Les membres de l\u2019instance \u00e9lue ont abord\u00e9 les diff\u00e9rentes probl\u00e9matiques auxquelles est confront\u00e9 le secteur agricole dans la province, telles que la succession des ann\u00e9es de s\u00e9cheresse, l\u2019irr\u00e9gularit\u00e9 des cycles d\u2019irrigation et les proc\u00e9dures relatives au forage de puits pour rem\u00e9dier aux p\u00e9nuries d\u2019eau et \u00e0 l\u2019irrigation des cultures et des arbres fruitiers.<\/p>\n<p>Dans ce sens, ils ont appel\u00e9 les services agricoles concern\u00e9s \u00e0 trouver les solutions appropri\u00e9es pour la gestion des d\u00e9chets de margines d\u00e9vers\u00e9es par les huileries artisanales ou modernes, l\u2019intensification des investissements agricoles dans la province et la fourniture du soutien et de la formation n\u00e9cessaires aux petits agriculteurs et aux producteurs d\u2019olives et de lait.<\/p>\n<p>De son c\u00f4t\u00e9, M. Bousraref a soulign\u00e9 que les services agricoles relevant de la Direction r\u00e9gionale restent ouverts \u00e0 toutes les propositions visant \u00e0 surmonter les probl\u00e8mes et contraintes qui entravent le d\u00e9veloppement du secteur agricole dans la province.<\/p>\n<p>Apr\u00e8s avoir relev\u00e9 que le principal objectif consiste en la r\u00e9alisation d\u2019un d\u00e9veloppement agricole global, le responsable a soulign\u00e9 que la p\u00e9nurie d\u2019eau est devenue un probl\u00e8me fondamental qui hante le secteur, ajoutant que la Direction r\u00e9gionale \u0153uvre en partenariat avec les agences des bassins hydrauliques en vue d\u2019aboutir \u00e0 une gestion rationnelle des eaux d\u2019irrigation et d\u2019assurer une bonne productivit\u00e9.<\/p>\n<p>Par ailleurs, le Conseil provincial a approuv\u00e9 \u00e0 l\u2019unanimit\u00e9 les points inscrits \u00e0 l\u2019ordre du jour de cette session, dont une convention de partenariat avec le comit\u00e9 provincial du d\u00e9veloppement humain (CPDH), l\u2019Agence nationale pour la promotion de l\u2019Emploi et des Comp\u00e9tences (ANAPEC) et le d\u00e9partement de la jeunesse et des sports, pour la promotion de l\u2019employabilit\u00e9 des jeunes dans le monde rural.<\/p>\n<p>L\u2019instance \u00e9lue a aussi adopt\u00e9 une convention de partenariat avec la Fondation marocaine de l\u2019\u00e9tudiant afin de soutenir les \u00e9tudiants brillants titulaires du baccalaur\u00e9at et issus de milieux sociaux ou \u00e9conomiques vuln\u00e9rables, ainsi qu\u2019une autre convention de partenariat relative \u00e0 un contrat de coop\u00e9ration entre le Conseil provincial et une collectivit\u00e9 territoriale dans un pays africain.<\/p>\n<p>Cette session a \u00e9t\u00e9 ponctu\u00e9e de l\u2019approbation par le conseil de la liste de distribution des v\u00e9hicules de transport scolaire sur le territoire de la province et de la pr\u00e9sentation aux membres d\u2019un rapport sur les activit\u00e9s de l\u2019instance \u00e9lue entre les deux sessions conform\u00e9ment \u00e0 la loi organique relative aux pr\u00e9fectures et provinces.<\/p>\n<\/div>\n<p>Auteur: Meriem IGASS<br \/>\n<a href=\"http:\/\/www.mapmarrakech.ma\/fr\/le-conseil-provincial-examine-les-problematiques-du-secteur-agricole\/\">Cliquez ici pour lire l&rsquo;article depuis sa source.<\/a><\/p>\n","protected":false},"excerpt":{"rendered":"<p>El Kel\u00e2a des Sraghna \u2013 Le Conseil provincial d\u2019El Kel\u00e2a des Sraghna a tenu, mardi, sa session ordinaire du mois de janvier, consacr\u00e9e \u00e0 l\u2019examen des diff\u00e9rentes probl\u00e9matiques auxquelles fait face le secteur agricole \u00e0 l\u2019\u00e9chelle de la province. Lors de cette session, tenue en pr\u00e9sence du pr\u00e9sident du conseil, M. Abderrahim Ouamrou, et du [&hellip;]<\/p>\n","protected":false},"author":1788,"featured_media":0,"comment_status":"closed","ping_status":"closed","sticky":false,"template":"","format":"standard","meta":{"fifu_image_url":"","fifu_image_alt":"","footnotes":""},"categories":[54,76],"tags":[],"class_list":["post-109199","post","type-post","status-publish","format-standard","hentry","category-maroc","category-regions"],"_links":{"self":[{"href":"https:\/\/linitiative.ca\/International\/wp-json\/wp\/v2\/posts\/109199","targetHints":{"allow":["GET"]}}],"collection":[{"href":"https:\/\/linitiative.ca\/International\/wp-json\/wp\/v2\/posts"}],"about":[{"href":"https:\/\/linitiative.ca\/International\/wp-json\/wp\/v2\/types\/post"}],"author":[{"embeddable":true,"href":"https:\/\/linitiative.ca\/International\/wp-json\/wp\/v2\/users\/1788"}],"replies":[{"embeddable":true,"href":"https:\/\/linitiative.ca\/International\/wp-json\/wp\/v2\/comments?post=109199"}],"version-history":[{"count":0,"href":"https:\/\/linitiative.ca\/International\/wp-json\/wp\/v2\/posts\/109199\/revisions"}],"wp:attachment":[{"href":"https:\/\/linitiative.ca\/International\/wp-json\/wp\/v2\/media?parent=109199"}],"wp:term":[{"taxonomy":"category","embeddable":true,"href":"https:\/\/linitiative.ca\/International\/wp-json\/wp\/v2\/categories?post=109199"},{"taxonomy":"post_tag","embeddable":true,"href":"https:\/\/linitiative.ca\/International\/wp-json\/wp\/v2\/tags?post=109199"}],"curies":[{"name":"wp","href":"https:\/\/api.w.org\/{rel}","templated":true}]}}