{"id":109201,"date":"2021-01-13T09:04:59","date_gmt":"2021-01-13T14:04:59","guid":{"rendered":"https:\/\/linitiative.ca\/International\/un-million-de-dirhams-pour-lamenagement-du-territoire-rural\/"},"modified":"2021-01-13T09:04:59","modified_gmt":"2021-01-13T14:04:59","slug":"un-million-de-dirhams-pour-lamenagement-du-territoire-rural","status":"publish","type":"post","link":"https:\/\/linitiative.ca\/International\/un-million-de-dirhams-pour-lamenagement-du-territoire-rural\/","title":{"rendered":"Un million de dirhams pour l\u2019am\u00e9nagement du territoire rural"},"content":{"rendered":"<div class=\"single-featured\"><img alt=\"\" data-src=\"http:\/\/www.mapmarrakech.ma\/map\/uploads\/2021\/01\/conseil-safi-copier.jpg\"\/><\/div>\n<div class=\"single-post-excerpt post-excerpt-bc\" readability=\"36\">\n<p>Safi \u2013 Le conseil provincial de Safi, r\u00e9uni mardi au si\u00e8ge de la province en session ordinaire, a allou\u00e9 une enveloppe budg\u00e9taire d\u2019un million de dirhams pour l\u2019am\u00e9nagement du territoire rural dans la province.<\/p>\n<\/div>\n<div class=\"entry-content clearfix single-post-content\" readability=\"58\">\n<p>Lors de cette r\u00e9union, tenue en pr\u00e9sence du premier vice-pr\u00e9sident du Conseil, M. Youssef Mghimimi, et du gouverneur de la province, M. Lahoucine Chaynane, les membres de l\u2019instance \u00e9lue ont approuv\u00e9 le transfert d\u2019un million de dirhams au titre de la deuxi\u00e8me tranche du budget 2021, pour l\u2019am\u00e9nagement du territoire de la commune rurale de Saadla.<\/p>\n<p>Le conseil a \u00e9galement approuv\u00e9 la proposition de r\u00e9silier la convention de partenariat relative \u00e0 l\u2019acquisition et \u00e0 la gestion d\u2019une ambulance au profit de l\u2019Association de soutien des malades insuffisants r\u00e9naux (ASMIR), et de la remplacer par une convention de partenariat relative \u00e0 la mise \u00e0 disposition d\u2019un minibus au profit de cette association.<\/p>\n<p>Par ailleurs, il a \u00e9t\u00e9 proc\u00e9d\u00e9 \u00e0 l\u2019approbation d\u2019une convention de partenariat entre le Conseil provincial de Safi et la commune de Sebt Gzoula portant sur la mise \u00e0 disposition d\u2019un camion au profit de cette collectivit\u00e9 territoriale.<\/p>\n<p>Au cours de cette session, les membres de l\u2019instance \u00e9lue ont approuv\u00e9 la restitution des cr\u00e9dits non utilis\u00e9s de l\u2019Initiative nationale pour le d\u00e9veloppement humain (INDH) et la cl\u00f4ture du compte priv\u00e9 de l\u2019Initiative locale pour le d\u00e9veloppement humain apr\u00e8s la liquidation de toutes les obligations financi\u00e8res li\u00e9es \u00e0 ce compte.<\/p>\n<\/div>\n<p>Auteur: Meriem IGASS<br \/>\n<a href=\"http:\/\/www.mapmarrakech.ma\/fr\/un-million-de-dirhams-pour-lamenagement-du-territoire-rural\/\">Cliquez ici pour lire l&rsquo;article depuis sa source.<\/a><\/p>\n","protected":false},"excerpt":{"rendered":"<p>Safi \u2013 Le conseil provincial de Safi, r\u00e9uni mardi au si\u00e8ge de la province en session ordinaire, a allou\u00e9 une enveloppe budg\u00e9taire d\u2019un million de dirhams pour l\u2019am\u00e9nagement du territoire rural dans la province. Lors de cette r\u00e9union, tenue en pr\u00e9sence du premier vice-pr\u00e9sident du Conseil, M. Youssef Mghimimi, et du gouverneur de la province, [&hellip;]<\/p>\n","protected":false},"author":1788,"featured_media":0,"comment_status":"closed","ping_status":"closed","sticky":false,"template":"","format":"standard","meta":{"fifu_image_url":"http:\/\/www.mapmarrakech.ma\/map\/uploads\/2021\/01\/conseil-safi-copier.jpg","fifu_image_alt":"Un million de dirhams pour l\u2019am\u00e9nagement du territoire rural","footnotes":""},"categories":[54,76],"tags":[],"class_list":["post-109201","post","type-post","status-publish","format-standard","hentry","category-maroc","category-regions"],"_links":{"self":[{"href":"https:\/\/linitiative.ca\/International\/wp-json\/wp\/v2\/posts\/109201","targetHints":{"allow":["GET"]}}],"collection":[{"href":"https:\/\/linitiative.ca\/International\/wp-json\/wp\/v2\/posts"}],"about":[{"href":"https:\/\/linitiative.ca\/International\/wp-json\/wp\/v2\/types\/post"}],"author":[{"embeddable":true,"href":"https:\/\/linitiative.ca\/International\/wp-json\/wp\/v2\/users\/1788"}],"replies":[{"embeddable":true,"href":"https:\/\/linitiative.ca\/International\/wp-json\/wp\/v2\/comments?post=109201"}],"version-history":[{"count":0,"href":"https:\/\/linitiative.ca\/International\/wp-json\/wp\/v2\/posts\/109201\/revisions"}],"wp:attachment":[{"href":"https:\/\/linitiative.ca\/International\/wp-json\/wp\/v2\/media?parent=109201"}],"wp:term":[{"taxonomy":"category","embeddable":true,"href":"https:\/\/linitiative.ca\/International\/wp-json\/wp\/v2\/categories?post=109201"},{"taxonomy":"post_tag","embeddable":true,"href":"https:\/\/linitiative.ca\/International\/wp-json\/wp\/v2\/tags?post=109201"}],"curies":[{"name":"wp","href":"https:\/\/api.w.org\/{rel}","templated":true}]}}