{"id":109202,"date":"2021-01-13T11:10:17","date_gmt":"2021-01-13T16:10:17","guid":{"rendered":"https:\/\/linitiative.ca\/International\/questions-au-sg-de-la-federation-nationale-du-transport-touristique\/"},"modified":"2021-01-13T11:10:17","modified_gmt":"2021-01-13T16:10:17","slug":"questions-au-sg-de-la-federation-nationale-du-transport-touristique","status":"publish","type":"post","link":"https:\/\/linitiative.ca\/International\/questions-au-sg-de-la-federation-nationale-du-transport-touristique\/","title":{"rendered":"Questions au SG de la F\u00e9d\u00e9ration Nationale du Transport Touristique"},"content":{"rendered":"<div readability=\"40\">\n<p>Marrakech \u2013 Dans cet entretien accord\u00e9 \u00e0 la MAP, le secr\u00e9taire g\u00e9n\u00e9ral de la F\u00e9d\u00e9ration Nationale du Transport Touristique (FNTT), Mohamed Bamansour dresse un bilan de la situation actuelle de ce secteur, aborde les principales revendications des transporteurs touristiques, avec un focus sur les initiatives prises par l\u2019Etat pour att\u00e9nuer l\u2019impact de la pand\u00e9mie sur le secteur, ainsi que sur les perspectives de sa relance notamment apr\u00e8s le lancement de la campagne nationale de vaccination anti-Covid-19.<\/p>\n<\/div>\n<div readability=\"119\">\n<p><strong>Q1\u00a0: Quel bilan faites-vous de la situation actuelle du secteur du transport touristique\u00a0?<\/strong><\/p>\n<p>\u2013 Le secteur du transport touristique traverse une ann\u00e9e morose surtout, apr\u00e8s une ann\u00e9e 2019 florissante ayant incit\u00e9 les professionnels \u00e0 engager des investissements colossaux, ce qui les a amen\u00e9s \u00e0 contracter des cr\u00e9dits pour renforcer la flotte et \u00eatre en mesure de r\u00e9pondre \u00e0 la demande croissante.<\/p>\n<p>Le secteur est actuellement \u00e0 l\u2019arr\u00eat d\u2019activit\u00e9 en raison de la fermeture des fronti\u00e8res. Comme vous savez, la relance du tourisme est li\u00e9e au r\u00e9tablissement de l\u2019\u00e9conomie mondiale.<\/p>\n<p>En d\u00e9pit d\u2019une situation complexe induite par la pand\u00e9mie de la COVID- 19 et gr\u00e2ce aux efforts entrepris par l\u2019Etat et diff\u00e9rents intervenants pour une sortie de crise, nous restons confiants et optimistes quant \u00e0 un retour \u00e0 la normale gr\u00e2ce \u00e0 la conjugaison des efforts de tous les intervenants.<\/p>\n<p><strong>Q2 : Comment \u00e9valuez-vous les initiatives prises par l\u2019Etat pour att\u00e9nuer les impacts de la pand\u00e9mie sur les entreprises nationales\u00a0?<\/strong><\/p>\n<p>-Les professionnels saluent les initiatives et actions entreprises par l\u2019Etat pour la gestion de cette \u00e9tape en vue de sortir avec les moindres d\u00e9g\u00e2ts.<\/p>\n<p>Nous nous f\u00e9licitons \u00e9galement du climat de dialogue et de concertation permanent et de l\u2019interaction des responsables concern\u00e9s, dont le minist\u00e8re du tourisme avec les propositions et revendications des professionnels.<\/p>\n<p><strong>Q3 : Quelles sont les principales revendications des professionnels du transport touristique\u00a0?<\/strong><\/p>\n<p>-Notre premi\u00e8re revendication consiste en la mise en \u0153uvre des d\u00e9cisions prises lors des diff\u00e9rentes r\u00e9unions du Comit\u00e9 de Veille Economique (CVE).<\/p>\n<p>Il s\u2019agit de la mise en place d\u2019un moratoire pour le remboursement des \u00e9ch\u00e9ances des cr\u00e9dits bancaires et le remboursement des \u00e9ch\u00e9ances des leasings jusqu\u2019au 31 d\u00e9cembre 2020 sans paiement de frais, ni de p\u00e9nalit\u00e9s pour les entreprises touristiques et leurs employ\u00e9s.<\/p>\n<p>Beaucoup d\u2019obstacles et de contraintes ont surgi lors de la mise en \u0153uvre de cette mesure.<\/p>\n<p>Le secteur peine aujourd\u2019hui \u00e0 d\u00e9coller. C\u2019est pour cela que les \u00a0professionnels du secteur appellent \u00e0\u00a0prolonger le moratoire de remboursement des \u00e9ch\u00e9ances de cr\u00e9dit au 31 d\u00e9cembre 2021 pour les entreprises et les salari\u00e9s du secteur, \u00e9tant donn\u00e9 qu\u2019\u00e0 ce jour le secteur est \u00e0 l\u2019arr\u00eat et a beaucoup d\u2019incertitudes sur la reprise des arriv\u00e9es touristiques internationales.<\/p>\n<p>Cette revendication est l\u00e9gitime sachant que la relance du secteur est li\u00e9e au r\u00e9tablissement de l\u2019\u00e9conomie mondiale susceptible de prendre encore du temps m\u00eame apr\u00e8s le lancement des campagnes massives de vaccination dans les pays \u00e9metteurs de touristes.<\/p>\n<p>Il serait souhaitable aussi de suspendre les poursuites judiciaires \u00e0 l\u2019encontre des entreprises du secteur pour non remboursement des cr\u00e9dits et de continuer \u00e0 octroyer le soutien financier aux employ\u00e9s du secteur jusqu\u2019au 30 juin 2021.<\/p>\n<p><strong>Q4 : Quelles perspectives pour le secteur notamment apr\u00e8s le lancement de la campagne nationale de vaccination anti-Covid-19 ?<br \/><\/strong><\/p>\n<p>-En d\u00e9pit de cette situation in\u00e9dite \u00e0 laquelle se trouvent confront\u00e9s diff\u00e9rents secteurs n\u00e9vralgiques dont, celui du transport touristique, les\u00a0professionnels restent confiants et nourrissent de grands espoirs sur la relance du secteur notamment, apr\u00e8s le d\u00e9marrage de la campagne nationale de la vaccination anti-Covid-19.<\/p>\n<p>Nous sommes optimistes et les professionnels contribueront, sans nul doute, \u00e0 la r\u00e9ussite de cette campagne de vaccination.<\/p>\n<p>Le tourisme va conna\u00eetre une transformation profonde apr\u00e8s la Covid-19. Cette pand\u00e9mie nous a permis de prendre connaissance des dysfonctionnements dans le secteur.<\/p>\n<p>Les professionnels veulent commencer la p\u00e9riode post Covid-19 avec un nouveau souffle et une nouvelle dynamique.<\/p>\n<p>Il faut travailler d\u00e8s maintenant, sur la promotion de notre destination, sachant que l\u2019absence de salons touristiques internationaux impactera sans nul conteste le secteur.<\/p>\n<p>Nous sommes pr\u00eats \u00e0 conjuguer les efforts pour la mise en place d\u2019un tourisme fort, comp\u00e9titif, productif, solidaire et pourvoyeur d\u2019emplois.<\/p>\n<\/div>\n<p>Auteur: Meriem IGASS<br \/>\n<a href=\"http:\/\/www.mapmarrakech.ma\/fr\/questions-au-sg-de-la-federation-nationale-du-transport-touristique\/\">Cliquez ici pour lire l&rsquo;article depuis sa source.<\/a><\/p>\n","protected":false},"excerpt":{"rendered":"<p>Marrakech \u2013 Dans cet entretien accord\u00e9 \u00e0 la MAP, le secr\u00e9taire g\u00e9n\u00e9ral de la F\u00e9d\u00e9ration Nationale du Transport Touristique (FNTT), Mohamed Bamansour dresse un bilan de la situation actuelle de ce secteur, aborde les principales revendications des transporteurs touristiques, avec un focus sur les initiatives prises par l\u2019Etat pour att\u00e9nuer l\u2019impact de la pand\u00e9mie sur [&hellip;]<\/p>\n","protected":false},"author":1788,"featured_media":0,"comment_status":"closed","ping_status":"closed","sticky":false,"template":"","format":"standard","meta":{"fifu_image_url":"","fifu_image_alt":"","footnotes":""},"categories":[54,76],"tags":[],"class_list":["post-109202","post","type-post","status-publish","format-standard","hentry","category-maroc","category-regions"],"_links":{"self":[{"href":"https:\/\/linitiative.ca\/International\/wp-json\/wp\/v2\/posts\/109202","targetHints":{"allow":["GET"]}}],"collection":[{"href":"https:\/\/linitiative.ca\/International\/wp-json\/wp\/v2\/posts"}],"about":[{"href":"https:\/\/linitiative.ca\/International\/wp-json\/wp\/v2\/types\/post"}],"author":[{"embeddable":true,"href":"https:\/\/linitiative.ca\/International\/wp-json\/wp\/v2\/users\/1788"}],"replies":[{"embeddable":true,"href":"https:\/\/linitiative.ca\/International\/wp-json\/wp\/v2\/comments?post=109202"}],"version-history":[{"count":0,"href":"https:\/\/linitiative.ca\/International\/wp-json\/wp\/v2\/posts\/109202\/revisions"}],"wp:attachment":[{"href":"https:\/\/linitiative.ca\/International\/wp-json\/wp\/v2\/media?parent=109202"}],"wp:term":[{"taxonomy":"category","embeddable":true,"href":"https:\/\/linitiative.ca\/International\/wp-json\/wp\/v2\/categories?post=109202"},{"taxonomy":"post_tag","embeddable":true,"href":"https:\/\/linitiative.ca\/International\/wp-json\/wp\/v2\/tags?post=109202"}],"curies":[{"name":"wp","href":"https:\/\/api.w.org\/{rel}","templated":true}]}}