{"id":109203,"date":"2021-01-13T12:00:41","date_gmt":"2021-01-13T17:00:41","guid":{"rendered":"https:\/\/linitiative.ca\/International\/ouvrage-sur-les-mecanismes-de-gestion-des-crises-de-transition-democratique\/"},"modified":"2021-01-13T12:00:41","modified_gmt":"2021-01-13T17:00:41","slug":"ouvrage-sur-les-mecanismes-de-gestion-des-crises-de-transition-democratique","status":"publish","type":"post","link":"https:\/\/linitiative.ca\/International\/ouvrage-sur-les-mecanismes-de-gestion-des-crises-de-transition-democratique\/","title":{"rendered":"Ouvrage sur les m\u00e9canismes de gestion des crises de transition d\u00e9mocratique"},"content":{"rendered":"<div readability=\"38\">\n<p>Marrakech \u2013 \u00ab\u00a0Gestion des crises de transition d\u00e9mocratique : approche du mouvement (hirak) arabe \u00e0 la lumi\u00e8re des exp\u00e9riences internationales\u00a0\u00bb, est l\u2019intitul\u00e9 d\u2019un nouveau livre du professeur universitaire, Driss Lagrini, qui vient d\u2019\u00eatre \u00e9dit\u00e9 par l\u2019imprimerie-papeterie \u00ab\u00a0El Watanya\u00a0\u00bb \u00e0 Marrakech.<\/p>\n<\/div>\n<div readability=\"84\">\n<p>Dans l\u2019introduction de son ouvrage de 280 pages, l\u2019auteur affirme que les Etats arabes figurent parmi les pays ayant le moins interagi avec les changements majeurs qu\u2019a connus le monde apr\u00e8s la fin de la guerre froide, en comparaison avec d\u2019autres pays ayant accumul\u00e9 d\u2019importants acquis politiques et \u00e9conomiques.<\/p>\n<p>Ainsi, le premier chapitre de cet ouvrage, \u00e9dit\u00e9 avec l\u2019appui de la Fondation Hanns Seidel, aborde le concept, les mod\u00e8les de transition d\u00e9mocratique et la crise de changement dans le monde arabe, notamment ses causes et ses r\u00e9percussions, ainsi que les contextes du \u00ab\u00a0mouvement (hirak) arabe\u00a0\u00bb en \u00e9voquant un nombre de cas comme la Tunisie, la Libye, la Syrie, l\u2019Egypte, le Y\u00e9men, l\u2019Alg\u00e9rie et le Soudan.<\/p>\n<p>Quant au deuxi\u00e8me chapitre, il est consacr\u00e9 \u00e0 un ensemble d\u2019exp\u00e9riences d\u00e9mocratiques modernes en Europe de l\u2019Est, en Am\u00e9rique latine, en Asie et en Afrique, tout en proc\u00e9dant \u00e0 une analyse des m\u00e9canismes adopt\u00e9s pour la gestion des diverses questions et crises ayant accompagn\u00e9 la transition dans certains Etats.<\/p>\n<p>Il s\u2019attarde \u00e9galement sur les enseignements tir\u00e9s \u00e0 cet effet \u00e0 l\u2019\u00e9chelle arabe, notamment en termes d\u2019approches juridiques, politiques, \u00e9conomiques et s\u00e9curitaires adopt\u00e9es, avant d\u2019aborder le r\u00f4le de la justice transitionnelle dans la gestion des crises de transition d\u00e9mocratique \u00e0 la lumi\u00e8re de plusieurs exp\u00e9riences internationales et r\u00e9gionales en la mati\u00e8re.<\/p>\n<p>Dans cet ouvrage, M. Lagrini tente ainsi d\u2019apporter des r\u00e9ponses \u00e0 une question fondamentale li\u00e9e \u00e0 la d\u00e9termination des approches n\u00e9cessaires pour garantir, \u00e0 moindre co\u00fbt, une transition d\u00e9mocratique dans le monde arabe, \u00e0 travers la compr\u00e9hension des questions soulev\u00e9es dans ce sens, d\u2019une part, et les th\u00e9ories accumul\u00e9es ainsi que les exp\u00e9riences internationales, pratiques et modernes, d\u2019autre part.<\/p>\n<\/div>\n<p>Auteur: Meriem IGASS<br \/>\n<a href=\"http:\/\/www.mapmarrakech.ma\/fr\/ouvrage-sur-les-mecanismes-de-gestion-des-crises-de-transition-democratique\/\">Cliquez ici pour lire l&rsquo;article depuis sa source.<\/a><\/p>\n","protected":false},"excerpt":{"rendered":"<p>Marrakech \u2013 \u00ab\u00a0Gestion des crises de transition d\u00e9mocratique : approche du mouvement (hirak) arabe \u00e0 la lumi\u00e8re des exp\u00e9riences internationales\u00a0\u00bb, est l\u2019intitul\u00e9 d\u2019un nouveau livre du professeur universitaire, Driss Lagrini, qui vient d\u2019\u00eatre \u00e9dit\u00e9 par l\u2019imprimerie-papeterie \u00ab\u00a0El Watanya\u00a0\u00bb \u00e0 Marrakech. Dans l\u2019introduction de son ouvrage de 280 pages, l\u2019auteur affirme que les Etats arabes figurent [&hellip;]<\/p>\n","protected":false},"author":1788,"featured_media":0,"comment_status":"closed","ping_status":"closed","sticky":false,"template":"","format":"standard","meta":{"fifu_image_url":"","fifu_image_alt":"","footnotes":""},"categories":[54,76],"tags":[],"class_list":["post-109203","post","type-post","status-publish","format-standard","hentry","category-maroc","category-regions"],"_links":{"self":[{"href":"https:\/\/linitiative.ca\/International\/wp-json\/wp\/v2\/posts\/109203","targetHints":{"allow":["GET"]}}],"collection":[{"href":"https:\/\/linitiative.ca\/International\/wp-json\/wp\/v2\/posts"}],"about":[{"href":"https:\/\/linitiative.ca\/International\/wp-json\/wp\/v2\/types\/post"}],"author":[{"embeddable":true,"href":"https:\/\/linitiative.ca\/International\/wp-json\/wp\/v2\/users\/1788"}],"replies":[{"embeddable":true,"href":"https:\/\/linitiative.ca\/International\/wp-json\/wp\/v2\/comments?post=109203"}],"version-history":[{"count":0,"href":"https:\/\/linitiative.ca\/International\/wp-json\/wp\/v2\/posts\/109203\/revisions"}],"wp:attachment":[{"href":"https:\/\/linitiative.ca\/International\/wp-json\/wp\/v2\/media?parent=109203"}],"wp:term":[{"taxonomy":"category","embeddable":true,"href":"https:\/\/linitiative.ca\/International\/wp-json\/wp\/v2\/categories?post=109203"},{"taxonomy":"post_tag","embeddable":true,"href":"https:\/\/linitiative.ca\/International\/wp-json\/wp\/v2\/tags?post=109203"}],"curies":[{"name":"wp","href":"https:\/\/api.w.org\/{rel}","templated":true}]}}