{"id":109204,"date":"2021-01-13T07:17:52","date_gmt":"2021-01-13T12:17:52","guid":{"rendered":"https:\/\/linitiative.ca\/International\/saison-agricole-2020-2021-trois-questions-a-mohamed-bousfoul\/"},"modified":"2021-01-13T07:17:52","modified_gmt":"2021-01-13T12:17:52","slug":"saison-agricole-2020-2021-trois-questions-a-mohamed-bousfoul","status":"publish","type":"post","link":"https:\/\/linitiative.ca\/International\/saison-agricole-2020-2021-trois-questions-a-mohamed-bousfoul\/","title":{"rendered":"Saison agricole 2020-2021 : Trois questions \u00e0 Mohamed Bousfoul"},"content":{"rendered":"<p class=\"c4\">Mohamed Bousfoul, directeur r\u00e9gional de l\u2019Agriculture de l\u2019Oriental et directeur de l\u2019Office r\u00e9gional de mise en valeur agricole de la Moulouya (ORMVAM), a accord\u00e9 un entretien \u00e0 la MAP pour aborder les chiffres du d\u00e9but de la saison agricole 2020-2021 et les conditions dans lesquelles se d\u00e9roule cette campagne.<\/p>\n<p class=\"c4\"><strong>1-Quels sont les principaux indicateurs enregistr\u00e9s au d\u00e9but de la saison agricole 2020-2021 au niveau de la r\u00e9gion de l\u2019Oriental ?<\/strong><\/p>\n<p class=\"c4\">Tout d\u2019abord, il convient de relever le retard des pr\u00e9cipitations ayant marqu\u00e9 le d\u00e9but de la saison agricole au niveau de l\u2019Oriental, avec un d\u00e9ficit d\u2019environ 50 \u00e0 60 pc en volume pluviom\u00e9trique constat\u00e9 jusqu\u2019au 18 d\u00e9cembre dans l\u2019ensemble des provinces de la r\u00e9gion, ce qui ne manque pas d\u2019affecter les r\u00e9serves d\u2019eau dans le complexe hydraulique de la Moulouya, qui compte notamment les barrages Hassan II, Machra\u00e2 Hamadi et Mohammed V.<\/p>\n<p class=\"c4\">Malgr\u00e9 ce fait, la campagne agricole a d\u00e9marr\u00e9 sur des indicateurs positifs, avec une superficie programm\u00e9e pour les c\u00e9r\u00e9ales atteignant 400.000 ha, dont pr\u00e8s de 135.000 ha d\u00e9j\u00e0 labour\u00e9e vers la fin de 2020. Sur cette superficie, plus de 80.000 ha ont d\u00e9j\u00e0 \u00e9t\u00e9 cultiv\u00e9s \u00e0 fin d\u00e9cembre, se r\u00e9partissant sur le bl\u00e9 dur (15.000 ha), le bl\u00e9 tendre (23.000 ha) et l\u2019orge (42.000 ha).<\/p>\n<p class=\"c4\">La betterave \u00e0 sucre, un produit \u00e0 fort impact \u00e9conomique et social dans la r\u00e9gion, s\u2019est vue consacrer une superficie de 5.500 ha, dont pr\u00e8s de 4.000 ha d\u00e9j\u00e0 cultiv\u00e9s vers la fin de l\u2019ann\u00e9e, alors que la superficie programm\u00e9e pour la culture mara\u00eech\u00e8re d\u00e9passe les 5.500 ha, dont plus de 3.800 ha cultiv\u00e9s \u00e0 la m\u00eame p\u00e9riode, ce qui permettra d\u2019approvisionner les march\u00e9s en l\u00e9gumes durant les mois \u00e0 venir.<\/p>\n<p class=\"c4\">Il s\u2019agit l\u00e0 d\u2019un volet important pour assurer l\u2019alimentation des march\u00e9s pour la population malgr\u00e9 le contexte difficile de la pand\u00e9mie de la Covid-19.<\/p>\n<p class=\"c4\">Concernant les arbres fruitiers, le produit phare de la r\u00e9gion, les agrumes, a enregistr\u00e9 une production en hausse de 17 pc par rapport \u00e0 la saison pr\u00e9c\u00e9dente, avec un chiffre de 415.000 tonnes dans l\u2019Oriental. Le secteur ol\u00e9icole a quant \u00e0 lui atteint une production de 208.000 tonnes, dont 70 pc consacr\u00e9s \u00e0 l\u2019extraction d\u2019huile d\u2019olive.<\/p>\n<p class=\"c4\">Sur le plan des exportations, nous avons atteint, pour les agrumes, un volume de 44.000 tonnes jusqu\u2019au 16 d\u00e9cembre dernier, en plus de 2.300 tonnes de l\u00e9gumes et 6.000 tonnes de produits agricoles transform\u00e9s. Tout cela a un impact tr\u00e8s positif sur la cr\u00e9ation d\u2019emplois ainsi que pour assurer l\u2019approvisionnement des march\u00e9s en produits agricoles, et s\u2019est fait malgr\u00e9 les conditions climatiques et celles li\u00e9es \u00e0 la Covid-19.<\/p>\n<p class=\"c4\"><strong>2- Quels sont vos pronostics pour le reste de la saison agricole \u00e0 la lumi\u00e8re de ces donn\u00e9es ?<\/strong><\/p>\n<p class=\"c4\">Nous sommes optimistes quant au d\u00e9roulement de l\u2019actuelle campagne agricole au niveau de l\u2019Oriental en d\u00e9pit du retard des pr\u00e9cipitations, sachant que les superficies cultiv\u00e9es sont susceptibles d\u2019\u00eatre revues \u00e0 la hausse au fur \u00e0 mesure de l\u2019\u00e9volution de la situation pluviom\u00e9trique, qui s\u2019annonce meilleure en ce d\u00e9but de l\u2019ann\u00e9e 2021 que lors des premi\u00e8res semaines de la saison agricole.<\/p>\n<p class=\"c4\">L\u2019ensemble des fili\u00e8res agricoles fonctionnent de mani\u00e8re satisfaisante et la production pourrait \u00eatre meilleure si les ressources en eau augmentent.<\/p>\n<p class=\"c4\"><strong>3- Quelles sont les dispositions ayant \u00e9t\u00e9 prises pour assurer le bon d\u00e9roulement de l\u2019activit\u00e9 agricole dans le contexte de la pand\u00e9mie ?<\/strong><\/p>\n<p class=\"c4\">Nous avons, d\u00e8s le d\u00e9but de la pand\u00e9mie et conform\u00e9ment aux Hautes orientations de SM le Roi Mohammed VI et aux directives des d\u00e9partements gouvernementaux concern\u00e9s et en collaboration avec les autorit\u00e9s publiques et les professionnels, pris un certain nombre de mesures et organis\u00e9 des journ\u00e9es de sensibilisation au profit des travailleurs du secteur agricole.<\/p>\n<p class=\"c4\">Ces efforts ont \u00e9t\u00e9 men\u00e9s par tous les services concern\u00e9s, dont ceux de la direction r\u00e9gionale de l\u2019Agriculture, de l\u2019Office national du conseil agricole (ONCA) et de l\u2019Office national de s\u00e9curit\u00e9 sanitaire des produits alimentaires (ONSSA), avec le concours des chambres professionnelles et des diff\u00e9rentes associations et f\u00e9d\u00e9rations agricoles, sans oublier le soutien des minist\u00e8res de l\u2019Int\u00e9rieur et de la Sant\u00e9, des autorit\u00e9s locales et des services de s\u00e9curit\u00e9.<\/p>\n<p class=\"c4\">Ces intervenants \u0153uvrent dans le cadre d\u2019une commission r\u00e9gionale pr\u00e9sid\u00e9e par monsieur le Wali de la r\u00e9gion, ainsi qu\u2019au niveau de commissions provinciales sous la pr\u00e9sidence des gouverneurs des diff\u00e9rentes provinces. Ces commissions prennent les mesures ad\u00e9quates et organisent des journ\u00e9es de sensibilisation que ce soit dans les exploitations agricoles ou dans les unit\u00e9s agro-industrielles.<\/p>\n<p class=\"c4\">Ces efforts ont port\u00e9 leurs fruits et les travailleurs agricoles respectent les mesures de pr\u00e9caution, ce qui a permis d\u2019assurer la continuit\u00e9 de l\u2019activit\u00e9 et de r\u00e9aliser de bons chiffres de production et d\u2019exportation, malgr\u00e9 la pand\u00e9mie.<\/p>\n<p>Auteur: Soufiane ELAHMAR<br \/>\n<a href=\"http:\/\/www.mapoujda.ma\/fr\/saison-agricole-2020-2021-trois-questions-a-mohamed-bousfoul\/\">Cliquez ici pour lire l&rsquo;article depuis sa source.<\/a><\/p>\n","protected":false},"excerpt":{"rendered":"<p>Mohamed Bousfoul, directeur r\u00e9gional de l\u2019Agriculture de l\u2019Oriental et directeur de l\u2019Office r\u00e9gional de mise en valeur agricole de la Moulouya (ORMVAM), a accord\u00e9 un entretien \u00e0 la MAP pour aborder les chiffres du d\u00e9but de la saison agricole 2020-2021 et les conditions dans lesquelles se d\u00e9roule cette campagne. 1-Quels sont les principaux indicateurs enregistr\u00e9s [&hellip;]<\/p>\n","protected":false},"author":1788,"featured_media":0,"comment_status":"closed","ping_status":"closed","sticky":false,"template":"","format":"standard","meta":{"fifu_image_url":"","fifu_image_alt":"","footnotes":""},"categories":[54,76],"tags":[],"class_list":["post-109204","post","type-post","status-publish","format-standard","hentry","category-maroc","category-regions"],"_links":{"self":[{"href":"https:\/\/linitiative.ca\/International\/wp-json\/wp\/v2\/posts\/109204","targetHints":{"allow":["GET"]}}],"collection":[{"href":"https:\/\/linitiative.ca\/International\/wp-json\/wp\/v2\/posts"}],"about":[{"href":"https:\/\/linitiative.ca\/International\/wp-json\/wp\/v2\/types\/post"}],"author":[{"embeddable":true,"href":"https:\/\/linitiative.ca\/International\/wp-json\/wp\/v2\/users\/1788"}],"replies":[{"embeddable":true,"href":"https:\/\/linitiative.ca\/International\/wp-json\/wp\/v2\/comments?post=109204"}],"version-history":[{"count":0,"href":"https:\/\/linitiative.ca\/International\/wp-json\/wp\/v2\/posts\/109204\/revisions"}],"wp:attachment":[{"href":"https:\/\/linitiative.ca\/International\/wp-json\/wp\/v2\/media?parent=109204"}],"wp:term":[{"taxonomy":"category","embeddable":true,"href":"https:\/\/linitiative.ca\/International\/wp-json\/wp\/v2\/categories?post=109204"},{"taxonomy":"post_tag","embeddable":true,"href":"https:\/\/linitiative.ca\/International\/wp-json\/wp\/v2\/tags?post=109204"}],"curies":[{"name":"wp","href":"https:\/\/api.w.org\/{rel}","templated":true}]}}