{"id":109209,"date":"2021-01-12T12:19:36","date_gmt":"2021-01-12T17:19:36","guid":{"rendered":"https:\/\/linitiative.ca\/International\/nominations-dans-les-hautes-fonctions-des-ong-reclament-plus-de-parite\/"},"modified":"2021-01-12T12:19:36","modified_gmt":"2021-01-12T17:19:36","slug":"nominations-dans-les-hautes-fonctions-des-ong-reclament-plus-de-parite","status":"publish","type":"post","link":"https:\/\/linitiative.ca\/International\/nominations-dans-les-hautes-fonctions-des-ong-reclament-plus-de-parite\/","title":{"rendered":"Nominations dans les hautes fonctions: Des ONG r\u00e9clament plus de parit\u00e9"},"content":{"rendered":"<p class=\"rtejustify\">Des ONG de d\u00e9fense des droits des femmes ont hauss\u00e9 le ton face \u00e0 la faiblesse de la part des femmes dans les nominations dans les hautes fonctions, approuv\u00e9es en Conseil du gouvernement depuis 2012. Le nombre des nominations des femmes a atteint 137 postes sur un total de 1.160, soit une part de 11,8%. Face \u00e0 cette situation, \u00able gouvernement n\u2019a introduit aucune mesure pour inverser la tendance, lors de la r\u00e9forme de la loi organique sur la nomination dans les hautes fonctions\u00bb. Ces ONG ont appel\u00e9 \u00e0 proc\u00e9der \u00e0 une refonte globale de ce texte, afin de favoriser l\u2019aboutissement \u00e0 la parit\u00e9 dans l\u2019acc\u00e8s des femmes aux postes de responsabilit\u00e9 dans le public.<\/p>\n<p class=\"rtejustify\"><em>M.A.M.<\/em><\/p>\n<p>Auteur: hlafriqi<br \/>\n<a href=\"https:\/\/www.leconomiste.com\/article\/1071897-nominations-dans-les-hautes-fonctions-des-ong-reclament-plus-de-parite\">Cliquez ici pour lire l&rsquo;article depuis sa source.<\/a><\/p>\n","protected":false},"excerpt":{"rendered":"<p>Des ONG de d\u00e9fense des droits des femmes ont hauss\u00e9 le ton face \u00e0 la faiblesse de la part des femmes dans les nominations dans les hautes fonctions, approuv\u00e9es en Conseil du gouvernement depuis 2012. Le nombre des nominations des femmes a atteint 137 postes sur un total de 1.160, soit une part de 11,8%. [&hellip;]<\/p>\n","protected":false},"author":1763,"featured_media":0,"comment_status":"closed","ping_status":"closed","sticky":false,"template":"","format":"standard","meta":{"fifu_image_url":"","fifu_image_alt":"","footnotes":""},"categories":[78,54],"tags":[],"class_list":["post-109209","post","type-post","status-publish","format-standard","hentry","category-economie","category-maroc"],"_links":{"self":[{"href":"https:\/\/linitiative.ca\/International\/wp-json\/wp\/v2\/posts\/109209","targetHints":{"allow":["GET"]}}],"collection":[{"href":"https:\/\/linitiative.ca\/International\/wp-json\/wp\/v2\/posts"}],"about":[{"href":"https:\/\/linitiative.ca\/International\/wp-json\/wp\/v2\/types\/post"}],"author":[{"embeddable":true,"href":"https:\/\/linitiative.ca\/International\/wp-json\/wp\/v2\/users\/1763"}],"replies":[{"embeddable":true,"href":"https:\/\/linitiative.ca\/International\/wp-json\/wp\/v2\/comments?post=109209"}],"version-history":[{"count":0,"href":"https:\/\/linitiative.ca\/International\/wp-json\/wp\/v2\/posts\/109209\/revisions"}],"wp:attachment":[{"href":"https:\/\/linitiative.ca\/International\/wp-json\/wp\/v2\/media?parent=109209"}],"wp:term":[{"taxonomy":"category","embeddable":true,"href":"https:\/\/linitiative.ca\/International\/wp-json\/wp\/v2\/categories?post=109209"},{"taxonomy":"post_tag","embeddable":true,"href":"https:\/\/linitiative.ca\/International\/wp-json\/wp\/v2\/tags?post=109209"}],"curies":[{"name":"wp","href":"https:\/\/api.w.org\/{rel}","templated":true}]}}