{"id":109210,"date":"2021-01-12T12:20:40","date_gmt":"2021-01-12T17:20:40","guid":{"rendered":"https:\/\/linitiative.ca\/International\/etat-durgence-sanitaire-le-decret-de-prolongation-au-bo\/"},"modified":"2021-01-12T12:20:40","modified_gmt":"2021-01-12T17:20:40","slug":"etat-durgence-sanitaire-le-decret-de-prolongation-au-bo","status":"publish","type":"post","link":"https:\/\/linitiative.ca\/International\/etat-durgence-sanitaire-le-decret-de-prolongation-au-bo\/","title":{"rendered":"Etat d\u2019urgence sanitaire: Le d\u00e9cret de prolongation au BO"},"content":{"rendered":"<p class=\"rtejustify\">Approuv\u00e9 lors de la derni\u00e8re r\u00e9union du Conseil du gouvernement, le d\u00e9cret portant prolongation de l\u2019\u00e9tat d\u2019urgence sanitaire a \u00e9t\u00e9 publi\u00e9 dans la derni\u00e8re \u00e9dition du Bulletin officiel (BO). La nouvelle p\u00e9riode d\u2019application des mesures de l\u2019\u00e9tat d\u2019urgence sanitaire court jusqu\u2019au 10 f\u00e9vrier prochain.<\/p>\n<p class=\"rtejustify\"><em>M.A.M.<\/em><\/p>\n<p>Auteur: hlafriqi<br \/>\n<a href=\"https:\/\/www.leconomiste.com\/article\/1071898-etat-d-urgence-sanitaire-le-decret-de-prolongation-au-bo\">Cliquez ici pour lire l&rsquo;article depuis sa source.<\/a><\/p>\n","protected":false},"excerpt":{"rendered":"<p>Approuv\u00e9 lors de la derni\u00e8re r\u00e9union du Conseil du gouvernement, le d\u00e9cret portant prolongation de l\u2019\u00e9tat d\u2019urgence sanitaire a \u00e9t\u00e9 publi\u00e9 dans la derni\u00e8re \u00e9dition du Bulletin officiel (BO). La nouvelle p\u00e9riode d\u2019application des mesures de l\u2019\u00e9tat d\u2019urgence sanitaire court jusqu\u2019au 10 f\u00e9vrier prochain. M.A.M. Auteur: hlafriqi Cliquez ici pour lire l&rsquo;article depuis sa source.<\/p>\n","protected":false},"author":1763,"featured_media":0,"comment_status":"closed","ping_status":"closed","sticky":false,"template":"","format":"standard","meta":{"fifu_image_url":"","fifu_image_alt":"","footnotes":""},"categories":[78,54],"tags":[],"class_list":["post-109210","post","type-post","status-publish","format-standard","hentry","category-economie","category-maroc"],"_links":{"self":[{"href":"https:\/\/linitiative.ca\/International\/wp-json\/wp\/v2\/posts\/109210","targetHints":{"allow":["GET"]}}],"collection":[{"href":"https:\/\/linitiative.ca\/International\/wp-json\/wp\/v2\/posts"}],"about":[{"href":"https:\/\/linitiative.ca\/International\/wp-json\/wp\/v2\/types\/post"}],"author":[{"embeddable":true,"href":"https:\/\/linitiative.ca\/International\/wp-json\/wp\/v2\/users\/1763"}],"replies":[{"embeddable":true,"href":"https:\/\/linitiative.ca\/International\/wp-json\/wp\/v2\/comments?post=109210"}],"version-history":[{"count":0,"href":"https:\/\/linitiative.ca\/International\/wp-json\/wp\/v2\/posts\/109210\/revisions"}],"wp:attachment":[{"href":"https:\/\/linitiative.ca\/International\/wp-json\/wp\/v2\/media?parent=109210"}],"wp:term":[{"taxonomy":"category","embeddable":true,"href":"https:\/\/linitiative.ca\/International\/wp-json\/wp\/v2\/categories?post=109210"},{"taxonomy":"post_tag","embeddable":true,"href":"https:\/\/linitiative.ca\/International\/wp-json\/wp\/v2\/tags?post=109210"}],"curies":[{"name":"wp","href":"https:\/\/api.w.org\/{rel}","templated":true}]}}