{"id":109213,"date":"2021-01-13T15:14:01","date_gmt":"2021-01-13T20:14:01","guid":{"rendered":"https:\/\/linitiative.ca\/International\/pros-ol-slimani-officiellement-a-lyon-jusquen-juin-2022\/"},"modified":"2021-01-13T15:14:01","modified_gmt":"2021-01-13T20:14:01","slug":"pros-ol-slimani-officiellement-a-lyon-jusquen-juin-2022","status":"publish","type":"post","link":"https:\/\/linitiative.ca\/International\/pros-ol-slimani-officiellement-a-lyon-jusquen-juin-2022\/","title":{"rendered":"Pros : OL: Slimani officiellement \u00e0 Lyon jusqu&rsquo;en juin 2022"},"content":{"rendered":"<div readability=\"32\">\n<p>Auteur : <span class=\"time\">mercredi 13 janvier 2021 18:20<\/span><\/p>\n<\/div>\n<div id=\"post_core\" readability=\"45\">\n<p>Ce n&rsquo;est pas une surprise, mais c&rsquo;est d\u00e9sormais officiel, l&rsquo;OL a enregistr\u00e9 la signature d&rsquo;Islam Slimani, l&rsquo;attaquant international alg\u00e9rien qui s&rsquo;est lib\u00e9r\u00e9 ces derniers jours de ses six derniers mois de contrat avec Leicester. L&rsquo;attaquant des Fennecs s&rsquo;est finalement mis d\u2019accord avec Juninho et Jean-Michel Aulas pour un contrat de 18 mois, alors que dans un premier temps Islam Slimani esp\u00e9rait signer jusqu&rsquo;en 2023:\u00ab Afin de compenser le d\u00e9part de Moussa Demb\u00e9l\u00e9 \u00e0 l\u2019Atl\u00e9tico de Madrid, l\u2019Olympique Lyonnais est heureux d\u2019annoncer l\u2019arriv\u00e9e de l\u2019attaquant international alg\u00e9rien Islam Slimani pour une dur\u00e9e de 18 mois, soit jusqu\u2019au 30 juin 2022. Arriv\u00e9 libre en provenance du club anglais de Leicester, Islam Slimani poss\u00e8de une carri\u00e8re solide, avec plus de 380 matches professionnels \u00e0 son actif, dont 69 sous les couleurs de la s\u00e9lection nationale alg\u00e9rienne (30 buts) avec laquelle il a remport\u00e9 la Coupe d\u2019Afrique des Nations en 2019 aux c\u00f4t\u00e9s de Djamel Benlamri \u00bb, pr\u00e9cise l&rsquo;OL comme rapport\u00e9 par foot01.com.<\/p>\n<p><strong>Publi\u00e9 dans :<\/strong> <span>slimani<\/span><\/p>\n<\/div>\n<p>Auteur:<br \/>\n<a href=\"http:\/\/www.lebuteur.com\/article\/detail?titre=ol-slimani-officiellement-a-lyon-jusquen-juin-2022&#038;id=98706&#038;utm_source=feedburner&#038;utm_medium=feed&#038;utm_campaign=Feed%3A+GalerieFArtciles+%28Les+derniers+articles++-+lebuteur.com%29\">Cliquez ici pour lire l&rsquo;article depuis sa source.<\/a><\/p>\n","protected":false},"excerpt":{"rendered":"<p>Auteur : mercredi 13 janvier 2021 18:20 Ce n&rsquo;est pas une surprise, mais c&rsquo;est d\u00e9sormais officiel, l&rsquo;OL a enregistr\u00e9 la signature d&rsquo;Islam Slimani, l&rsquo;attaquant international alg\u00e9rien qui s&rsquo;est lib\u00e9r\u00e9 ces derniers jours de ses six derniers mois de contrat avec Leicester. L&rsquo;attaquant des Fennecs s&rsquo;est finalement mis d\u2019accord avec Juninho et Jean-Michel Aulas pour un [&hellip;]<\/p>\n","protected":false},"author":1738,"featured_media":0,"comment_status":"closed","ping_status":"closed","sticky":false,"template":"","format":"standard","meta":{"fifu_image_url":"\/\/cdn.lebuteur.com\/data\/images\/article\/thumbs\/large-ol-slimani-officiellement-a-lyon-jusquen-juin-2022-57e95.jpg","fifu_image_alt":"Pros : OL: Slimani officiellement \u00e0 Lyon jusqu'en juin 2022","footnotes":""},"categories":[53,75],"tags":[],"class_list":["post-109213","post","type-post","status-publish","format-standard","hentry","category-algerie","category-sport"],"_links":{"self":[{"href":"https:\/\/linitiative.ca\/International\/wp-json\/wp\/v2\/posts\/109213","targetHints":{"allow":["GET"]}}],"collection":[{"href":"https:\/\/linitiative.ca\/International\/wp-json\/wp\/v2\/posts"}],"about":[{"href":"https:\/\/linitiative.ca\/International\/wp-json\/wp\/v2\/types\/post"}],"author":[{"embeddable":true,"href":"https:\/\/linitiative.ca\/International\/wp-json\/wp\/v2\/users\/1738"}],"replies":[{"embeddable":true,"href":"https:\/\/linitiative.ca\/International\/wp-json\/wp\/v2\/comments?post=109213"}],"version-history":[{"count":0,"href":"https:\/\/linitiative.ca\/International\/wp-json\/wp\/v2\/posts\/109213\/revisions"}],"wp:attachment":[{"href":"https:\/\/linitiative.ca\/International\/wp-json\/wp\/v2\/media?parent=109213"}],"wp:term":[{"taxonomy":"category","embeddable":true,"href":"https:\/\/linitiative.ca\/International\/wp-json\/wp\/v2\/categories?post=109213"},{"taxonomy":"post_tag","embeddable":true,"href":"https:\/\/linitiative.ca\/International\/wp-json\/wp\/v2\/tags?post=109213"}],"curies":[{"name":"wp","href":"https:\/\/api.w.org\/{rel}","templated":true}]}}