{"id":109214,"date":"2021-01-13T15:14:03","date_gmt":"2021-01-13T20:14:03","guid":{"rendered":"https:\/\/linitiative.ca\/International\/international-ol-les-premiers-mots-de-slimani\/"},"modified":"2021-01-13T15:14:03","modified_gmt":"2021-01-13T20:14:03","slug":"international-ol-les-premiers-mots-de-slimani","status":"publish","type":"post","link":"https:\/\/linitiative.ca\/International\/international-ol-les-premiers-mots-de-slimani\/","title":{"rendered":"International : OL : les premiers mots de Slimani"},"content":{"rendered":"<div readability=\"32\">\n<p>Auteur : <span>Riad O.<\/span> <span class=\"time\">mercredi 13 janvier 2021 19:17<\/span><\/p>\n<\/div>\n<div id=\"post_core\" readability=\"36\">\n<p>L&rsquo;Olympique Lyonnais a officialis\u00e9 l&rsquo;arriv\u00e9e d&rsquo;Islam Slimani pour une dur\u00e9e de 18 mois. L&rsquo;ancien joueur de Leicester City se r\u00e9jouit \u00e0 l&rsquo;id\u00e9e de rejoindre l\u2019OL: \u00abJe suis heureux et fier d&rsquo;\u00eatre dans un grand club comme Lyon.\u00bb a d\u00e9clar\u00e9 l&rsquo;international alg\u00e9rien lors de sa pr\u00e9sentation \u00e0 la presse:\u00a0\u00abJ&rsquo;esp\u00e8re apporter mon exp\u00e9rience, ma combativit\u00e9 [&#8230;] Je veux faire quelque chose de bien ici.\u00bb<\/p>\n<p><u><strong>Riad O.<\/strong><\/u><\/p>\n<p><strong>Publi\u00e9 dans :<\/strong> <span>slimani<\/span><\/p>\n<\/div>\n<p>Auteur:<br \/>\n<a href=\"http:\/\/www.lebuteur.com\/article\/detail?titre=ol-les-premiers-mots-de-slimani&#038;id=98707&#038;utm_source=feedburner&#038;utm_medium=feed&#038;utm_campaign=Feed%3A+GalerieFArtciles+%28Les+derniers+articles++-+lebuteur.com%29\">Cliquez ici pour lire l&rsquo;article depuis sa source.<\/a><\/p>\n","protected":false},"excerpt":{"rendered":"<p>Auteur : Riad O. mercredi 13 janvier 2021 19:17 L&rsquo;Olympique Lyonnais a officialis\u00e9 l&rsquo;arriv\u00e9e d&rsquo;Islam Slimani pour une dur\u00e9e de 18 mois. L&rsquo;ancien joueur de Leicester City se r\u00e9jouit \u00e0 l&rsquo;id\u00e9e de rejoindre l\u2019OL: \u00abJe suis heureux et fier d&rsquo;\u00eatre dans un grand club comme Lyon.\u00bb a d\u00e9clar\u00e9 l&rsquo;international alg\u00e9rien lors de sa pr\u00e9sentation \u00e0 [&hellip;]<\/p>\n","protected":false},"author":1738,"featured_media":0,"comment_status":"closed","ping_status":"closed","sticky":false,"template":"","format":"standard","meta":{"fifu_image_url":"\/\/cdn.lebuteur.com\/data\/images\/article\/thumbs\/large-ol-les-premiers-mots-de-slimani-ca1cf.jpg","fifu_image_alt":"International : OL : les premiers mots de Slimani","footnotes":""},"categories":[53,75],"tags":[],"class_list":["post-109214","post","type-post","status-publish","format-standard","hentry","category-algerie","category-sport"],"_links":{"self":[{"href":"https:\/\/linitiative.ca\/International\/wp-json\/wp\/v2\/posts\/109214","targetHints":{"allow":["GET"]}}],"collection":[{"href":"https:\/\/linitiative.ca\/International\/wp-json\/wp\/v2\/posts"}],"about":[{"href":"https:\/\/linitiative.ca\/International\/wp-json\/wp\/v2\/types\/post"}],"author":[{"embeddable":true,"href":"https:\/\/linitiative.ca\/International\/wp-json\/wp\/v2\/users\/1738"}],"replies":[{"embeddable":true,"href":"https:\/\/linitiative.ca\/International\/wp-json\/wp\/v2\/comments?post=109214"}],"version-history":[{"count":0,"href":"https:\/\/linitiative.ca\/International\/wp-json\/wp\/v2\/posts\/109214\/revisions"}],"wp:attachment":[{"href":"https:\/\/linitiative.ca\/International\/wp-json\/wp\/v2\/media?parent=109214"}],"wp:term":[{"taxonomy":"category","embeddable":true,"href":"https:\/\/linitiative.ca\/International\/wp-json\/wp\/v2\/categories?post=109214"},{"taxonomy":"post_tag","embeddable":true,"href":"https:\/\/linitiative.ca\/International\/wp-json\/wp\/v2\/tags?post=109214"}],"curies":[{"name":"wp","href":"https:\/\/api.w.org\/{rel}","templated":true}]}}