{"id":109215,"date":"2021-01-13T15:14:05","date_gmt":"2021-01-13T20:14:05","guid":{"rendered":"https:\/\/linitiative.ca\/International\/pros-ol-le-message-de-bienvenue-daulas-a-slimani\/"},"modified":"2021-01-13T15:14:05","modified_gmt":"2021-01-13T20:14:05","slug":"pros-ol-le-message-de-bienvenue-daulas-a-slimani","status":"publish","type":"post","link":"https:\/\/linitiative.ca\/International\/pros-ol-le-message-de-bienvenue-daulas-a-slimani\/","title":{"rendered":"Pros : OL : le message de bienvenue d&rsquo;Aulas \u00e0 Slimani"},"content":{"rendered":"<div readability=\"32\">\n<p>Auteur : <span class=\"time\">mercredi 13 janvier 2021 19:20<\/span><\/p>\n<\/div>\n<div id=\"post_core\" readability=\"47\">\n<p>Apr\u00e8s plusieurs jours d&rsquo;attente, l&rsquo;Olympique Lyonnais a officialis\u00e9 l&rsquo;arriv\u00e9e d&rsquo;Islam Slimani ce mercredi soir, alors que Moussa Demb\u00e9l\u00e9 a lui \u00e9t\u00e9 pr\u00eat\u00e9 \u00e0 l&rsquo;Atl\u00e9tico de Madrid, avec option d&rsquo;achat. Peu de temps apr\u00e8s l&rsquo;officialisation du transfert, les Gones ont organis\u00e9 une conf\u00e9rence de presse avec le buteur alg\u00e9rien, le pr\u00e9sident Jean-Michel Aulas et le directeur sportif Juninho. Premier \u00e0 parler, le boss du club a lanc\u00e9 la conf\u00e9rence de presse en souhaitant la bienvenue \u00e0 l&rsquo;ancien joueur de Leicester: \u00abJe suis tr\u00e8s heureux d&rsquo;accueillir Islam. On avait d\u00e9j\u00e0 communiqu\u00e9 en fin d&rsquo;\u00e9t\u00e9, en pensant qu&rsquo;on pouvait se rapprocher un jour ou l&rsquo;autre et l&rsquo;opportunit\u00e9 s&rsquo;est produite. Je voulais aussi remercier Juni qui a pris les choses en main, comme d&rsquo;habitude, pour qu&rsquo;on puisse donner l&rsquo;opportunit\u00e9 \u00e0 Moussa de partir \u00e0 l&rsquo;Atl\u00e9tico en pr\u00eat, avec option d&rsquo;achat, et d&rsquo;accueillir Islam pour un contrat de 18 mois. Islam vient et s&rsquo;est lib\u00e9r\u00e9 de Leicester\u00bb, a d\u00e9clar\u00e9 Aulas comme rapport\u00e9 par FootMercato.<\/p>\n<p><strong>Publi\u00e9 dans :<\/strong> <span>slimani<\/span><\/p>\n<\/div>\n<p>Auteur:<br \/>\n<a href=\"http:\/\/www.lebuteur.com\/article\/detail?titre=ol-le-message-de-bienvenue-daulas-a-slimani&#038;id=98709&#038;utm_source=feedburner&#038;utm_medium=feed&#038;utm_campaign=Feed%3A+GalerieFArtciles+%28Les+derniers+articles++-+lebuteur.com%29\">Cliquez ici pour lire l&rsquo;article depuis sa source.<\/a><\/p>\n","protected":false},"excerpt":{"rendered":"<p>Auteur : mercredi 13 janvier 2021 19:20 Apr\u00e8s plusieurs jours d&rsquo;attente, l&rsquo;Olympique Lyonnais a officialis\u00e9 l&rsquo;arriv\u00e9e d&rsquo;Islam Slimani ce mercredi soir, alors que Moussa Demb\u00e9l\u00e9 a lui \u00e9t\u00e9 pr\u00eat\u00e9 \u00e0 l&rsquo;Atl\u00e9tico de Madrid, avec option d&rsquo;achat. Peu de temps apr\u00e8s l&rsquo;officialisation du transfert, les Gones ont organis\u00e9 une conf\u00e9rence de presse avec le buteur alg\u00e9rien, [&hellip;]<\/p>\n","protected":false},"author":1738,"featured_media":0,"comment_status":"closed","ping_status":"closed","sticky":false,"template":"","format":"standard","meta":{"fifu_image_url":"\/\/cdn.lebuteur.com\/data\/images\/article\/thumbs\/large-ol-le-message-de-bienvenue-daulas-a-slimani-1756d.jpg","fifu_image_alt":"Pros : OL : le message de bienvenue d'Aulas \u00e0 Slimani","footnotes":""},"categories":[53,75],"tags":[],"class_list":["post-109215","post","type-post","status-publish","format-standard","hentry","category-algerie","category-sport"],"_links":{"self":[{"href":"https:\/\/linitiative.ca\/International\/wp-json\/wp\/v2\/posts\/109215","targetHints":{"allow":["GET"]}}],"collection":[{"href":"https:\/\/linitiative.ca\/International\/wp-json\/wp\/v2\/posts"}],"about":[{"href":"https:\/\/linitiative.ca\/International\/wp-json\/wp\/v2\/types\/post"}],"author":[{"embeddable":true,"href":"https:\/\/linitiative.ca\/International\/wp-json\/wp\/v2\/users\/1738"}],"replies":[{"embeddable":true,"href":"https:\/\/linitiative.ca\/International\/wp-json\/wp\/v2\/comments?post=109215"}],"version-history":[{"count":0,"href":"https:\/\/linitiative.ca\/International\/wp-json\/wp\/v2\/posts\/109215\/revisions"}],"wp:attachment":[{"href":"https:\/\/linitiative.ca\/International\/wp-json\/wp\/v2\/media?parent=109215"}],"wp:term":[{"taxonomy":"category","embeddable":true,"href":"https:\/\/linitiative.ca\/International\/wp-json\/wp\/v2\/categories?post=109215"},{"taxonomy":"post_tag","embeddable":true,"href":"https:\/\/linitiative.ca\/International\/wp-json\/wp\/v2\/tags?post=109215"}],"curies":[{"name":"wp","href":"https:\/\/api.w.org\/{rel}","templated":true}]}}