{"id":109219,"date":"2021-01-13T09:42:00","date_gmt":"2021-01-13T14:42:00","guid":{"rendered":"https:\/\/linitiative.ca\/International\/emna-menif-entre-les-populistes-les-tout-islam-politique-et-les-tout-anti-islam-politique\/"},"modified":"2021-01-13T09:42:00","modified_gmt":"2021-01-13T14:42:00","slug":"emna-menif-entre-les-populistes-les-tout-islam-politique-et-les-tout-anti-islam-politique","status":"publish","type":"post","link":"https:\/\/linitiative.ca\/International\/emna-menif-entre-les-populistes-les-tout-islam-politique-et-les-tout-anti-islam-politique\/","title":{"rendered":"Emna Menif: Entre les populistes, les \u00abtout Islam politique\u00bb et les \u00abtout anti-Islam politique\u00bb"},"content":{"rendered":"<p><span class=\"c2\"><strong>Par Emna Menif.<\/strong> <em>M\u00e9decin, active dans la soci\u00e9t\u00e9 civile<\/em><\/span><\/p>\n<p><span class=\"c4\"><span class=\"c3\"><strong>1 &#8211; Que retenez-vous le plus de ces dix derni\u00e8res ann\u00e9es?<\/strong><\/span><\/span><\/p>\n<p>Ce que je retiens avec amertume et regrets, c\u2019est bien le ratage total des forces qui auraient pu \u00eatre d\u00e9mocratiques et sociales. Elles ont d\u2019abord p\u00e9ch\u00e9 par suffisance et na\u00efvet\u00e9. En effet, les oppositions traditionnelles au pouvoir ont trop pr\u00e9jug\u00e9 de leur l\u00e9gitimit\u00e9 naturelle et par cons\u00e9quents de leur in\u00e9luctable victoire. Elles ont m\u00e9pris\u00e9 ou sous-estim\u00e9 les \u00abnouveaux\u00bb. Elles se sont fait avoir par les petits calculs du code \u00e9lectoral, \u00abla proportionnelle aux plus forts restes\u00bb. Finalement, elles ont tourn\u00e9 le dos \u00e0 l\u2019union. Ce fut la claque de 2011.<\/p>\n<p><img decoding=\"async\" src=\"\/uploads\/FCK_files\/Couv-Dix-ans__.jpg\" alt=\"\" width=\"40%\" vspace=\"5\" hspace=\"5\" align=\"right\"\/>Certains l\u2019ont alors jou\u00e9 \u00e0 l\u2019opportunisme, quoiqu\u2019\u00e0 ce jour th\u00e9oris\u00e9 et assum\u00e9, pour se dissoudre dans la Tro\u00efka. Quant aux autres\u2026<\/p>\n<p>S\u2019en sont suivies ces terribles ann\u00e9es o\u00f9 une bataille de survie s\u2019est engag\u00e9e, en majeure partie men\u00e9e par la soci\u00e9t\u00e9 civile. Les \u00ab d\u00e9mocrates \u00bb ont continu\u00e9 \u00e0 faire de la politique d\u2019alc\u00f4ve, de salon, d\u2019arrangements&#8230; Ils ont manqu\u00e9 deux \u00e9l\u00e9ments essentiels. Le premier est d\u2019investir le terrain pour enfin prendre la mesure du gap abyssal qui s\u00e9pare ces \u00e9lites progressistes de la majorit\u00e9 du peuple et construire une l\u00e9gitimit\u00e9 populaire par le travail, le \u00abcorps \u00e0 corps\u00bb indispensable jusque dans les r\u00e9gions les plus recul\u00e9es o\u00f9 la soci\u00e9t\u00e9 civile pr\u00e9sente ne les rencontrait pas ou tr\u00e8s peu. Le deuxi\u00e8me, qui va de pair, est de renouveler leur pens\u00e9e politique, pour ceux qui \u00e9taient d\u00e9j\u00e0 dans l\u2019ar\u00e8ne politique, et faire preuve d\u2019imaginaire pour les nouveaux venus, pour offrir un projet et une vision du monde qu\u2019ils veulent et du devenir possible, en tra\u00e7ant les lignes clivantes et en affirmant une doctrine politique, \u00e9conomique et sociale en mesure de rassembler, rassembler et rassembler\u2026 un front d\u00e9mocratique \u00e9largi, enracin\u00e9 au centre et d\u00e9bordant suffisamment \u00e0 droite et \u00e0 gauche, capable de convaincre pour cr\u00e9er une majorit\u00e9 de pouvoir \u00e0 m\u00eame de gouverner pour conduire les changements n\u00e9cessaires \u00e0 l\u2019\u00e9mancipation sociale, sans compromis ni compromission.<\/p>\n<p>Au lieu de cela, les uns ont continu\u00e9 leur bonhomme de chemin comme si de rien n\u2019\u00e9tait, en se d\u00e9battant dans leurs contradictions et leurs \u00e9ternelles batailles d\u2019ego. Les autres, une majorit\u00e9, se sont laiss\u00e9 aller \u00e0 la facilit\u00e9 et se sont align\u00e9s derri\u00e8re B\u00e9ji Ca\u00efd Essebsi et Nidaa Tounes, dans un premier temps, puis se sont laiss\u00e9 bern\u00e9s par les accords (compromis) de Paris et le Dialogue national, avant de se laisser rouler par le vote utile et, enfin, apr\u00e8s avoir essay\u00e9 de lui trouver mille justifications, se faire fourvoyer par le consensus. Ce fut la trahison de 2014.<\/p>\n<p>La fin du sit-in de l\u2019\u00e9t\u00e9 2013 puis l\u2019issue des \u00e9lections de 2014 ont conduit \u00e0 une sorte de t\u00e9tanie qui a paralys\u00e9 ceux, nombreux, qui se sont investis dans la vie publique parce qu\u2019ils consid\u00e9raient que la r\u00e9volution de 2011 (n\u2019en d\u00e9plaise \u00e0 beaucoup) \u00e9tait une r\u00e9elle opportunit\u00e9 de changement et d\u2019envol pour le pays et son peuple. Ils se sont d\u00e9tourn\u00e9s de la chose publique.<\/p>\n<p>La fin du sit-in de l\u2019\u00e9t\u00e9 2013 puis l\u2019issue des \u00e9lections de 2014 ont r\u00e9veill\u00e9, en revanche, les app\u00e9tits politicards avec l\u2019explosion de petites chapelles partisanes qui ne devaient leur existence qu\u2019\u00e0 quelques aspirants ambitieux et\/ou opportunistes, et aux tribunes m\u00e9diatiques. Ce fut la claque de 2019.<\/p>\n<p>Une dynamique a vu le jour apr\u00e8s le 14 janvier 2011. Des forces politiques se sont r\u00e9v\u00e9l\u00e9es. Certaines historiques d\u2019opposition et de r\u00e9sistance, d\u2019autres nouvelles et motiv\u00e9es. Aucune n\u2019a r\u00e9ussi \u00e0 \u00eatre d\u00e9mocratique parce qu\u2019aucune n\u2019a r\u00e9ussi \u00e0 s\u2019\u00e9manciper du mod\u00e8le autoritaire du parti unique et du leader absolu. Aucune n\u2019a r\u00e9ussi \u00e0 \u00eatre sociale parce qu\u2019aucune n\u2019a r\u00e9ussi \u00e0 cr\u00e9er le lien avec les r\u00e9alit\u00e9s soci\u00e9tales et sociales, aucune n\u2019a r\u00e9ussi \u00e0 \u00e9laborer un projet concret, chiffr\u00e9, r\u00e9aliste et sinc\u00e8re, tout en faisant r\u00eaver les plus jeunes et en donnant envie aux plus anciens de conc\u00e9der encore des sacrifices pour un devenir collectif meilleur.<\/p>\n<p>Le corps \u00e9lectoral des \u00abprogressistes \u00bb continue \u00e0 se laisser bercer par l\u2019illusion du vote utile contre l\u2019Islam politique. Apr\u00e8s Nidaa Tounes, il s\u2019est laiss\u00e9 flouer par Qalb Tounes et n\u2019h\u00e9site pas \u00e0 se laisser berner par le PDL. Le reste de l\u2019essentiel du corps \u00e9lectoral est partag\u00e9 pour partie en inconditionnels de l\u2019Islam politique, et en \u00e9crasante majorit\u00e9 qui n\u2019y croit plus. Le parti des abstentionnistes est aujourd\u2019hui de plus en plus majoritaire, largement majoritaire. Cependant, il sera \u00e0 chaque \u00e9ch\u00e9ance \u00e9lectorale plus difficile \u00e0 mobiliser.<\/p>\n<p><span class=\"c3\"><span class=\"c4\"><strong>2 &#8211; Pensez-vous que la d\u00e9mocratie demeure la v\u00e9ritable voie d\u2019avenir et \u00e0 quelles conditions?\u00a0<\/strong><\/span><\/span><\/p>\n<p>Bien \u00e9videmment, la d\u00e9mocratie demeure et demeurera la voie d\u2019avenir. La d\u00e9mocratie ne se d\u00e9cr\u00e8te pas. C\u2019est un apprentissage long et p\u00e9rilleux, un processus complexe qu\u2019il faut s\u2019approprier. Elle ne se r\u00e9sume pas en la tenue d\u2019\u00e9lections, aussi transparentes et ind\u00e9pendantes soient-elles. Elle ne se limite pas \u00e0 la libert\u00e9 du dire et du faire. Elle s\u2019incarne dans la Libert\u00e9. Elle s\u2019exerce dans la Dignit\u00e9 et le respect de l\u2019Autre dans sa diff\u00e9rence et son alt\u00e9rit\u00e9. Elle se r\u00e9alise dans l\u2019\u00c9galit\u00e9, la Justice et l\u2019\u00c9quit\u00e9.<\/p>\n<p>La situation de d\u00e9litement et de d\u00e9liquescence de l\u2019\u00c9tat \u00e0 laquelle nous assistons aujourd\u2019hui n\u2019est ni le fait de la r\u00e9volution ni celui de la d\u00e9mocratie. Elle est la cons\u00e9quence du peuple, d\u2019une part, dont il faut sans complaisance \u00e9lectoraliste avoir le courage de reconna\u00eetre l\u2019inculture politique, le conservatisme, l\u2019opportunisme dans une large mesure et l\u2019indigence \u00e9conomique et intellectuelle pour une part non n\u00e9gligeable. Elle est, d\u2019autre part, le r\u00e9sultat des arrangements politiques et de l\u2019incomp\u00e9tence du personnel politique.<\/p>\n<p>Il est ind\u00e9niable que la transition d\u00e9mocratique est en situation d\u2019\u00e9chec et la poursuite d\u2019un processus d\u00e9mocratique hautement menac\u00e9e. La pr\u00e9carit\u00e9 \u00e9conomique, les menaces sanitaires et s\u00e9curitaires, l\u2019instabilit\u00e9 politique nourrissent les populismes, d\u2019une part, et les tentations nostalgiques de la restauration d\u2019un r\u00e9gime (du r\u00e9gime) autoritaire, d\u2019autre part. Les acteurs dans ce registre se nourrissent tr\u00e8s bien les uns des autres, se l\u00e9gitiment r\u00e9ciproquement et offrent au quotidien le spectacle affligeant et st\u00e9rile de leurs batailles acharn\u00e9es pour le pouvoir.<\/p>\n<p>A quelles conditions la d\u00e9mocratie pourra demeurer la voie de l\u2019avenir ? Par la douleur et l\u2019endurance, par l\u2019engagement et le travail, par un vrai projet politique d\u00e9mocratique et social. La question est de savoir qui sera \u00e0 m\u00eame de le conduire. Je pense que tous les acteurs de la d\u00e9cennie pass\u00e9e jusqu\u2019\u00e0 cette date sont disqualifi\u00e9s. La voie du salut ne peut venir, \u00e0 mon sens, que de nouvelles figures, celles \u00e9mancip\u00e9es des logiciels fallacieux du bourguibisme et du Destour, p\u00e9rim\u00e9 de l\u2019opposition \u00e0 Ben Ali, d\u00e9pass\u00e9 de la gauche traditionnelle, mensonger des populismes\u2026<\/p>\n<p>Finalement, la vraie menace qui p\u00e8se sur la d\u00e9mocratie et l\u2019avenir du pays, c\u2019est l\u2019\u00e9migration massive des nouvelles \u00e9lites. La condition n\u00e9cessaire \u00e0 notre r\u00e9ussite est de savoir retenir les meilleurs d\u2019entre nous et leur donner envie de mener la bataille.<\/p>\n<p><span class=\"c4\"><span class=\"c3\"><strong>3. \u00cates-vous confiant pour les dix prochaines ann\u00e9es?<\/strong><\/span><\/span><\/p>\n<p>Je suis convaincue que nous allons poursuivre notre descente aux enfers jusqu\u2019\u00e0 la fin de cette mandature. Je ne me fais pas beaucoup d\u2019illusions pour le prochain mandat \u00e9lectoral. Il va se jouer entre les populistes, les \u00abtout Islam politique\u00bb et les \u00abtout anti-Islam politique\u00bb. Je ne sais pas si c\u2019est un v\u0153u pieux ou une hypoth\u00e8se plausible. J\u2019ambitionne que de nouveaux acteurs ancr\u00e9s dans les valeurs d\u2019humanisme, de libert\u00e9 et d\u2019\u00e9galit\u00e9, et d\u2019un imaginaire nouveau, soient d\u00e9j\u00e0 \u00e0 l\u2019\u0153uvre pour fonder un nouveau projet politique d\u00e9mocratique et social.<\/p>\n<p>Il est permis de r\u00eaver\u2026<\/p>\n<p><span class=\"c2\"><strong>Tunisie, Dix ans et dans Dix ans<\/strong><\/span><br \/><em>Ouvrage collectif sous la direction de Taoufik Habaieb<\/em><br \/>Editions Leaders, janvier 2021, 240 pages, 25 DT<\/p>\n<p class=\"c7\"><span class=\"c6\"><a href=\"http:\/\/www.leadersbooks.com.tn\"><span class=\"c5\">www.leadersbooks.com.tn<\/span><\/a><\/span><\/p>\n<p class=\"c9\"><strong>Emna Menif<\/strong><br \/><span class=\"c8\"><em>M\u00e9decin, active dans la soci\u00e9t\u00e9 civile<\/em><\/span><\/p>\n<p><strong>Lire aussi<\/strong><\/p>\n<p><a href=\"https:\/\/www.leaders.com.tn\/article\/31244-fadhel-moussa-la-tunisie-en-quete-d-une-reconfiguration-et-d-une-gouvernementalite\" target=\"_blank\" rel=\"noopener\">Fadhel Moussa: La Tunisie en qu\u00eate d\u2019une reconfiguration et d\u2019une gouvernementalit\u00e9<\/a><\/p>\n<p><a href=\"https:\/\/www.leaders.com.tn\/article\/31241-anis-marrakchi-sauvons-la-democratie-elle-a-des-vertus-que-l-autocratie-ne-peut-avoir\" target=\"_blank\" rel=\"noopener\">Anis Marrakchi: Sauvons la d\u00e9mocratie, elle a des vertus que l\u2019autocratie ne peut avoir<\/a><\/p>\n<p><a href=\"https:\/\/www.leaders.com.tn\/article\/31235-selma-mabrouk-la-revolution-et-apres-video\" target=\"_blank\" rel=\"noopener\">Selma Mabrouk: La r\u00e9volution et apr\u00e8s ? (Vid\u00e9o)<\/a><\/p>\n<p><a href=\"https:\/\/www.leaders.com.tn\/article\/31233-elyes-jouini-oeuvrer-au-retablissement-de-l-espoir\" target=\"_blank\" rel=\"noopener\">Ely\u00e8s Jouini: \u0152uvrer au r\u00e9tablissement de l\u2019espoir<\/a><\/p>\n<p><a href=\"https:\/\/www.leaders.com.tn\/article\/31226-ridha-ben-mosbah-sauver-la-transition-d-un-nouvel-echec-qui-serait-fatal\" target=\"_blank\" rel=\"noopener\">Ridha Ben Mosbah: Sauver la transition d\u2019un nouvel \u00e9chec qui serait fatal<\/a><\/p>\n<p><a href=\"https:\/\/www.leaders.com.tn\/article\/31218-mustapha-ben-jaafar-est-ce-l-heure-du-sursaut\" target=\"_blank\" rel=\"noopener\">Mustapha Ben Jaafar: Est-ce l\u2019heure du sursaut ?<\/a><\/p>\n<p><a href=\"https:\/\/www.leaders.com.tn\/article\/31221-yassine-brahim-plusieurs-batailles-sont-a-mener\" target=\"_blank\" rel=\"noopener\">Yassine Brahim: Plusieurs batailles sont \u00e0 mener&#8230; (Vid\u00e9o)<\/a><\/p>\n<p><a href=\"https:\/\/www.leaders.com.tn\/article\/31220-kamel-jendoubi-le-courage-d-un-peuple\" target=\"_blank\" rel=\"noopener\">Kamel Jendoubi: Le courage d\u2019un peuple<\/a><\/p>\n<p class=\"c7\"><a href=\"https:\/\/www.leaders.com.tn\/article\/31209-yadh-ben-achour-la-revolution-un-rappel-de-memoire\" target=\"_blank\" rel=\"noopener\">Yadh Ben Achour: La r\u00e9volution, un rappel de m\u00e9moire<\/a><\/p>\n<p class=\"c7\"><a href=\"https:\/\/www.leaders.com.tn\/article\/31191-mustapha-kamel-nabli-la-longue-marche-de-la-tunisie-de-l-espoir-fou-vers-le-grand-desespoir\" target=\"_blank\" rel=\"noopener\">Mustapha Kamel Nabli: La longue marche de la Tunisie de l\u2019\u00abespoir fou\u00bb vers le \u00abgrand d\u00e9sespoir\u00bb (Vid\u00e9o)<\/a><\/p>\n<p class=\"c7\"><a href=\"https:\/\/www.leaders.com.tn\/article\/31195-hakim-el-karoui-en-preface-du-livre-tunisie-dix-ans-et-dans-dix-ans-une-tunisie-democratique-libre-et-toujours-debout\" target=\"_blank\" rel=\"noopener\">Hakim El Karoui, en pr\u00e9face du livre Tunisie, Dix ans et dans Dix ans : Une Tunisie d\u00e9mocratique, libre et toujours debout<\/a><\/p>\n<p class=\"c7\"><a href=\"https:\/\/www.leaders.com.tn\/article\/31190-tunisie-2011-2021-ce-qu-il-faut-retenir-et-ce-qu-il-faut-batir-une-serie-d-interviews-video-et-un-ouvrage-collectif\" target=\"_blank\" rel=\"noopener\">Tunisie 2011 \u2013 2021 : Ce qu\u2019il faut retenir et ce qu\u2019il faut b\u00e2tir : une s\u00e9rie d\u2019interviews vid\u00e9o et un ouvrage collectif<\/a><\/p>\n<p class=\"c7\"><a href=\"https:\/\/www.leaders.com.tn\/article\/31189-mustapha-kamel-nabli-une-etroite-voie-de-sortie-existe-a-condition-video\" target=\"_blank\" rel=\"noopener\">Mustapha Kamel Nabli : Une \u00e9troite voie de sortie existe, \u00e0 condition &#8230; (Vid\u00e9o)<\/a><\/p>\n<p>Auteur:<br \/>\n<a href=\"https:\/\/www.leaders.com.tn\/article\/31250-emna-menif-entre-les-populistes-les-tout-islam-politique-et-les-tout-anti-islam-politique\">Cliquez ici pour lire l&rsquo;article depuis sa source.<\/a><\/p>\n","protected":false},"excerpt":{"rendered":"<p>Par Emna Menif. M\u00e9decin, active dans la soci\u00e9t\u00e9 civile 1 &#8211; Que retenez-vous le plus de ces dix derni\u00e8res ann\u00e9es? Ce que je retiens avec amertume et regrets, c\u2019est bien le ratage total des forces qui auraient pu \u00eatre d\u00e9mocratiques et sociales. Elles ont d\u2019abord p\u00e9ch\u00e9 par suffisance et na\u00efvet\u00e9. En effet, les oppositions traditionnelles [&hellip;]<\/p>\n","protected":false},"author":1772,"featured_media":0,"comment_status":"closed","ping_status":"closed","sticky":false,"template":"","format":"standard","meta":{"fifu_image_url":"\/uploads\/FCK_files\/Couv-Dix-ans__.jpg","fifu_image_alt":"Emna Menif: Entre les populistes, les \u00abtout Islam politique\u00bb et les \u00abtout anti-Islam politique\u00bb","footnotes":""},"categories":[73,55],"tags":[],"class_list":["post-109219","post","type-post","status-publish","format-standard","hentry","category-actualite","category-tunisie"],"_links":{"self":[{"href":"https:\/\/linitiative.ca\/International\/wp-json\/wp\/v2\/posts\/109219","targetHints":{"allow":["GET"]}}],"collection":[{"href":"https:\/\/linitiative.ca\/International\/wp-json\/wp\/v2\/posts"}],"about":[{"href":"https:\/\/linitiative.ca\/International\/wp-json\/wp\/v2\/types\/post"}],"author":[{"embeddable":true,"href":"https:\/\/linitiative.ca\/International\/wp-json\/wp\/v2\/users\/1772"}],"replies":[{"embeddable":true,"href":"https:\/\/linitiative.ca\/International\/wp-json\/wp\/v2\/comments?post=109219"}],"version-history":[{"count":0,"href":"https:\/\/linitiative.ca\/International\/wp-json\/wp\/v2\/posts\/109219\/revisions"}],"wp:attachment":[{"href":"https:\/\/linitiative.ca\/International\/wp-json\/wp\/v2\/media?parent=109219"}],"wp:term":[{"taxonomy":"category","embeddable":true,"href":"https:\/\/linitiative.ca\/International\/wp-json\/wp\/v2\/categories?post=109219"},{"taxonomy":"post_tag","embeddable":true,"href":"https:\/\/linitiative.ca\/International\/wp-json\/wp\/v2\/tags?post=109219"}],"curies":[{"name":"wp","href":"https:\/\/api.w.org\/{rel}","templated":true}]}}