{"id":109222,"date":"2021-01-13T13:12:00","date_gmt":"2021-01-13T18:12:00","guid":{"rendered":"https:\/\/linitiative.ca\/International\/abdelaziz-kacem-la-tunisie-dun-non-etat-a-un-etat-kamourise-video\/"},"modified":"2021-01-13T13:12:00","modified_gmt":"2021-01-13T18:12:00","slug":"abdelaziz-kacem-la-tunisie-dun-non-etat-a-un-etat-kamourise-video","status":"publish","type":"post","link":"https:\/\/linitiative.ca\/International\/abdelaziz-kacem-la-tunisie-dun-non-etat-a-un-etat-kamourise-video\/","title":{"rendered":"Abdelaziz Kacem : La Tunisie, d\u2019un non-Etat \u00e0 un Etat Kamouris\u00e9 (Vid\u00e9o)"},"content":{"rendered":"<p>\u00ab Nous n\u2019avons pas fait une r\u00e9volution. De quelle r\u00e9volution parle-t-on ! \u00bb Po\u00e8te et essayiste, le professeur Abdelaziz Kacem est dans l\u2019indignation. D\u00e8s les premi\u00e8res semaines apr\u00e8s le 14 janvier 2011, des milliers de jeunes tunisiens, pris de d\u00e9sespoir, ont pris la mer pour rejoindre Lampedusa. Pour lui, ce geste est fort symbolique d\u2019un d\u00e9senchantement, pr\u00e9coce. La Tunisie est entr\u00e9e dans un non-Etat, pour basculer rapidement vers un Etat Kamouris\u00e9.<\/p>\n<p class=\"c2\"><iframe loading=\"lazy\" src=\"https:\/\/www.youtube.com\/embed\/KCIkRDH6JcU\" allow=\"accelerometer; autoplay; clipboard-write; encrypted-media; gyroscope; picture-in-picture\" allowfullscreen=\"\" width=\"560\" height=\"315\" frameborder=\"0\">[embedded content]<\/iframe><\/p>\n<p><strong>Voir aussi :<\/strong> <a href=\"https:\/\/www.leaders.com.tn\/article\/31254-abdelaziz-kacem-un-printemps-qui-n-en-est-pas-un-video\" target=\"_blank\" rel=\"noopener\">L&rsquo;interview int\u00e9grale<\/a><\/p>\n<p><strong>Lire aussi<\/strong><\/p>\n<p><a href=\"https:\/\/www.leaders.com.tn\/article\/31254-abdelaziz-kacem-un-printemps-qui-n-en-est-pas-un-video\" target=\"_blank\" rel=\"noopener\">Le texte int\u00e9gral ins\u00e9r\u00e9 dans le livre \u00ab\u00a0Tunisie, Dix ans et dans Dix ans\u00a0\u00bb<\/a><\/p>\n<p><a href=\"https:\/\/www.leaders.com.tn\/article\/31250-emna-menif-entre-les-populistes-les-tout-islam-politique-et-les-tout-anti-islam-politique\" target=\"_blank\" rel=\"noopener\">Emna Menif: Entre les populistes, les \u00abtout Islam politique\u00bb et les \u00abtout anti-Islam politique\u00bb<\/a><\/p>\n<p><a href=\"https:\/\/www.leaders.com.tn\/article\/31244-fadhel-moussa-la-tunisie-en-quete-d-une-reconfiguration-et-d-une-gouvernementalite\" target=\"_blank\" rel=\"noopener\">Fadhel Moussa: La Tunisie en qu\u00eate d\u2019une reconfiguration et d\u2019une gouvernementalit\u00e9<\/a><\/p>\n<p><a href=\"https:\/\/www.leaders.com.tn\/article\/31241-anis-marrakchi-sauvons-la-democratie-elle-a-des-vertus-que-l-autocratie-ne-peut-avoir\" target=\"_blank\" rel=\"noopener\">Anis Marrakchi: Sauvons la d\u00e9mocratie, elle a des vertus que l\u2019autocratie ne peut avoir<\/a><\/p>\n<p><a href=\"https:\/\/www.leaders.com.tn\/article\/31235-selma-mabrouk-la-revolution-et-apres-video\" target=\"_blank\" rel=\"noopener\">Selma Mabrouk: La r\u00e9volution et apr\u00e8s ? (Vid\u00e9o)<\/a><\/p>\n<p><a href=\"https:\/\/www.leaders.com.tn\/article\/31233-elyes-jouini-oeuvrer-au-retablissement-de-l-espoir\" target=\"_blank\" rel=\"noopener\">Ely\u00e8s Jouini: \u0152uvrer au r\u00e9tablissement de l\u2019espoir<\/a><\/p>\n<p><a href=\"https:\/\/www.leaders.com.tn\/article\/31226-ridha-ben-mosbah-sauver-la-transition-d-un-nouvel-echec-qui-serait-fatal\" target=\"_blank\" rel=\"noopener\">Ridha Ben Mosbah: Sauver la transition d\u2019un nouvel \u00e9chec qui serait fatal<\/a><\/p>\n<p><a href=\"https:\/\/www.leaders.com.tn\/article\/31218-mustapha-ben-jaafar-est-ce-l-heure-du-sursaut\" target=\"_blank\" rel=\"noopener\">Mustapha Ben Jaafar: Est-ce l\u2019heure du sursaut ?<\/a><\/p>\n<p><a href=\"https:\/\/www.leaders.com.tn\/article\/31221-yassine-brahim-plusieurs-batailles-sont-a-mener\" target=\"_blank\" rel=\"noopener\">Yassine Brahim: Plusieurs batailles sont \u00e0 mener&#8230; (Vid\u00e9o)<\/a><\/p>\n<p><a href=\"https:\/\/www.leaders.com.tn\/article\/31220-kamel-jendoubi-le-courage-d-un-peuple\" target=\"_blank\" rel=\"noopener\">Kamel Jendoubi: Le courage d\u2019un peuple<\/a><\/p>\n<p class=\"c3\"><a href=\"https:\/\/www.leaders.com.tn\/article\/31209-yadh-ben-achour-la-revolution-un-rappel-de-memoire\" target=\"_blank\" rel=\"noopener\">Yadh Ben Achour: La r\u00e9volution, un rappel de m\u00e9moire<\/a><\/p>\n<p class=\"c3\"><a href=\"https:\/\/www.leaders.com.tn\/article\/31191-mustapha-kamel-nabli-la-longue-marche-de-la-tunisie-de-l-espoir-fou-vers-le-grand-desespoir\" target=\"_blank\" rel=\"noopener\">Mustapha Kamel Nabli: La longue marche de la Tunisie de l\u2019\u00abespoir fou\u00bb vers le \u00abgrand d\u00e9sespoir\u00bb (Vid\u00e9o)<\/a><\/p>\n<p class=\"c3\"><a href=\"https:\/\/www.leaders.com.tn\/article\/31195-hakim-el-karoui-en-preface-du-livre-tunisie-dix-ans-et-dans-dix-ans-une-tunisie-democratique-libre-et-toujours-debout\" target=\"_blank\" rel=\"noopener\">Hakim El Karoui, en pr\u00e9face du livre Tunisie, Dix ans et dans Dix ans : Une Tunisie d\u00e9mocratique, libre et toujours debout<\/a><\/p>\n<p class=\"c3\"><a href=\"https:\/\/www.leaders.com.tn\/article\/31190-tunisie-2011-2021-ce-qu-il-faut-retenir-et-ce-qu-il-faut-batir-une-serie-d-interviews-video-et-un-ouvrage-collectif\" target=\"_blank\" rel=\"noopener\">Tunisie 2011 \u2013 2021 : Ce qu\u2019il faut retenir et ce qu\u2019il faut b\u00e2tir : une s\u00e9rie d\u2019interviews vid\u00e9o et un ouvrage collectif<\/a><\/p>\n<p class=\"c3\"><a href=\"https:\/\/www.leaders.com.tn\/article\/31189-mustapha-kamel-nabli-une-etroite-voie-de-sortie-existe-a-condition-video\" target=\"_blank\" rel=\"noopener\">Mustapha Kamel Nabli : Une \u00e9troite voie de sortie existe, \u00e0 condition &#8230; (Vid\u00e9o)<\/a><\/p>\n<p>Auteur:<br \/>\n<a href=\"https:\/\/www.leaders.com.tn\/article\/31253-abdelaziz-kacem-la-tunisie-d-un-non-etat-a-un-etat-kamourise-video\">Cliquez ici pour lire l&rsquo;article depuis sa source.<\/a><\/p>\n","protected":false},"excerpt":{"rendered":"<p>\u00ab Nous n\u2019avons pas fait une r\u00e9volution. De quelle r\u00e9volution parle-t-on ! \u00bb Po\u00e8te et essayiste, le professeur Abdelaziz Kacem est dans l\u2019indignation. D\u00e8s les premi\u00e8res semaines apr\u00e8s le 14 janvier 2011, des milliers de jeunes tunisiens, pris de d\u00e9sespoir, ont pris la mer pour rejoindre Lampedusa. Pour lui, ce geste est fort symbolique d\u2019un [&hellip;]<\/p>\n","protected":false},"author":1772,"featured_media":0,"comment_status":"closed","ping_status":"closed","sticky":false,"template":"","format":"standard","meta":{"fifu_image_url":"","fifu_image_alt":"","footnotes":""},"categories":[73,55],"tags":[],"class_list":["post-109222","post","type-post","status-publish","format-standard","hentry","category-actualite","category-tunisie"],"_links":{"self":[{"href":"https:\/\/linitiative.ca\/International\/wp-json\/wp\/v2\/posts\/109222","targetHints":{"allow":["GET"]}}],"collection":[{"href":"https:\/\/linitiative.ca\/International\/wp-json\/wp\/v2\/posts"}],"about":[{"href":"https:\/\/linitiative.ca\/International\/wp-json\/wp\/v2\/types\/post"}],"author":[{"embeddable":true,"href":"https:\/\/linitiative.ca\/International\/wp-json\/wp\/v2\/users\/1772"}],"replies":[{"embeddable":true,"href":"https:\/\/linitiative.ca\/International\/wp-json\/wp\/v2\/comments?post=109222"}],"version-history":[{"count":0,"href":"https:\/\/linitiative.ca\/International\/wp-json\/wp\/v2\/posts\/109222\/revisions"}],"wp:attachment":[{"href":"https:\/\/linitiative.ca\/International\/wp-json\/wp\/v2\/media?parent=109222"}],"wp:term":[{"taxonomy":"category","embeddable":true,"href":"https:\/\/linitiative.ca\/International\/wp-json\/wp\/v2\/categories?post=109222"},{"taxonomy":"post_tag","embeddable":true,"href":"https:\/\/linitiative.ca\/International\/wp-json\/wp\/v2\/tags?post=109222"}],"curies":[{"name":"wp","href":"https:\/\/api.w.org\/{rel}","templated":true}]}}