{"id":109223,"date":"2021-01-13T05:00:00","date_gmt":"2021-01-13T10:00:00","guid":{"rendered":"https:\/\/linitiative.ca\/International\/la-malaisie-declare-letat-durgence-apres-une-resurgence-du-covid-19\/"},"modified":"2021-01-13T05:00:00","modified_gmt":"2021-01-13T10:00:00","slug":"la-malaisie-declare-letat-durgence-apres-une-resurgence-du-covid-19","status":"publish","type":"post","link":"https:\/\/linitiative.ca\/International\/la-malaisie-declare-letat-durgence-apres-une-resurgence-du-covid-19\/","title":{"rendered":"La Malaisie d\u00e9clare l&rsquo;\u00e9tat d&rsquo;urgence apr\u00e8s une r\u00e9surgence du Covid-19"},"content":{"rendered":"<p class=\"c4\">Le roi de Malaisie a d\u00e9clar\u00e9 mardi l&rsquo;\u00e9tat d&rsquo;urgence national pour faire face \u00e0 une r\u00e9surgence rapide de l&rsquo;\u00e9pid\u00e9mie de coronavirus dans ce pays d&rsquo;Asie du Sud-Est o\u00f9 le Parlement a \u00e9t\u00e9 suspendu dans la foul\u00e9e.<br \/>Le sultan Abdullah Shah \u00abestime que l&rsquo;\u00e9pid\u00e9mie de Covid-19 dans le pays est \u00e0 un stade tr\u00e8s critique\u00bb et que l&rsquo;\u00e9tat d&rsquo;urgence \u00abest n\u00e9cessaire\u00bb, selon un communiqu\u00e9 du palais.<br \/>Le Premier ministre Muhyiddin Yassin, qui avait r\u00e9clam\u00e9 cette mesure la veille, a confirm\u00e9 mardi que le Parlement serait suspendu et qu&rsquo;aucune \u00e9lection ne se tiendrait dans un avenir proche.<br \/>Mais l&rsquo;opposition a s\u00e9v\u00e8rement critiqu\u00e9 cette d\u00e9cision qu&rsquo;elle voit comme un abus de pouvoir prenant pour pr\u00e9texte l&rsquo;\u00e9pid\u00e9mie.<br \/>Le chef de l&rsquo;ex\u00e9cutif malaisien, en place depuis 10 mois, a pr\u00e9cis\u00e9 que \u00able gouvernement civil continuera \u00e0 fonctionner\u00bb, au cours d&rsquo;un discours t\u00e9l\u00e9vis\u00e9.<br \/>\u00abL&rsquo;\u00e9tat d&rsquo;urgence (&#8230;) n&rsquo;est pas un coup d&rsquo;\u00c9tat militaire et il n&rsquo;y aura pas de couvre-feu\u00bb, a-t-il assur\u00e9.<br \/>Cette annonce intervient au moment o\u00f9 le Premier ministre Muhyiddin Yassin para\u00eet affaibli avec le r\u00e9cent retrait de partis de sa coalition qui risquait de faire tomber son gouvernement.<br \/>Le Premier ministre a promis que des \u00e9lections g\u00e9n\u00e9rales pourraient se tenir d\u00e8s que l&rsquo;\u00e9pid\u00e9mie sera sous contr\u00f4le.<br \/>\u00abLes pouvoirs d&rsquo;exception donnent au Premier ministre le pouvoir absolu de faire ce qu&rsquo;il veut\u00bb, a cependant d\u00e9nonc\u00e9 le Pacte de l&rsquo;espoir, une alliance de partis d&rsquo;opposition dans un communiqu\u00e9.<br \/>L&rsquo;\u00e9tat d&rsquo;urgence sera impos\u00e9 jusqu&rsquo;au premier ao\u00fbt mais pourra \u00eatre lev\u00e9 plus t\u00f4t si la situation s&rsquo;am\u00e9liore.<br \/>Il permet au gouvernement de prendre le contr\u00f4le des h\u00f4pitaux priv\u00e9s au moment o\u00f9 le syst\u00e8me de sant\u00e9 publique est d\u00e9bord\u00e9 et de solliciter l&rsquo;aide de l&rsquo;arm\u00e9e et de la police pour lutter contre la pand\u00e9mie.<br \/>Le Premier ministre avait annonc\u00e9 lundi de nouvelles restrictions dans plus de la moiti\u00e9 du pays pour deux semaines, expliquant que le syst\u00e8me de sant\u00e9 \u00e9tait \u00absur le point de rompre\u00bb.\u00a0<br \/>Les habitants des zones concern\u00e9es, qui incluent la capitale Kuala Lumpur, ne doivent pas quitter leur domicile sauf pour des achats indispensables et la plupart des entreprises non essentielles doivent fermer. Les d\u00e9placements entre les diff\u00e9rents \u00c9tats du pays ont \u00e9t\u00e9 interdits.<br \/>La Malaisie, un pays de 31 millions d&rsquo;habitants, avait r\u00e9ussi \u00e0 ma\u00eetriser l&rsquo;\u00e9pid\u00e9mie l&rsquo;an dernier gr\u00e2ce \u00e0 une p\u00e9riode de confinement strict.<br \/>Mais le pays assiste \u00e0 un rebond de l&rsquo;\u00e9pid\u00e9mie depuis plusieurs semaines et a enregistr\u00e9 3 309 nouveaux cas de Covid-19 mardi, un record, pour un total de 141 000 et 559 morts.<\/p>\n<p>Auteur:<br \/>\n<a href=\"https:\/\/www.lesoirdalgerie.com\/monde\/la-malaisie-declare-letat-durgence-apres-une-resurgence-du-covid-19-54545\">Cliquez ici pour lire l&rsquo;article depuis sa source.<\/a><\/p>\n","protected":false},"excerpt":{"rendered":"<p>Le roi de Malaisie a d\u00e9clar\u00e9 mardi l&rsquo;\u00e9tat d&rsquo;urgence national pour faire face \u00e0 une r\u00e9surgence rapide de l&rsquo;\u00e9pid\u00e9mie de coronavirus dans ce pays d&rsquo;Asie du Sud-Est o\u00f9 le Parlement a \u00e9t\u00e9 suspendu dans la foul\u00e9e.Le sultan Abdullah Shah \u00abestime que l&rsquo;\u00e9pid\u00e9mie de Covid-19 dans le pays est \u00e0 un stade tr\u00e8s critique\u00bb et que [&hellip;]<\/p>\n","protected":false},"author":1741,"featured_media":0,"comment_status":"closed","ping_status":"closed","sticky":false,"template":"","format":"standard","meta":{"fifu_image_url":"","fifu_image_alt":"","footnotes":""},"categories":[73,53],"tags":[],"class_list":["post-109223","post","type-post","status-publish","format-standard","hentry","category-actualite","category-algerie"],"_links":{"self":[{"href":"https:\/\/linitiative.ca\/International\/wp-json\/wp\/v2\/posts\/109223","targetHints":{"allow":["GET"]}}],"collection":[{"href":"https:\/\/linitiative.ca\/International\/wp-json\/wp\/v2\/posts"}],"about":[{"href":"https:\/\/linitiative.ca\/International\/wp-json\/wp\/v2\/types\/post"}],"author":[{"embeddable":true,"href":"https:\/\/linitiative.ca\/International\/wp-json\/wp\/v2\/users\/1741"}],"replies":[{"embeddable":true,"href":"https:\/\/linitiative.ca\/International\/wp-json\/wp\/v2\/comments?post=109223"}],"version-history":[{"count":0,"href":"https:\/\/linitiative.ca\/International\/wp-json\/wp\/v2\/posts\/109223\/revisions"}],"wp:attachment":[{"href":"https:\/\/linitiative.ca\/International\/wp-json\/wp\/v2\/media?parent=109223"}],"wp:term":[{"taxonomy":"category","embeddable":true,"href":"https:\/\/linitiative.ca\/International\/wp-json\/wp\/v2\/categories?post=109223"},{"taxonomy":"post_tag","embeddable":true,"href":"https:\/\/linitiative.ca\/International\/wp-json\/wp\/v2\/tags?post=109223"}],"curies":[{"name":"wp","href":"https:\/\/api.w.org\/{rel}","templated":true}]}}