{"id":109225,"date":"2021-01-13T05:00:00","date_gmt":"2021-01-13T10:00:00","guid":{"rendered":"https:\/\/linitiative.ca\/International\/nouvelles-attributions\/"},"modified":"2021-01-13T05:00:00","modified_gmt":"2021-01-13T10:00:00","slug":"nouvelles-attributions","status":"publish","type":"post","link":"https:\/\/linitiative.ca\/International\/nouvelles-attributions\/","title":{"rendered":"Nouvelles attributions"},"content":{"rendered":"<p>Les attributions du ministre de l\u2019\u00c9nergie viennent d\u2019\u00eatre fix\u00e9es par un d\u00e9cret\u00a0 ex\u00e9cutif. Un \u00abr\u00e9am\u00e9nagement\u00bb rendu n\u00e9cessaire par les mutations connues par le strat\u00e9gique minist\u00e8re de l\u2019\u00c9nergie, d\u00e9sormais dissoci\u00e9 du secteur des mines, d\u2019une part, et qui est, d\u2019autre part, second\u00e9, en quelque sorte, dans ce domaine, par un autre d\u00e9partement minist\u00e9riel, celui des \u00e9nergies renouvelables.<\/p>\n<p>Auteur:<br \/>\n<a href=\"https:\/\/www.lesoirdalgerie.com\/periscoop\/nouvelles-attributions-54543\">Cliquez ici pour lire l&rsquo;article depuis sa source.<\/a><\/p>\n","protected":false},"excerpt":{"rendered":"<p>Les attributions du ministre de l\u2019\u00c9nergie viennent d\u2019\u00eatre fix\u00e9es par un d\u00e9cret\u00a0 ex\u00e9cutif. Un \u00abr\u00e9am\u00e9nagement\u00bb rendu n\u00e9cessaire par les mutations connues par le strat\u00e9gique minist\u00e8re de l\u2019\u00c9nergie, d\u00e9sormais dissoci\u00e9 du secteur des mines, d\u2019une part, et qui est, d\u2019autre part, second\u00e9, en quelque sorte, dans ce domaine, par un autre d\u00e9partement minist\u00e9riel, celui des \u00e9nergies [&hellip;]<\/p>\n","protected":false},"author":1741,"featured_media":0,"comment_status":"closed","ping_status":"closed","sticky":false,"template":"","format":"standard","meta":{"fifu_image_url":"","fifu_image_alt":"","footnotes":""},"categories":[73,53],"tags":[],"class_list":["post-109225","post","type-post","status-publish","format-standard","hentry","category-actualite","category-algerie"],"_links":{"self":[{"href":"https:\/\/linitiative.ca\/International\/wp-json\/wp\/v2\/posts\/109225","targetHints":{"allow":["GET"]}}],"collection":[{"href":"https:\/\/linitiative.ca\/International\/wp-json\/wp\/v2\/posts"}],"about":[{"href":"https:\/\/linitiative.ca\/International\/wp-json\/wp\/v2\/types\/post"}],"author":[{"embeddable":true,"href":"https:\/\/linitiative.ca\/International\/wp-json\/wp\/v2\/users\/1741"}],"replies":[{"embeddable":true,"href":"https:\/\/linitiative.ca\/International\/wp-json\/wp\/v2\/comments?post=109225"}],"version-history":[{"count":0,"href":"https:\/\/linitiative.ca\/International\/wp-json\/wp\/v2\/posts\/109225\/revisions"}],"wp:attachment":[{"href":"https:\/\/linitiative.ca\/International\/wp-json\/wp\/v2\/media?parent=109225"}],"wp:term":[{"taxonomy":"category","embeddable":true,"href":"https:\/\/linitiative.ca\/International\/wp-json\/wp\/v2\/categories?post=109225"},{"taxonomy":"post_tag","embeddable":true,"href":"https:\/\/linitiative.ca\/International\/wp-json\/wp\/v2\/tags?post=109225"}],"curies":[{"name":"wp","href":"https:\/\/api.w.org\/{rel}","templated":true}]}}